{"id":32299,"date":"2020-07-16T13:04:45","date_gmt":"2020-07-16T10:04:45","guid":{"rendered":"https:\/\/emlaktuel.com\/?p=32299"},"modified":"2020-07-16T13:04:45","modified_gmt":"2020-07-16T10:04:45","slug":"yildiz-entegreden-bir-ilk-cek-sec-uygula","status":"publish","type":"post","link":"https:\/\/emlaktuel.com\/?p=32299","title":{"rendered":"Y\u0131ld\u0131z Entegre&#8217;den bir ilk: &#8216;\u00c7ek, Se\u00e7, Uygula!&#8217;"},"content":{"rendered":"<p style=\"font-weight: 400;\"><strong>Art\u0131r\u0131lm\u0131\u015f ger\u00e7eklikle\u00a0parke se\u00e7me d\u00f6nemi ba\u015fl\u0131yor.\u00a0<\/strong><strong>Son y\u0131llarda dijitalle\u015fmeye yapt\u0131\u011f\u0131 yat\u0131r\u0131mlarla ad\u0131ndan s\u00f6z ettiren Y\u0131ld\u0131z Entegre, T\u00fcrkiye\u2019de bir ilk olan yeni parke se\u00e7im uygulamas\u0131n\u0131 tan\u0131tt\u0131. Devrim niteli\u011findeki uygulama \u201c\u00c7ek, Se\u00e7, Uygula!\u201d ile art\u0131k kullan\u0131c\u0131lar, istedikleri parke modelini sadece saniyeler i\u00e7erisinde mobil telefonlar\u0131 ya da bilgisayar ekranlar\u0131 arac\u0131l\u0131\u011f\u0131yla odalar\u0131n\u0131n zemininde g\u00f6rebilecekler.<\/strong><\/p>\n<p style=\"font-weight: 400;\"><strong>Uygulama, zemin \u00fczerindeki mobilya, hal\u0131 gibi nesneleri ve kot farklar\u0131n\u0131 da alg\u0131layarak t\u00fcketicilere hayallerindeki tasar\u0131m\u0131 mekanlar\u0131na hatas\u0131z uygulama f\u0131rsat\u0131 sa\u011fl\u0131yor, parke de\u011fi\u015fim s\u00fcrecindeki t\u00fcm belirsizlikler ortadan kalk\u0131yor.<\/strong><\/p>\n<p style=\"font-weight: 400;\">Orman \u00fcr\u00fcnleri sekt\u00f6r\u00fcn\u00fcn T\u00fcrkiye\u2019deki pazar lideri markas\u0131 Y\u0131ld\u0131z Entegre, son y\u0131llarda farkl\u0131 sekt\u00f6rlerde hayat\u0131m\u0131za giren art\u0131r\u0131lm\u0131\u015f ger\u00e7ekli\u011fi \u015fimdi de parkeye ta\u015f\u0131d\u0131. T\u00fcrkiye\u2019de ilk kez Y\u0131ld\u0131z Entegre taraf\u0131ndan sekt\u00f6re kazand\u0131r\u0131lan \u201c\u00c7ek, Se\u00e7, Uygula!\u201d uygulamas\u0131yla art\u0131k kullan\u0131c\u0131lar, parke se\u00e7imlerinde teknolojiden faydalanacak; hangi parkenin hangi odada nas\u0131l duraca\u011f\u0131n\u0131 dijital ortamda g\u00f6rebilecek.<\/p>\n<h2 style=\"font-weight: 400;\"><strong>Yeni uygulama nas\u0131l i\u015fliyor?<\/strong><\/h2>\n<p style=\"font-weight: 400;\">Uygulaman\u0131n \u00e7al\u0131\u015fma sistemi de olduk\u00e7a basit. Hem ev hem de ofis tasar\u0131mlar\u0131nda kullan\u0131labilecek uygulama kapsam\u0131nda kullan\u0131c\u0131lar, parke de\u011fi\u015fimi d\u00fc\u015f\u00fcnd\u00fckleri mekanlar\u0131n foto\u011fraflar\u0131n\u0131 \u00e7ekecek. Y\u0131ld\u0131z Entegre mobil aplikasyonu ya da Y\u0131ld\u0131z Entegre internet sitesindeki \u201c\u00c7ek, Se\u00e7, Uygula!\u201d b\u00f6l\u00fcm\u00fcne bu foto\u011fraflar y\u00fcklenecek. Sisteme y\u00fcklenen foto\u011fraflar \u00fczerinden, kullan\u0131c\u0131lar VarioClic ve TerraClick \u00fcr\u00fcn grubundaki model ve renk se\u00e7ene\u011finde parkeleri odalar\u0131n\u0131n zemininde g\u00f6rebilecek; model ya da renk tercihlerini de zevklerine ve odan\u0131n uyumuna g\u00f6re yapabilecek.<\/p>\n<h2 style=\"font-weight: 400;\"><strong>Dijital d\u00f6n\u00fc\u015f\u00fcm i\u00e7in b\u00fcy\u00fck yat\u0131r\u0131m<\/strong><\/h2>\n<p style=\"font-weight: 400;\">Konuyla ilgili de\u011ferlendirmelerde bulunan Y\u0131ld\u0131z Entegre Pazarlama ve Kurumsal \u0130leti\u015fim M\u00fcd\u00fcr\u00fc Ercan \u015eahin, \u015firket olarak son d\u00f6nemde dijital d\u00f6n\u00fc\u015f\u00fcm s\u00fcre\u00e7lerine \u00e7ok b\u00fcy\u00fck yat\u0131r\u0131m yapt\u0131klar\u0131n\u0131n alt\u0131n\u0131 \u00e7izerken, \u201cBug\u00fcn t\u00fcm sekt\u00f6rlerde fark yaratman\u0131n yolu, dijital d\u00f6n\u00fc\u015f\u00fcm\u00fc i\u015f s\u00fcre\u00e7lerine entegre etmekten, teknolojiyi sahiplenmekten ge\u00e7iyor. Y\u0131ld\u0131z Entegre olarak, inovasyonu temel alan yakla\u015f\u0131m\u0131m\u0131zla bir yandan \u00fcretim s\u00fcre\u00e7lerimizi geli\u015ftirirken bir yandan da pazarlama alan\u0131nda m\u00fc\u015fteri deneyimini g\u00fc\u00e7lendirecek ad\u0131mlar at\u0131yoruz\u201d dedi.<\/p>\n<h2 style=\"font-weight: 400;\"><strong>\u00dclkemizde bir ilki ger\u00e7ekle\u015ftirdik<\/strong><\/h2>\n<p style=\"font-weight: 400;\">Ge\u00e7ti\u011fimiz d\u00f6nemde dijital katalog y\u00f6netim sistemini t\u00fcm \u00fcr\u00fcn gruplar\u0131nda devreye ald\u0131klar\u0131n\u0131; bunun yan\u0131nda 3D Kartela ve Sanal Showroom gibi sekt\u00f6rde \u00f6nc\u00fc \u00e7ok say\u0131da uygulamay\u0131 hayata ge\u00e7irdiklerini ifade eden Ercan \u015eahin, \u201c\u015eimdi de \u2018\u00c7ek, Se\u00e7, Uygula!\u2019 ad\u0131n\u0131 verdi\u011fimiz uygulamam\u0131z ile sekt\u00f6rde bir ilke imza atman\u0131n mutlulu\u011funu ya\u015f\u0131yoruz. Y\u0131ld\u0131z Entegre\u2019nin dijital odakl\u0131 d\u00f6n\u00fc\u015f\u00fcm\u00fcn\u00fcn bir par\u00e7as\u0131 olan bu uygulama ile t\u00fcm t\u00fcketicilerimiz tercih s\u00fcre\u00e7lerini iyile\u015ftirmeyi; teknolojinin bizlere sundu\u011fu f\u0131rsatlar\u0131 evlerimizin ve ofislerimizin esteti\u011fi i\u00e7in kullan\u0131yoruz. T\u00fcrkiye\u2019de ilk kez bir orman \u00fcr\u00fcnleri firmas\u0131 taraf\u0131ndan sunulan bu uygulaman\u0131n m\u00fc\u015fteri deneyimi anlam\u0131nda b\u00fcy\u00fck fark yarataca\u011f\u0131n\u0131 d\u00fc\u015f\u00fcn\u00fcyoruz\u201d dedi.<\/p>\n<h2 style=\"font-weight: 400;\"><strong>Dijital ortamda tasar\u0131m s\u00fcreci<\/strong><\/h2>\n<p style=\"font-weight: 400;\">Bug\u00fcn parke se\u00e7im s\u00fcre\u00e7lerinde \u00e7ok say\u0131da s\u0131k\u0131nt\u0131 ya\u015fanabildi\u011fini; t\u00fcketicilerin deneyim alanlar\u0131n\u0131 anlamaya \u00e7al\u0131\u015farak ve bayilerden ald\u0131klar\u0131 geri d\u00f6n\u00fc\u015fler do\u011frultusunda b\u00f6yle bir uygulamay\u0131 hayata ge\u00e7irdiklerini s\u00f6zlerine ekleyen Ercan \u015eahin \u015f\u00f6yle devam etti: \u201cBug\u00fcn bir parke de\u011fi\u015fimi yapaca\u011f\u0131n\u0131z zaman bilinmezlerle dolu bir s\u00fcrecin i\u00e7ine giriyorsunuz. Bir parke bayisine giderek evinize uyaca\u011f\u0131n\u0131 d\u00fc\u015f\u00fcnd\u00fc\u011f\u00fcn\u00fcz bir modeli renk kartelas\u0131 \u00fczerinden veya bir parke kesitinden se\u00e7iyorsunuz.\u00a0 Ama bu kesitler t\u00fcm parke dekorunu temsil etmedi\u011finden sizin hayal etti\u011finiz tasar\u0131m ile ger\u00e7ekle\u015fen farkl\u0131 olabiliyor. Burada hem t\u00fcketici hem de bayi ya da ilgili usta bu s\u00fcre\u00e7te zaman zaman sorun ya\u015fayabiliyor. T\u00fcm bu tasar\u0131m s\u00fcrecinin dijital ortama aktar\u0131lmas\u0131 sayesinde T\u00fcketiciler parke dekorlar\u0131n\u0131 kendi evlerinde ya da ofislerinde de\u011ferlendirebiliyorlar. Bu de\u011ferlendirme, do\u011frudan kendi mobilyalar\u0131, duvarlar\u0131 ve hal\u0131lar\u0131 ile uyumlu olarak yap\u0131l\u0131yor. Yani, t\u00fcketiciler daha parkeyi sat\u0131n almadan hayallerindeki \u00fcr\u00fcne evlerine uygulayabiliyorlar.; T\u00fcketici taraf\u0131ndan tasar\u0131ma karar verilmesinin ard\u0131ndan en yak\u0131n Y\u0131ld\u0131z Entegre bayisinden bu \u00fcr\u00fcnler temin edilebiliyor ve uygulama s\u00fcreci ba\u015fl\u0131yor.\u201d<\/p>\n<h2 style=\"font-weight: 400;\"><strong>Tasar\u0131mlarada do\u011fal \u00fcr\u00fcnlerin a\u011f\u0131rl\u0131\u011f\u0131 dikkat \u00e7ekiyor<\/strong><\/h2>\n<p style=\"font-weight: 400;\">Son y\u0131llarda gerek evlerin gerekse ofislerin i\u00e7 ve d\u0131\u015f dekorasyonunda do\u011fal \u00fcr\u00fcn kullan\u0131m\u0131n\u0131n \u00f6nemli \u00f6l\u00e7\u00fcde artt\u0131\u011f\u0131n\u0131 ifade eden Ercan \u015eahin, \u201c\u00d6zellikle i\u00e7inden ge\u00e7ti\u011fimiz bu koronavir\u00fcs salg\u0131n\u0131 s\u00fcrecinde de t\u00fcketicilerin evlerine y\u00f6nelik yenileme s\u00fcre\u00e7lerine \u00e7ok daha b\u00fcy\u00fck \u00f6nem verdi\u011fini g\u00f6rd\u00fck. Bizleri do\u011faya yakla\u015ft\u0131ran ah\u015fap \u00fcr\u00fcnlerin evlerimizde a\u011f\u0131rl\u0131\u011f\u0131n\u0131n artmas\u0131 gelecek d\u00f6nemde dekorasyonun alt\u0131n kurallar\u0131 aras\u0131nda yer alacak. Bu trendin d\u00fcnyada ve \u00fclkemizde gelecek y\u0131llarda daha da g\u00fc\u00e7lenmesini bekliyoruz. Biz de \u2018A\u011fac\u0131n \u0130zinde\u2019 s\u00f6ylemini sahiplenen bir firma olarak bu d\u00f6n\u00fc\u015f\u00fcm\u00fc sahiplenmeye devam edece\u011fiz\u201d dedi.<\/p>\n<p style=\"font-weight: 400;\">\n<p style=\"font-weight: 400;\">\n","protected":false},"excerpt":{"rendered":"<p>Art\u0131r\u0131lm\u0131\u015f ger\u00e7eklikle\u00a0parke se\u00e7me d\u00f6nemi ba\u015fl\u0131yor.\u00a0Son y\u0131llarda dijitalle\u015fmeye yapt\u0131\u011f\u0131 yat\u0131r\u0131mlarla ad\u0131ndan s\u00f6z ettiren Y\u0131ld\u0131z Entegre, T\u00fcrkiye\u2019de bir ilk olan yeni parke se\u00e7im uygulamas\u0131n\u0131 tan\u0131tt\u0131. Devrim niteli\u011findeki uygulama \u201c\u00c7ek, Se\u00e7, Uygula!\u201d ile art\u0131k kullan\u0131c\u0131lar, istedikleri parke modelini sadece saniyeler i\u00e7erisinde mobil telefonlar\u0131 ya da bilgisayar ekranlar\u0131 arac\u0131l\u0131\u011f\u0131yla odalar\u0131n\u0131n zemininde g\u00f6rebilecekler. Uygulama, zemin \u00fczerindeki mobilya, hal\u0131 gibi nesneleri [&hellip;]<\/p>\n","protected":false},"author":1,"featured_media":32300,"comment_status":"open","ping_status":"open","sticky":false,"template":"","format":"standard","meta":{"ngg_post_thumbnail":0},"categories":[26],"tags":[14521],"_links":{"self":[{"href":"https:\/\/emlaktuel.com\/index.php?rest_route=\/wp\/v2\/posts\/32299"}],"collection":[{"href":"https:\/\/emlaktuel.com\/index.php?rest_route=\/wp\/v2\/posts"}],"about":[{"href":"https:\/\/emlaktuel.com\/index.php?rest_route=\/wp\/v2\/types\/post"}],"author":[{"embeddable":true,"href":"https:\/\/emlaktuel.com\/index.php?rest_route=\/wp\/v2\/users\/1"}],"replies":[{"embeddable":true,"href":"https:\/\/emlaktuel.com\/index.php?rest_route=%2Fwp%2Fv2%2Fcomments&post=32299"}],"version-history":[{"count":1,"href":"https:\/\/emlaktuel.com\/index.php?rest_route=\/wp\/v2\/posts\/32299\/revisions"}],"predecessor-version":[{"id":32301,"href":"https:\/\/emlaktuel.com\/index.php?rest_route=\/wp\/v2\/posts\/32299\/revisions\/32301"}],"wp:featuredmedia":[{"embeddable":true,"href":"https:\/\/emlaktuel.com\/index.php?rest_route=\/wp\/v2\/media\/32300"}],"wp:attachment":[{"href":"https:\/\/emlaktuel.com\/index.php?rest_route=%2Fwp%2Fv2%2Fmedia&parent=32299"}],"wp:term":[{"taxonomy":"category","embeddable":true,"href":"https:\/\/emlaktuel.com\/index.php?rest_route=%2Fwp%2Fv2%2Fcategories&post=32299"},{"taxonomy":"post_tag","embeddable":true,"href":"https:\/\/emlaktuel.com\/index.php?rest_route=%2Fwp%2Fv2%2Ftags&post=32299"}],"curies":[{"name":"wp","href":"https:\/\/api.w.org\/{rel}","templated":true}]}}