{"id":3222,"date":"2016-07-15T17:53:17","date_gmt":"2016-07-15T14:53:17","guid":{"rendered":"http:\/\/emlaktuel.com\/?p=3222"},"modified":"2018-07-05T14:20:10","modified_gmt":"2018-07-05T11:20:10","slug":"emeklilere-promosyon-bankalara-takildi","status":"publish","type":"post","link":"https:\/\/emlaktuel.com\/?p=3222","title":{"rendered":"Emeklilere promosyon bankalara tak\u0131ld\u0131"},"content":{"rendered":"<h1 class=\"name post-title entry-title\"><strong>SGK ile bankalar aras\u0131nda emeklilere ayl\u0131klar\u0131 kar\u015f\u0131l\u0131\u011f\u0131nda belli bir miktar promosyon verilmesi i\u00e7in y\u00fcr\u00fct\u00fclen g\u00f6r\u00fc\u015fmeler hen\u00fcz sonu\u00e7lanmad\u0131<\/strong>.<\/h1>\n<p>&nbsp;<\/p>\n<div class=\"entry\">\n<p>Sosyal G\u00fcvenlik Kurumu (SGK) ile bankalar aras\u0131nda emeklilere ayl\u0131klar\u0131 kar\u015f\u0131l\u0131\u011f\u0131nda belli bir miktar promosyon verilmesi i\u00e7in y\u00fcr\u00fct\u00fclen g\u00f6r\u00fc\u015fmeler, bankalar\u0131n tekliflerini y\u00fckseltmemesi nedeniyle hen\u00fcz sonuca ula\u015fmad\u0131.<\/p>\n<p>T\u00fcrkiye Emekliler Derne\u011finin (T\u00dcED), 2007\/21 say\u0131l\u0131 Ba\u015fbakanl\u0131k genelgesiyle kamuda \u00e7al\u0131\u015fanlar\u0131n maa\u015flar\u0131 kar\u015f\u0131l\u0131\u011f\u0131nda ald\u0131\u011f\u0131 banka promosyonunun, emeklilere de ayl\u0131klar\u0131 kar\u015f\u0131l\u0131\u011f\u0131nda verilmesi talebiyle g\u00fcndeme gelen tart\u0131\u015fmalar, AK Parti\u2019nin konuyu se\u00e7im beyannamesine ta\u015f\u0131mas\u0131yla ciddiyet kazanm\u0131\u015ft\u0131.<\/p>\n<p>Asgari \u00fccretin bin 300 liraya y\u00fckseltilmesi, emekli ayl\u0131klar\u0131na zam yap\u0131lmas\u0131 ve ticari faaliyette bulunan emeklilerden Sosyal G\u00fcvenlik Destek Primi kesintisinin kald\u0131r\u0131lmas\u0131 gibi se\u00e7im s\u00fcrecindeki vaatlerini hayata ge\u00e7iren h\u00fck\u00fcmet, emeklilere ayl\u0131klar\u0131 kar\u015f\u0131l\u0131\u011f\u0131nda banka promosyonu verilmesi i\u00e7in de \u00e7al\u0131\u015fmalar\u0131n\u0131 s\u00fcrd\u00fcr\u00fcyor.<\/p>\n<p><strong>Rakam 150 liraya \u00e7\u0131kabilir<\/strong><\/p>\n<p>SGK taraf\u0131ndan T\u00fcrkiye Bankalar Birli\u011fi ve \u00f6zel bankalarla bir s\u00fcredir y\u00fcr\u00fct\u00fclen promosyon g\u00f6r\u00fc\u015fmelerinde taraflar aras\u0131nda \u00e7etin pazarl\u0131klar s\u00fcrerken, rakamda uzla\u015f\u0131lamamas\u0131 nedeniyle hen\u00fcz anla\u015fma sa\u011flanamad\u0131.<\/p>\n<p>Y\u0131ll\u0131k 100 liral\u0131k teklifi y\u00fckseltmeye s\u0131cak bakmayan bankalar, buna gerek\u00e7e olarak emeklilerin ayl\u0131klar\u0131n\u0131 hesapta k\u0131sa s\u00fcre tutmas\u0131n\u0131 ve bankamatik kullanmak yerine gi\u015feden i\u015flem yapmas\u0131n\u0131 g\u00f6steriyor.<\/p>\n<p>Bankalar\u0131n, SGK\u2019n\u0131n ayl\u0131klar\u0131 zaman\u0131ndan birka\u00e7 g\u00fcn \u00f6nce hesaba yat\u0131rmas\u0131 ko\u015fuluyla rakam\u0131 y\u0131ll\u0131k 150 liraya \u00e7\u0131karabilece\u011fi belirtiliyor.<\/p>\n<p>Emeklilerin ciddi miktarda banka promosyonu almas\u0131 i\u00e7in pazarl\u0131klar\u0131n\u0131 s\u00fcrd\u00fcren SGK\u2019n\u0131n ise bu durum kar\u015f\u0131s\u0131nda rakam\u0131 y\u00fckseltecek farkl\u0131 senaryolar \u00fczerine \u00e7al\u0131\u015fmaya ba\u015flad\u0131\u011f\u0131 \u00f6\u011frenildi.<\/p>\n<\/div>\n<p><em><\/em><\/p>\n","protected":false},"excerpt":{"rendered":"<p>SGK ile bankalar aras\u0131nda emeklilere ayl\u0131klar\u0131 kar\u015f\u0131l\u0131\u011f\u0131nda belli bir miktar promosyon verilmesi i\u00e7in y\u00fcr\u00fct\u00fclen g\u00f6r\u00fc\u015fmeler hen\u00fcz sonu\u00e7lanmad\u0131. &nbsp; Sosyal G\u00fcvenlik Kurumu (SGK) ile bankalar aras\u0131nda emeklilere ayl\u0131klar\u0131 kar\u015f\u0131l\u0131\u011f\u0131nda belli bir miktar promosyon verilmesi i\u00e7in y\u00fcr\u00fct\u00fclen g\u00f6r\u00fc\u015fmeler, bankalar\u0131n tekliflerini y\u00fckseltmemesi nedeniyle hen\u00fcz sonuca ula\u015fmad\u0131. T\u00fcrkiye Emekliler Derne\u011finin (T\u00dcED), 2007\/21 say\u0131l\u0131 Ba\u015fbakanl\u0131k genelgesiyle kamuda \u00e7al\u0131\u015fanlar\u0131n maa\u015flar\u0131 kar\u015f\u0131l\u0131\u011f\u0131nda [&hellip;]<\/p>\n","protected":false},"author":1,"featured_media":3223,"comment_status":"open","ping_status":"open","sticky":false,"template":"","format":"standard","meta":{"ngg_post_thumbnail":0},"categories":[26],"tags":[961,2433,11248,11384,2156,2157,2158,2155,2154,11458,11454],"_links":{"self":[{"href":"https:\/\/emlaktuel.com\/index.php?rest_route=\/wp\/v2\/posts\/3222"}],"collection":[{"href":"https:\/\/emlaktuel.com\/index.php?rest_route=\/wp\/v2\/posts"}],"about":[{"href":"https:\/\/emlaktuel.com\/index.php?rest_route=\/wp\/v2\/types\/post"}],"author":[{"embeddable":true,"href":"https:\/\/emlaktuel.com\/index.php?rest_route=\/wp\/v2\/users\/1"}],"replies":[{"embeddable":true,"href":"https:\/\/emlaktuel.com\/index.php?rest_route=%2Fwp%2Fv2%2Fcomments&post=3222"}],"version-history":[{"count":1,"href":"https:\/\/emlaktuel.com\/index.php?rest_route=\/wp\/v2\/posts\/3222\/revisions"}],"predecessor-version":[{"id":3224,"href":"https:\/\/emlaktuel.com\/index.php?rest_route=\/wp\/v2\/posts\/3222\/revisions\/3224"}],"wp:featuredmedia":[{"embeddable":true,"href":"https:\/\/emlaktuel.com\/index.php?rest_route=\/wp\/v2\/media\/3223"}],"wp:attachment":[{"href":"https:\/\/emlaktuel.com\/index.php?rest_route=%2Fwp%2Fv2%2Fmedia&parent=3222"}],"wp:term":[{"taxonomy":"category","embeddable":true,"href":"https:\/\/emlaktuel.com\/index.php?rest_route=%2Fwp%2Fv2%2Fcategories&post=3222"},{"taxonomy":"post_tag","embeddable":true,"href":"https:\/\/emlaktuel.com\/index.php?rest_route=%2Fwp%2Fv2%2Ftags&post=3222"}],"curies":[{"name":"wp","href":"https:\/\/api.w.org\/{rel}","templated":true}]}}