{"id":32196,"date":"2020-07-06T19:23:12","date_gmt":"2020-07-06T16:23:12","guid":{"rendered":"https:\/\/emlaktuel.com\/?p=32196"},"modified":"2020-07-06T19:23:12","modified_gmt":"2020-07-06T16:23:12","slug":"san-deco-stencil-serisi-sanatin-izi-duvarlarinizda-kalsin","status":"publish","type":"post","link":"https:\/\/emlaktuel.com\/?p=32196","title":{"rendered":"San Deco Stencil Serisi Sanat\u0131n \u0130zi Duvarlar\u0131n\u0131zda Kals\u0131n"},"content":{"rendered":"<p>&nbsp;<\/p>\n<p><strong>Dekoratif boya alan\u0131ndaki uzmanl\u0131\u011f\u0131 ile bug\u00fcne kadar bir\u00e7ok koleksiyona imza atan\u00a0San Deco, yeni stencil koleksiyonu ile s\u0131radanl\u0131ktan uzak, sanata yak\u0131n bir tav\u0131r sergiliyor. Tasar\u0131mc\u0131 Alev Pilevne\u2019nin San Deco i\u00e7in haz\u0131rlad\u0131\u011f\u0131 bu yepyeni stencil koleksyonunda \u201cZen Bah\u00e7eleri\u201dnden \u201cFas Avlular\u0131\u201dna, \u201cDo\u011fa Motifleri\u201dnden \u201cHindistan\u201da uzanan d\u00f6rt farkl\u0131 konsept ve d\u00f6rt farkl\u0131 hikaye yer al\u0131yor.<\/strong><\/p>\n<p>Tasar\u0131m\u0131n ve ki\u015fiselle\u015ftirilmi\u015f formlar\u0131n \u00f6n plana \u00e7\u0131kt\u0131\u011f\u0131 g\u00fcn\u00fcm\u00fczde, duvarlar\u0131n da farkl\u0131 tasar\u0131mlara a\u00e7\u0131k oldu\u011fu bilinciyle yeni stencil koleksiyonunda tasar\u0131mc\u0131\u00a0<strong>Alev Pilevne<\/strong>\u00a0ile i\u015fbirli\u011fi yapan\u00a0<strong>San Deco<\/strong>,\u00a0<strong>Do\u011fa Motifleri, Fas Avlular\u0131, Hindistan Damask\u00a0<\/strong>ve\u00a0<strong>Zen Bah\u00e7eleri\u00a0<\/strong>gibi farkl\u0131 konseptleri ve ilhamlar\u0131 i\u00e7 mekanlara ta\u015f\u0131yor. \u0130ster b\u00fct\u00fcn bir duvarda, isterse de tekil bir detay olarak kullan\u0131labilecek stencil tasar\u0131m\u0131 ile mekana\u00a0 farkl\u0131 bir hava ve yeni bir hikaye kazand\u0131rabilmek m\u00fcmk\u00fcn.<\/p>\n<p><strong>Do\u011fa Motifleri<\/strong><\/p>\n<p>Her biri \u00fc\u00e7 farkl\u0131 boyda, alt\u0131 farkl\u0131 desenden olu\u015fan Do\u011fa Motifleri serisinde do\u011fa i\u00e7 mekanlara izini b\u0131rak\u0131yor. Modern ya\u015fam\u0131n ye\u015file olan hasreti bazen bir yaprak fig\u00fcr\u00fcnde, bazen g\u00fcl, bazen de bir karanfil motifinde giderilmek isteniyor.<\/p>\n<p><strong>Fas Avlular\u0131<\/strong><\/p>\n<p>Geleneksel mimarisiyle huzurun, mavinin, beyaz\u0131n ve dinginli\u011fin sembol\u00fc olan Fas, Tunus ve Casablanca gibi \u015fehirlerden ilham alan seri, bu motiflerle Fas avlular\u0131n\u0131n huzurlu yap\u0131s\u0131n\u0131 i\u00e7 mekanlara ta\u015f\u0131yor.<\/p>\n<p><strong>Hindistan Damask<\/strong><\/p>\n<p>Y\u00fczy\u0131llard\u0131r tasar\u0131m\u0131n vazge\u00e7ilmezi olan Damask desen, Tac Mahal\u2019den g\u00fcn\u00fcm\u00fcze kadar uzanan b\u00fcy\u00fcl\u00fc a\u015fk \u00f6yk\u00fcs\u00fcn\u00fc Hint k\u0131nas\u0131 motiflerinin yan\u0131 s\u0131ra art\u0131k duvarlar\u0131m\u0131za da yans\u0131t\u0131yor.<\/p>\n<p><strong>Zen Bah\u00e7eleri<\/strong><\/p>\n<p>Ye\u015fille birlikte huzur veren Zen Bah\u00e7eleri, i\u00e7 d\u00fcnyam\u0131za\u00a0d\u00f6n\u00fc\u015f\u00fcn temsili olarak duvarlara sakinle\u015ftirici bir etki b\u0131rak\u0131yor.<\/p>\n<p>&nbsp;<\/p>\n<p><strong>Alev Pilevne Hakk\u0131nda:<\/strong><\/p>\n<p><em>1964 y\u0131l\u0131nda \u0130stanbul\u2019 da do\u011fan Alev Pilevne, 1986 y\u0131l\u0131nda Mimar Sinan \u00dcniversitesi G\u00fczel Sanatlar Fak\u00fcltesi Ana Sanat Dal\u0131, Tiyatro Dekor ve Kost\u00fcm B\u00f6l\u00fcm\u00fcnden mezun oldu. K\u0131sa bir s\u00fcre \u00f6zel sekt\u00f6rde \u00e7al\u0131\u015fmas\u0131n\u0131n ard\u0131ndan,\u00a0 aile mesle\u011fimi olan mobilya sekt\u00f6r\u00fcne ge\u00e7erek Sahne Mobilya \u2018y\u0131 kurdu.<\/em><\/p>\n<p><em>Yapt\u0131\u011f\u0131 i\u015fi \u201cMek\u00e2n Tasarlamak\u201d olarak tan\u0131mlayan Alev Han\u0131m, mobilya tasar\u0131mc\u0131s\u0131 ve \u00fcreticisi olarak bu sekt\u00f6rde devam etmekte ve San Deco i\u00e7in haz\u0131rlad\u0131\u011f\u0131 \u00f6zel tasar\u0131m Stencil koleksiyonu ile tasar\u0131ma keyifli dokunu\u015flar\u0131n\u0131 s\u00fcrd\u00fcrmektedir.<\/em><\/p>\n<p><strong>SAN DECO BOYA Hakk\u0131nda:<\/strong><\/p>\n<p><em>Y\u00fczde 100 yerli sermayeye sahip T\u00fcrkiye\u2019nin ilk efekt boya \u00fcreticisi San Deco, kimya sanayindeki faaliyetlerine 1965 y\u0131l\u0131nda ba\u015flad\u0131. 90\u2019l\u0131 y\u0131llarda Ar-Ge ve \u00fcretimde dekoratif segmentte yer alan efekt boya \u00fczerine yo\u011funla\u015fan San Deco, Kocaeli Gebze ve Cezayir\u2019de toplam 11 bin m\u00b2 alana kurulu tesislerinde toplam 29 bin ton \u00fcretim kapasitesine ula\u015ft\u0131. B\u00fcy\u00fcme ve \u00fcretimde insan ve \u00e7evreyi merkeze olan San Deco, TSE ve A+ gibi ulusal ve uluslararas\u0131 \u00fcst d\u00fczey standartlar\u0131 uygulad\u0131.<\/em><\/p>\n<p><em>Yar\u0131m as\u0131rl\u0131k tecr\u00fcbesiyle efekt boya alan\u0131nda uzmanla\u015farak \u201cMimari Boya\u201d konseptiyle yap\u0131 sekt\u00f6r\u00fc, boya sanayi ve mimarl\u0131k d\u00fcnyas\u0131na tasar\u0131m odakl\u0131 inovatif fikirler sunan San Deco, benzersiz \u00fcr\u00fcn yelpazesi, d\u00f6rt k\u0131tada 40 \u00fclkeye yay\u0131lan uluslararas\u0131 pazar g\u00fcc\u00fcyle, dekoratif boya sekt\u00f6r\u00fcn\u00fcn \u00f6nde gelen markas\u0131 oldu.\u00a0<\/em><\/p>\n<p><em>Efekt boyan\u0131n yan\u0131 s\u0131ra su bazl\u0131 i\u00e7 ve d\u0131\u015f cephe boyalar\u0131 ile hobi ve fonksiyonel boya \u00fcretimi yapan San Deco, T\u00fcrk boya sanayinin b\u00fcy\u00fcme ve istihdam\u0131na katk\u0131 sunmak hedefiyle kurdu\u011fu San Deco Tasar\u0131m Akademisi\u2019yle sekt\u00f6rel e\u011fitim, nitelikli ustalar\u0131n yeti\u015fmesi ve yenilik\u00e7i mimarlar\u0131n geli\u015fimine destek i\u00e7in \u00e7al\u0131\u015f\u0131yor.<\/em><\/p>\n<p>&nbsp;<\/p>\n","protected":false},"excerpt":{"rendered":"<p>&nbsp; Dekoratif boya alan\u0131ndaki uzmanl\u0131\u011f\u0131 ile bug\u00fcne kadar bir\u00e7ok koleksiyona imza atan\u00a0San Deco, yeni stencil koleksiyonu ile s\u0131radanl\u0131ktan uzak, sanata yak\u0131n bir tav\u0131r sergiliyor. Tasar\u0131mc\u0131 Alev Pilevne\u2019nin San Deco i\u00e7in haz\u0131rlad\u0131\u011f\u0131 bu yepyeni stencil koleksyonunda \u201cZen Bah\u00e7eleri\u201dnden \u201cFas Avlular\u0131\u201dna, \u201cDo\u011fa Motifleri\u201dnden \u201cHindistan\u201da uzanan d\u00f6rt farkl\u0131 konsept ve d\u00f6rt farkl\u0131 hikaye yer al\u0131yor. Tasar\u0131m\u0131n ve ki\u015fiselle\u015ftirilmi\u015f [&hellip;]<\/p>\n","protected":false},"author":1,"featured_media":32197,"comment_status":"open","ping_status":"open","sticky":false,"template":"","format":"standard","meta":{"ngg_post_thumbnail":0},"categories":[26],"tags":[14484],"_links":{"self":[{"href":"https:\/\/emlaktuel.com\/index.php?rest_route=\/wp\/v2\/posts\/32196"}],"collection":[{"href":"https:\/\/emlaktuel.com\/index.php?rest_route=\/wp\/v2\/posts"}],"about":[{"href":"https:\/\/emlaktuel.com\/index.php?rest_route=\/wp\/v2\/types\/post"}],"author":[{"embeddable":true,"href":"https:\/\/emlaktuel.com\/index.php?rest_route=\/wp\/v2\/users\/1"}],"replies":[{"embeddable":true,"href":"https:\/\/emlaktuel.com\/index.php?rest_route=%2Fwp%2Fv2%2Fcomments&post=32196"}],"version-history":[{"count":1,"href":"https:\/\/emlaktuel.com\/index.php?rest_route=\/wp\/v2\/posts\/32196\/revisions"}],"predecessor-version":[{"id":32198,"href":"https:\/\/emlaktuel.com\/index.php?rest_route=\/wp\/v2\/posts\/32196\/revisions\/32198"}],"wp:featuredmedia":[{"embeddable":true,"href":"https:\/\/emlaktuel.com\/index.php?rest_route=\/wp\/v2\/media\/32197"}],"wp:attachment":[{"href":"https:\/\/emlaktuel.com\/index.php?rest_route=%2Fwp%2Fv2%2Fmedia&parent=32196"}],"wp:term":[{"taxonomy":"category","embeddable":true,"href":"https:\/\/emlaktuel.com\/index.php?rest_route=%2Fwp%2Fv2%2Fcategories&post=32196"},{"taxonomy":"post_tag","embeddable":true,"href":"https:\/\/emlaktuel.com\/index.php?rest_route=%2Fwp%2Fv2%2Ftags&post=32196"}],"curies":[{"name":"wp","href":"https:\/\/api.w.org\/{rel}","templated":true}]}}