{"id":32185,"date":"2020-07-06T13:23:00","date_gmt":"2020-07-06T10:23:00","guid":{"rendered":"https:\/\/emlaktuel.com\/?p=32185"},"modified":"2020-07-06T16:52:54","modified_gmt":"2020-07-06T13:52:54","slug":"avrupa-konutlari-atakent-4te-2-etap-satisa-cikti-atakent-4-b","status":"publish","type":"post","link":"https:\/\/emlaktuel.com\/?p=32185","title":{"rendered":"Avrupa Konutlar\u0131 Atakent 4&#8217;te 2. Etap Sat\u0131\u015fa \u00c7\u0131kt\u0131 (Atakent 4 B)"},"content":{"rendered":"<p><strong>Gelece\u011fin Ba\u011fdat Caddesi olarak adland\u0131r\u0131lan lokasyonda Avrupa Konutlar\u0131 Atakent 4\u2019\u00fc geli\u015ftiren Arta\u015f \u0130n\u015faat, \u015fimdi de projenin 2. etab\u0131 Atakent 4 B\u2019yi sat\u0131\u015fa sundu. Al\u0131c\u0131lar, 1+1\u2019den 4+1\u2019e 362 konut ve 9 ticari \u00fcnitenin yer ald\u0131\u011f\u0131 projedeki dairelere 0,64 oran, 180 ay vade ve 12 sonra \u00f6deme avantajlar\u0131yla sahip olabiliyor.<\/strong><\/p>\n<p>T\u00fcrk in\u015faat sekt\u00f6r\u00fcnde \u201cAvrupa Konutlar\u0131\u201d markas\u0131yla \u00f6zel bir yer edinen Arta\u015f \u0130n\u015faat, en ya\u015fanabilir projelerden biri olma niteli\u011fini ta\u015f\u0131yan Atakent 4\u2019te bu \u00f6zelli\u011fini artt\u0131rarak s\u00fcrd\u00fcr\u00fcyor.<\/p>\n<p>Ya\u015fam\u0131n ba\u015flad\u0131\u011f\u0131 Atakent 4\u2019\u00fcn ard\u0131ndan Atakent 4 B\u2019yi sat\u0131\u015fa sunan Arta\u015f \u0130n\u015faat, \u201cAvrupa Konutlar\u0131\u201d markas\u0131n\u0131n t\u00fcm ayr\u0131cal\u0131klar\u0131n\u0131 yeni projesinde al\u0131c\u0131lar\u0131na sunuyor.<\/p>\n<h2><strong>\u00c7ok cazip \u00f6deme f\u0131rsatlar\u0131 sunuluyor<\/strong><\/h2>\n<p>16 bin 863 metrekare arsa, 87 bin 312 metrekare in\u015faat alan\u0131na sahip Atakent 4 B, Halkal\u0131 Caddesi \u00fczerinde Atakent 4\u2019\u00fcn yan\u0131 ba\u015f\u0131nda geli\u015ftiriliyor.<\/p>\n<p>Konut al\u0131c\u0131lar\u0131, 5 blokta 1+1\u2019den 4+1\u2019e 362 konut ve 9 ticari \u00fcnitenin yer ald\u0131\u011f\u0131 dairelere 0,64 oran, 180 ay vade ve 12 sonra \u00f6deme avantajlar\u0131yla sahip olabiliyor.<\/p>\n<p>Y\u00fcksek standartlarda geli\u015ftirilen Avrupa Konutlar\u0131 Atakent 4 B\u2019de daire b\u00fcy\u00fckl\u00fckleri 70 metrekare ile 203 metrekare aras\u0131nda de\u011fi\u015fiklik g\u00f6steriyor.<\/p>\n<h2><strong>Ula\u015f\u0131mda lokasyon fark\u0131\u00a0<\/strong><\/h2>\n<p><strong>\u00a0<\/strong>Ula\u015f\u0131m a\u011flar\u0131yla \u00e7evrili bir noktada konumlanan Avrupa Konutlar\u0131 Atakent 4 B, Bas\u0131n Ekspres Yolu ile E-5 Karayolu\u2019na birka\u00e7 dakika uzakl\u0131kta, yan\u0131 ba\u015f\u0131nda yer alan toplu ula\u015f\u0131m ara\u00e7lar\u0131na da y\u00fcr\u00fcme mesafesinde bulunuyor.<\/p>\n<p>Avrupa Konutlar\u0131 Atakent 4 B\u2019de in\u015fa \u00e7al\u0131\u015fmalar\u0131 t\u00fcm h\u0131z\u0131yla devam ediyor.<\/p>\n","protected":false},"excerpt":{"rendered":"<p>Gelece\u011fin Ba\u011fdat Caddesi olarak adland\u0131r\u0131lan lokasyonda Avrupa Konutlar\u0131 Atakent 4\u2019\u00fc geli\u015ftiren Arta\u015f \u0130n\u015faat, \u015fimdi de projenin 2. etab\u0131 Atakent 4 B\u2019yi sat\u0131\u015fa sundu. Al\u0131c\u0131lar, 1+1\u2019den 4+1\u2019e 362 konut ve 9 ticari \u00fcnitenin yer ald\u0131\u011f\u0131 projedeki dairelere 0,64 oran, 180 ay vade ve 12 sonra \u00f6deme avantajlar\u0131yla sahip olabiliyor. T\u00fcrk in\u015faat sekt\u00f6r\u00fcnde \u201cAvrupa Konutlar\u0131\u201d markas\u0131yla \u00f6zel [&hellip;]<\/p>\n","protected":false},"author":1,"featured_media":32158,"comment_status":"open","ping_status":"open","sticky":false,"template":"","format":"standard","meta":{"ngg_post_thumbnail":0},"categories":[5219,5388],"tags":[130,249],"_links":{"self":[{"href":"https:\/\/emlaktuel.com\/index.php?rest_route=\/wp\/v2\/posts\/32185"}],"collection":[{"href":"https:\/\/emlaktuel.com\/index.php?rest_route=\/wp\/v2\/posts"}],"about":[{"href":"https:\/\/emlaktuel.com\/index.php?rest_route=\/wp\/v2\/types\/post"}],"author":[{"embeddable":true,"href":"https:\/\/emlaktuel.com\/index.php?rest_route=\/wp\/v2\/users\/1"}],"replies":[{"embeddable":true,"href":"https:\/\/emlaktuel.com\/index.php?rest_route=%2Fwp%2Fv2%2Fcomments&post=32185"}],"version-history":[{"count":1,"href":"https:\/\/emlaktuel.com\/index.php?rest_route=\/wp\/v2\/posts\/32185\/revisions"}],"predecessor-version":[{"id":32186,"href":"https:\/\/emlaktuel.com\/index.php?rest_route=\/wp\/v2\/posts\/32185\/revisions\/32186"}],"wp:featuredmedia":[{"embeddable":true,"href":"https:\/\/emlaktuel.com\/index.php?rest_route=\/wp\/v2\/media\/32158"}],"wp:attachment":[{"href":"https:\/\/emlaktuel.com\/index.php?rest_route=%2Fwp%2Fv2%2Fmedia&parent=32185"}],"wp:term":[{"taxonomy":"category","embeddable":true,"href":"https:\/\/emlaktuel.com\/index.php?rest_route=%2Fwp%2Fv2%2Fcategories&post=32185"},{"taxonomy":"post_tag","embeddable":true,"href":"https:\/\/emlaktuel.com\/index.php?rest_route=%2Fwp%2Fv2%2Ftags&post=32185"}],"curies":[{"name":"wp","href":"https:\/\/api.w.org\/{rel}","templated":true}]}}