{"id":32142,"date":"2020-07-04T13:26:00","date_gmt":"2020-07-04T10:26:00","guid":{"rendered":"https:\/\/emlaktuel.com\/?p=32142"},"modified":"2020-07-04T13:26:00","modified_gmt":"2020-07-04T10:26:00","slug":"emlak-sektoru-canlandi-yabancilarin-ilgisi-daha-da-artti","status":"publish","type":"post","link":"https:\/\/emlaktuel.com\/?p=32142","title":{"rendered":"Emlak sekt\u00f6r\u00fc canland\u0131 yabanc\u0131lar\u0131n ilgisi daha da artt\u0131"},"content":{"rendered":"<p>Aren Group Y\u00f6neticisi Muhammed Mansour (Ceo) yapm\u0131\u015f oldu\u011fu a\u00e7\u0131klams\u0131nda, normalle\u015fme ile canlanan emlak sekt\u00f6r\u00fcne yabanc\u0131lar\u0131n daha fazla ilgi g\u00f6stermeye ba\u015flad\u0131\u011f\u0131ndan s\u00f6z etti. Yabanc\u0131 yat\u0131r\u0131mc\u0131lar\u0131n konut sekt\u00f6r\u00fcne ilgisi tekrardan yo\u011funla\u015ft\u0131.<\/p>\n<p>Gayrimenkul piyasas\u0131nda al\u0131c\u0131lar\u0131n d\u0131\u015f\u0131nda proje \u00fcstlenebilecek \u00e7ok \u00f6nemli yat\u0131r\u0131mc\u0131lar\u0131 da T\u00fcrkiye&#8217;ye getirmeye \u00e7abalad\u0131klar\u0131n\u0131 s\u00f6yleyen Mansour, Kanada, Fransa ve \u00dcrd\u00fcn gibi \u00fclkelerde ofislerinin oldu\u011funu ve bu ofisler arac\u0131l\u0131\u011f\u0131yla T\u00fcrkiye&#8217;ye yabanc\u0131 yat\u0131r\u0131mc\u0131lar\u0131 getirmek istediklerini s\u00f6yledi,<\/p>\n<p>\u00dclkemizde daha \u00e7ok Orta Do\u011fu ve Arap \u00fclkelerinden konut al\u0131mlar\u0131na y\u00f6nelik \u00f6nemli tan\u0131t\u0131m \u00e7al\u0131\u015fmalar\u0131nda bulunduklar\u0131n\u0131 belirten Mansour, ve bu \u00fclkelere tar\u0131m makineleri, otomotiv yan sanayi \u00fcr\u00fcnleri gibi \u00e7e\u015fitli malzemelerin ihracat\u0131nda da \u00e7al\u0131\u015fmalar yapt\u0131klar\u0131n\u0131 belirtti. T\u00fcrkiye&#8217;de yabanc\u0131lar\u0131n gayrimenkul \u00fcr\u00fcnlerine ilgisinin son senelerde \u00e7ok ciddi bir \u015fekilde art\u0131\u015f g\u00f6sterdi\u011fini belirterek, yabanc\u0131 yat\u0131r\u0131mc\u0131lara konut sat\u0131\u015flar\u0131 adedinin ge\u00e7en y\u0131l 2018&#8217;e g\u00f6re y\u00fczde 14,7 art\u0131\u015fla 45 bin 483&#8217;e y\u00fckseldi\u011fini belirtti.<\/p>\n<p>T\u00fcrkiye&#8217;de g\u00fcvenli ve ayr\u0131ca kal\u0131teli ya\u015fam imkan\u0131n\u0131n, Orta Do\u011fu ve Arap \u00fclkeleri ile k\u00fclt\u00fcrel benzerliklerimizin\u00a0ayr\u0131ca ayn\u0131 dini ya\u015f\u0131yor olmam\u0131z\u0131n, ikliminin, tarihi ve turistik \u00f6zelliklerinin ve her t\u00fcrl\u00fc ula\u015f\u0131m imkan\u0131n\u0131n olmas\u0131n\u0131n yabanc\u0131 yat\u0131r\u0131mc\u0131lar i\u00e7in cezbedici, oldu\u011funu s\u00f6yleyen Mansour, say\u0131lamayacak daha \u00e7ok say\u0131da g\u00fczelli\u011fin T\u00fcrkiye&#8217;de olmas\u0131 konut yat\u0131r\u0131m\u0131 i\u00e7in cazip f\u0131rsat ve te\u015fvikler sunulmas\u0131n\u0131n \u00f6nemli oldu\u011funu dile getirdi.<\/p>\n<h2>&#8220;Ayda 5-6 bin sat\u0131\u015f rakamlar\u0131na 2021 ilkbahar\u0131nda yeniden ula\u015f\u0131r\u0131z&#8221;<\/h2>\n<p>Mansour, koronavir\u00fcs salg\u0131n\u0131 s\u00fcrecinde u\u00e7u\u015flar\u0131n olmamas\u0131 konut almak i\u00e7in yabanc\u0131 yat\u0131r\u0131mc\u0131lar\u0131n gelememesini belirterek, son zamanda ya\u015fanan normalle\u015fme s\u00fcrecine ba\u015flanmas\u0131 ile T\u00fcrk gayrimenkullerine y\u00f6nelik ilgininde yeniden hareketlenmeye ba\u015flad\u0131\u011f\u0131n\u0131 s\u00f6yledi. Daha hen\u00fcz b\u00fct\u00fcn \u00fclkelere u\u00e7u\u015flar\u0131n ba\u015flamad\u0131\u011f\u0131n\u0131 ve koronavir\u00fcs salg\u0131n\u0131n halen s\u00fcrd\u00fc\u011f\u00fcn\u00fc belirten Mansour, \u015f\u00f6yle konu\u015ftu;<\/p>\n<p>&#8220;\u0130nsanlar her ne kadar tedirgin olsalar da telefon, sosyal medya ve e-posta yoluyla T\u00fcrkiye&#8217;den ev almak istediklerini, nerelere yat\u0131r\u0131m yapabileceklerini soruyorlar. Veya istedikleri bir projeyle ilgili bilgi al\u0131yorlar. Yabanc\u0131lar\u0131n T\u00fcrkiye&#8217;de konut al\u0131m\u0131na ilgisi yeniden canland\u0131. Ancak hareketlili\u011fin eyl\u00fclde ba\u015flayaca\u011f\u0131n\u0131, ayl\u0131k bazda 5-6 bin adetlik sat\u0131\u015f rakamlar\u0131na ise 2021 ilkbahar\u0131nda ula\u015faca\u011f\u0131m\u0131z\u0131 d\u00fc\u015f\u00fcn\u00fcyoruz. \u015eu an konut almak isteyenler u\u00e7u\u015flar\u0131n a\u00e7\u0131lmas\u0131n\u0131 bekliyor.&#8221;<\/p>\n<h2>&#8220;T\u00fcrkiye sa\u011fl\u0131k turizmini i\u00e7in avantajlar sunuyor&#8221;<\/h2>\n<p>Mansour, \u00fclkemizin koronavir\u00fcs salg\u0131n\u0131 iel m\u00fccadelede \u00e7ok \u00f6nemli bir ba\u015far\u0131 ya\u015fad\u0131\u011f\u0131n\u0131 yetkililerin de elinden geleni yapt\u0131klar\u0131n\u0131, kalabal\u0131k n\u00fcfusa ra\u011fmen salg\u0131n ile m\u00fccadelede r\u00fc\u015fd\u00fcn\u00fc ispat etti\u011fini s\u00f6yledi. T\u00fcrkiye&#8217;de sa\u011fl\u0131k sisteminin kalitesinin iyi olmas\u0131na ve avantajlar\u0131ndan da bahseden Mansour, u\u00e7u\u015flar\u0131n a\u00e7\u0131lmas\u0131 ile sa\u011fl\u0131k turizmi i\u00e7in yeni hastalar getireceklerini ve bu konuda yeni anla\u015fmalara imza att\u0131klar\u0131n\u0131 s\u00f6yledi.<\/p>\n<p>&nbsp;<\/p>\n","protected":false},"excerpt":{"rendered":"<p>Aren Group Y\u00f6neticisi Muhammed Mansour (Ceo) yapm\u0131\u015f oldu\u011fu a\u00e7\u0131klams\u0131nda, normalle\u015fme ile canlanan emlak sekt\u00f6r\u00fcne yabanc\u0131lar\u0131n daha fazla ilgi g\u00f6stermeye ba\u015flad\u0131\u011f\u0131ndan s\u00f6z etti. Yabanc\u0131 yat\u0131r\u0131mc\u0131lar\u0131n konut sekt\u00f6r\u00fcne ilgisi tekrardan yo\u011funla\u015ft\u0131. Gayrimenkul piyasas\u0131nda al\u0131c\u0131lar\u0131n d\u0131\u015f\u0131nda proje \u00fcstlenebilecek \u00e7ok \u00f6nemli yat\u0131r\u0131mc\u0131lar\u0131 da T\u00fcrkiye&#8217;ye getirmeye \u00e7abalad\u0131klar\u0131n\u0131 s\u00f6yleyen Mansour, Kanada, Fransa ve \u00dcrd\u00fcn gibi \u00fclkelerde ofislerinin oldu\u011funu ve bu ofisler [&hellip;]<\/p>\n","protected":false},"author":1,"featured_media":10303,"comment_status":"open","ping_status":"open","sticky":false,"template":"","format":"standard","meta":{"ngg_post_thumbnail":0},"categories":[5388],"tags":[62,107,964],"_links":{"self":[{"href":"https:\/\/emlaktuel.com\/index.php?rest_route=\/wp\/v2\/posts\/32142"}],"collection":[{"href":"https:\/\/emlaktuel.com\/index.php?rest_route=\/wp\/v2\/posts"}],"about":[{"href":"https:\/\/emlaktuel.com\/index.php?rest_route=\/wp\/v2\/types\/post"}],"author":[{"embeddable":true,"href":"https:\/\/emlaktuel.com\/index.php?rest_route=\/wp\/v2\/users\/1"}],"replies":[{"embeddable":true,"href":"https:\/\/emlaktuel.com\/index.php?rest_route=%2Fwp%2Fv2%2Fcomments&post=32142"}],"version-history":[{"count":1,"href":"https:\/\/emlaktuel.com\/index.php?rest_route=\/wp\/v2\/posts\/32142\/revisions"}],"predecessor-version":[{"id":32143,"href":"https:\/\/emlaktuel.com\/index.php?rest_route=\/wp\/v2\/posts\/32142\/revisions\/32143"}],"wp:featuredmedia":[{"embeddable":true,"href":"https:\/\/emlaktuel.com\/index.php?rest_route=\/wp\/v2\/media\/10303"}],"wp:attachment":[{"href":"https:\/\/emlaktuel.com\/index.php?rest_route=%2Fwp%2Fv2%2Fmedia&parent=32142"}],"wp:term":[{"taxonomy":"category","embeddable":true,"href":"https:\/\/emlaktuel.com\/index.php?rest_route=%2Fwp%2Fv2%2Fcategories&post=32142"},{"taxonomy":"post_tag","embeddable":true,"href":"https:\/\/emlaktuel.com\/index.php?rest_route=%2Fwp%2Fv2%2Ftags&post=32142"}],"curies":[{"name":"wp","href":"https:\/\/api.w.org\/{rel}","templated":true}]}}