{"id":32083,"date":"2020-06-28T13:44:20","date_gmt":"2020-06-28T10:44:20","guid":{"rendered":"https:\/\/emlaktuel.com\/?p=32083"},"modified":"2020-06-28T13:44:20","modified_gmt":"2020-06-28T10:44:20","slug":"zonguldak-sahil-projesi-550-gunde-bitirilecek","status":"publish","type":"post","link":"https:\/\/emlaktuel.com\/?p=32083","title":{"rendered":"Zonguldak &#8216;Sahil Projesi&#8217; 550 g\u00fcnde bitirilecek"},"content":{"rendered":"<p>TOK\u0130 taraf\u0131ndan ihaleye \u00e7\u0131kar\u0131lan Zong\u0131ldak Merkez K\u0131y\u0131 D\u00fczenlemesi, Sosyal Donat\u0131lar \u0130n\u015faatlar\u0131 ve Altyap\u0131 \u00c7evre d\u00fczenlemesi \u00e7al\u0131\u015fmalar\u0131 550 g\u00fcn i\u00e7inde bitirilmesi planlan\u0131yor.<\/p>\n<p>41 d\u00f6n\u00fcmde\u00a0k\u0131y\u0131 d\u00fczenlemesi ile sosyal donat\u0131 in\u015faatlar\u0131 ve altyap\u0131 \u00e7evre d\u00fczenlemesi \u00e7al\u0131\u015fmalar\u0131 yerin teslim edilmesinden sonra 550 g\u00fcnde bitirilerek tamamlanmas\u0131 planlan\u0131yor.<\/p>\n","protected":false},"excerpt":{"rendered":"<p>TOK\u0130 taraf\u0131ndan ihaleye \u00e7\u0131kar\u0131lan Zong\u0131ldak Merkez K\u0131y\u0131 D\u00fczenlemesi, Sosyal Donat\u0131lar \u0130n\u015faatlar\u0131 ve Altyap\u0131 \u00c7evre d\u00fczenlemesi \u00e7al\u0131\u015fmalar\u0131 550 g\u00fcn i\u00e7inde bitirilmesi planlan\u0131yor. 41 d\u00f6n\u00fcmde\u00a0k\u0131y\u0131 d\u00fczenlemesi ile sosyal donat\u0131 in\u015faatlar\u0131 ve altyap\u0131 \u00e7evre d\u00fczenlemesi \u00e7al\u0131\u015fmalar\u0131 yerin teslim edilmesinden sonra 550 g\u00fcnde bitirilerek tamamlanmas\u0131 planlan\u0131yor.<\/p>\n","protected":false},"author":1,"featured_media":32084,"comment_status":"open","ping_status":"open","sticky":false,"template":"","format":"standard","meta":{"ngg_post_thumbnail":0},"categories":[26],"tags":[14455],"_links":{"self":[{"href":"https:\/\/emlaktuel.com\/index.php?rest_route=\/wp\/v2\/posts\/32083"}],"collection":[{"href":"https:\/\/emlaktuel.com\/index.php?rest_route=\/wp\/v2\/posts"}],"about":[{"href":"https:\/\/emlaktuel.com\/index.php?rest_route=\/wp\/v2\/types\/post"}],"author":[{"embeddable":true,"href":"https:\/\/emlaktuel.com\/index.php?rest_route=\/wp\/v2\/users\/1"}],"replies":[{"embeddable":true,"href":"https:\/\/emlaktuel.com\/index.php?rest_route=%2Fwp%2Fv2%2Fcomments&post=32083"}],"version-history":[{"count":1,"href":"https:\/\/emlaktuel.com\/index.php?rest_route=\/wp\/v2\/posts\/32083\/revisions"}],"predecessor-version":[{"id":32085,"href":"https:\/\/emlaktuel.com\/index.php?rest_route=\/wp\/v2\/posts\/32083\/revisions\/32085"}],"wp:featuredmedia":[{"embeddable":true,"href":"https:\/\/emlaktuel.com\/index.php?rest_route=\/wp\/v2\/media\/32084"}],"wp:attachment":[{"href":"https:\/\/emlaktuel.com\/index.php?rest_route=%2Fwp%2Fv2%2Fmedia&parent=32083"}],"wp:term":[{"taxonomy":"category","embeddable":true,"href":"https:\/\/emlaktuel.com\/index.php?rest_route=%2Fwp%2Fv2%2Fcategories&post=32083"},{"taxonomy":"post_tag","embeddable":true,"href":"https:\/\/emlaktuel.com\/index.php?rest_route=%2Fwp%2Fv2%2Ftags&post=32083"}],"curies":[{"name":"wp","href":"https:\/\/api.w.org\/{rel}","templated":true}]}}