{"id":32052,"date":"2020-06-27T10:55:36","date_gmt":"2020-06-27T07:55:36","guid":{"rendered":"https:\/\/emlaktuel.com\/?p=32052"},"modified":"2020-06-27T10:55:36","modified_gmt":"2020-06-27T07:55:36","slug":"kiralik-villa-ve-butik-otellere-koronavirus-nedeniyle-ilgi-artisi","status":"publish","type":"post","link":"https:\/\/emlaktuel.com\/?p=32052","title":{"rendered":"Kiral\u0131k villa ve butik otellere koronavir\u00fcs nedeniyle ilgi art\u0131\u015f\u0131"},"content":{"rendered":"<p>Koronavir\u00fcs salg\u0131n\u0131 ile ge\u00e7en 3-4 ayl\u0131k s\u00fcre\u00e7 sonras\u0131nda yaz\u0131n gelmesi ile normalle\u015fme s\u00fcrecinin ba\u015flam\u0131yla tatilciler, kalabal\u0131k olan oteller yerine daha \u00e7ok villa tipi tatil yerlerine y\u00f6neldiler.<\/p>\n<p>Koronavir\u00fcs salg\u0131n\u0131 \u00f6nlemlerinde faaliyetlerine bir zaman ara veren turistik tesislerde normalle\u015fme s\u00fcreci ile de hareketlilik art\u0131\u015f\u0131 oldu. Villa konsepte sahip oteller, tatil yapacaklar\u0131n \u00f6ncelikli konaklama tercihleri aras\u0131na girdi. Sakarya Sapanca&#8217;de, tabiat ile ba\u015f ba\u015fa, dinlendirici ve huzurlu bir tatil yapmak i\u00e7in \u00e7e\u015fitli tedbirler alm\u0131\u015f olan villa konseptli oteller, misafirlerini a\u011f\u0131rlamaya ba\u015flad\u0131lar.<\/p>\n<h2>&#8216;Metropol b\u00fcyy\u00fck \u015fehirlerden ilgi daha fazla&#8217;<\/h2>\n<p>Sakarya Sapanca&#8217;da K\u0131rkp\u0131nar mevkisinde bulunan butik otel i\u015fletme m\u00fcd\u00fcr\u00fc Gamze Gezgin, 23 butik tarz\u0131 villa, 16 dubleks villa, 5 aile s\u00fcit ile 2 bungalov ev olarak m\u00fc\u015fterilerine hizmet verdiklerini s\u00f6yledi. Koronavir\u00fcs salg\u0131n\u0131 \u00f6nlemlerinde faaliyetlerine 3 ay gibi ara verdiklerini s\u00f6yleyen Gezgin, normalle\u015fme s\u00fcreci ile yeniden hizmete ba\u015flad\u0131klar\u0131n\u0131 belirtti.<\/p>\n<p>Sa\u011fl\u0131k Bakanl\u0131\u011f\u0131 ve D\u00fcnya Sa\u011fl\u0131k \u00d6rg\u00fct\u00fcn\u00fcn uyar\u0131 ve genelgelerine uyarak, tesisimizi bu kurallara uygun hale getirdiklerini s\u00f6yleyen Gezgin, &#8220;Odalar\u0131m\u0131z misafir giri\u015f ve \u00e7\u0131k\u0131\u015flar\u0131nda tekrar dezenfekte edilmektedir. A\u00e7\u0131k alanlar\u0131m\u0131z\u0131 da sosyal mesafe kural\u0131na g\u00f6re d\u00fczenledik. \u0130lk etapta y\u00fczde 50 dolulukla ilerlemeyi planl\u0131yoruz&#8221; \u015feklinde konu\u015ftu.<\/p>\n<h2>&#8216;Misafirlerimizi hijyenik bir ortamda a\u011f\u0131rl\u0131yoruz&#8217;<\/h2>\n<p>Gezgin, ya\u015fanan normalle\u015fme s\u00fcreci ile \u00e7ok yo\u011fun bir talep ald\u0131klar\u0131n\u0131, \u00f6zellikle de \u0130stanbul, Ankara\u00a0ve Kocaeli illerinden talebin \u00e7ok oldu\u011funa dikkat \u00e7ekti.<\/p>\n<p>Salg\u0131n \u00f6ncesinda tesislerinin tam olarak dolulukla hizmet verdi\u011finin alt\u0131n\u0131 \u00e7izen Gezgin, \u015funlar\u0131 s\u00f6yledi: &#8216;Normalde de talep g\u00f6ren bir tesisiz fakat bu s\u00fcre\u00e7te m\u00fcstakil, villa tarz\u0131 ve ye\u015fil alanda bir tesis oldu\u011fumuz i\u00e7in talepler artt\u0131. \u015eu anda kalabal\u0131k otellere girmek istemeyen insan profili fazlala\u015ft\u0131. Daha \u00e7ok butik yerleri tercih edebiliyorlar. Hem orman i\u00e7inde hem de \u015fehir merkezine yak\u0131n oldu\u011fumuz i\u00e7in bu t\u00fcr alanlara tercihlerde art\u0131\u015f g\u00f6rd\u00fck. Tabii ki b\u00fcy\u00fck otelleri de tercih eden kitleler olacak.&#8217;<\/p>\n<p>&#8220;Normalde de talep g\u00f6ren bir tesisimiz bu s\u00fcre\u00e7te m\u00fcstakil, villa tarz\u0131 ve ye\u015fil alanda bir tesis oldu\u011fumuz i\u00e7in talepler daha da artt\u0131. \u015eu anda kalabal\u0131k otellere gitmek istemeyenler fazlala\u015ft\u0131. Daha \u00e7ok butik yerleri tercih ediyorlar. Hem orman i\u00e7inde hem de \u015fehir merkezine yak\u0131n oldu\u011fumuz i\u00e7in bu t\u00fcr alanlara tercihlerde art\u0131\u015f g\u00f6rd\u00fck. Tabii ki b\u00fcy\u00fck otelleri de tercih eden kitleler olacak.&#8221;<\/p>\n<p>\u00d6zellikle hafta sonlar\u0131 daha fazla yo\u011funluk ya\u015fand\u0131\u011f\u0131n\u0131 s\u00f6yleyen Gezgin, &#8220;Tesisimizde her misafirin kendine \u00f6zel bir alan\u0131 var. O nedenle hi\u00e7 \u00e7ekinmelerine gerek kalm\u0131yor. En \u00fcst d\u00fczey \u00fcr\u00fcnlerle tesisimizi s\u00fcrekli dezenfekte ediyoruz. Ozon makineleriyle m\u00fc\u015fteri giri\u015f ve \u00e7\u0131k\u0131\u015flar\u0131nda hava \u015fartland\u0131rma i\u015flemi ger\u00e7ekle\u015ftiriyoruz. Misafirlerimize do\u011fayla, \u00e7ocuk ve aileleriyle g\u00fczel vakit ge\u00e7irebilecekleri hijyenik bir ortam sa\u011flam\u0131\u015f bulunmaktay\u0131z&#8221; dedi.<\/p>\n<p>&nbsp;<\/p>\n","protected":false},"excerpt":{"rendered":"<p>Koronavir\u00fcs salg\u0131n\u0131 ile ge\u00e7en 3-4 ayl\u0131k s\u00fcre\u00e7 sonras\u0131nda yaz\u0131n gelmesi ile normalle\u015fme s\u00fcrecinin ba\u015flam\u0131yla tatilciler, kalabal\u0131k olan oteller yerine daha \u00e7ok villa tipi tatil yerlerine y\u00f6neldiler. Koronavir\u00fcs salg\u0131n\u0131 \u00f6nlemlerinde faaliyetlerine bir zaman ara veren turistik tesislerde normalle\u015fme s\u00fcreci ile de hareketlilik art\u0131\u015f\u0131 oldu. Villa konsepte sahip oteller, tatil yapacaklar\u0131n \u00f6ncelikli konaklama tercihleri aras\u0131na girdi. Sakarya [&hellip;]<\/p>\n","protected":false},"author":1,"featured_media":32053,"comment_status":"open","ping_status":"open","sticky":false,"template":"","format":"standard","meta":{"ngg_post_thumbnail":0},"categories":[5388],"tags":[158,14443,14156],"_links":{"self":[{"href":"https:\/\/emlaktuel.com\/index.php?rest_route=\/wp\/v2\/posts\/32052"}],"collection":[{"href":"https:\/\/emlaktuel.com\/index.php?rest_route=\/wp\/v2\/posts"}],"about":[{"href":"https:\/\/emlaktuel.com\/index.php?rest_route=\/wp\/v2\/types\/post"}],"author":[{"embeddable":true,"href":"https:\/\/emlaktuel.com\/index.php?rest_route=\/wp\/v2\/users\/1"}],"replies":[{"embeddable":true,"href":"https:\/\/emlaktuel.com\/index.php?rest_route=%2Fwp%2Fv2%2Fcomments&post=32052"}],"version-history":[{"count":1,"href":"https:\/\/emlaktuel.com\/index.php?rest_route=\/wp\/v2\/posts\/32052\/revisions"}],"predecessor-version":[{"id":32054,"href":"https:\/\/emlaktuel.com\/index.php?rest_route=\/wp\/v2\/posts\/32052\/revisions\/32054"}],"wp:featuredmedia":[{"embeddable":true,"href":"https:\/\/emlaktuel.com\/index.php?rest_route=\/wp\/v2\/media\/32053"}],"wp:attachment":[{"href":"https:\/\/emlaktuel.com\/index.php?rest_route=%2Fwp%2Fv2%2Fmedia&parent=32052"}],"wp:term":[{"taxonomy":"category","embeddable":true,"href":"https:\/\/emlaktuel.com\/index.php?rest_route=%2Fwp%2Fv2%2Fcategories&post=32052"},{"taxonomy":"post_tag","embeddable":true,"href":"https:\/\/emlaktuel.com\/index.php?rest_route=%2Fwp%2Fv2%2Ftags&post=32052"}],"curies":[{"name":"wp","href":"https:\/\/api.w.org\/{rel}","templated":true}]}}