{"id":31928,"date":"2020-06-16T18:55:55","date_gmt":"2020-06-16T15:55:55","guid":{"rendered":"https:\/\/emlaktuel.com\/?p=31928"},"modified":"2020-06-16T18:55:55","modified_gmt":"2020-06-16T15:55:55","slug":"gayrimenkul-sektorunun-aci-kaybi","status":"publish","type":"post","link":"https:\/\/emlaktuel.com\/?p=31928","title":{"rendered":"Gayrimenkul sekt\u00f6r\u00fcn\u00fcn ac\u0131 kayb\u0131"},"content":{"rendered":"<h4 class=\"post-subtitle\">\u00dclkemizin planl\u0131 geli\u015fimine, altyap\u0131l\u0131 arsa \u00fcretimine, planl\u0131 toplu konut alanlar\u0131 geli\u015ftirilmesine ve 2002 y\u0131l\u0131nda ba\u015flayan toplu konut hamlesine b\u00fcy\u00fck katk\u0131 sa\u011flayan \u00fclkemizin en deneyimli gayrimenkul geli\u015ftirme uzmanlar\u0131ndan olan emekli TOK\u0130 Emlak Daire Ba\u015fkan\u0131 Ali Seydi Karao\u011flu vefat etti.<\/h4>\n<div class=\"entry-content clearfix single-post-content\">\n<p>\u00dclkemizin planl\u0131 geli\u015fimine, altyap\u0131l\u0131 arsa \u00fcretimine, planl\u0131 toplu konut alanlar\u0131 geli\u015ftirilmesine ve 2002 y\u0131l\u0131nda ba\u015flayan toplu konut hamlesine b\u00fcy\u00fck katk\u0131 sa\u011flayan \u00fclkemizin en deneyimli gayrimenkul geli\u015ftirme uzmanlar\u0131ndan olan emekli Emlak Konut GYO Y\u00f6netim Kurulu Eski \u00dcyesi Ali Seydi Karao\u011flu, Hakk\u0131n rahmetine kavu\u015ftu.<\/p>\n<p>\u00c7al\u0131\u015fma hayat\u0131na Arsa Ofisi Genel M\u00fcd\u00fcrl\u00fc\u011f\u00fc\u2019nde ba\u015flayan Ali Seydi Karao\u011flu, daha sonra TOK\u0130 \u0130stanbul Emlak Dairesi Ba\u015fkan\u0131 ve Emlak Konut GYO Y\u00f6netim Kurulu \u00dcyesi olarak g\u00f6rev yapt\u0131. Ali Seydi Karao\u011flu son olarak OYAK Gayrimenkul Geli\u015ftirme Koordinat\u00f6rl\u00fc\u011f\u00fc sorumlulu\u011funu \u00fcstlendi.<\/p>\n<p>Kamu hizmeti s\u00fcresince \u00fclkemizin en planl\u0131 toplu konut alanlar\u0131 olan Ankara Eryaman, \u0130stanbul Halkal\u0131 Toplu Konut alanlar\u0131n\u0131n arsa \u00fcretimi ve kamula\u015ft\u0131rma projelerinde g\u00f6rev yapan Karao\u011flu, sonras\u0131nda \u0130stanbul Kaya\u015fehir Toplu Konut Projesi\u2019nin geli\u015ftirilmesinde ve y\u00fcr\u00fct\u00fclmesinde \u00f6nemli g\u00f6revler \u00fcstlendi. Ayr\u0131ca \u0130stanbul ba\u015fta olmak \u00fczere pek \u00e7ok ilde kentsel d\u00f6n\u00fc\u015f\u00fcm projeleri y\u00fcr\u00fctt\u00fc. Kanal \u0130stanbul projesinin kamula\u015ft\u0131rma ve rezerv alan \u00e7al\u0131\u015fmalar\u0131n\u0131 ba\u015flatan Karao\u011flu, \u0130stanbul\u2019da \u00c7aml\u0131ca Camii\u2019nin planlanmas\u0131nda ve imar uygulamalar\u0131nda \u00e7al\u0131\u015ft\u0131. T\u00fcm bu \u00e7al\u0131\u015fmalar kapsam\u0131nda kamuya \u00f6nemli \u00e7apta gelir kazanc\u0131 sa\u011flad\u0131. Kamu kurumlar\u0131 ile yap\u0131lan protokoller kapsam\u0131nda kamu kurumlar\u0131n\u0131n ihtiyac\u0131 olan kurumsal binalar\u0131n yap\u0131m\u0131n\u0131n finansman\u0131na katk\u0131 sa\u011flad\u0131. Yine 2009-2015 y\u0131llar\u0131 aras\u0131nda Emlak Konut GYO\u2019nun arsa geli\u015ftirme s\u00fcrecinde \u00f6nemli g\u00f6revler \u00fcstlendi.<\/p>\n<p>Kamudan emekli olduktan sonra y\u00fcr\u00fctt\u00fc\u011f\u00fc OYAK Gayrimenkul Geli\u015ftirme Koordinat\u00f6rl\u00fc\u011f\u00fc\u2019nde grubun sahip oldu\u011fu t\u00fcm gayrimenkullerin tek elden verimli \u015fekilde y\u00fcr\u00fct\u00fclmesini koordine etti. Rahmetli Karao\u011flu evli ve 2 \u00e7ocuk babas\u0131yd\u0131.<\/p>\n<p>Ali Seydi Karao\u011flu\u2019nun cenazesi 16 Haziran Sal\u0131 (bug\u00fcn) Atak\u00f6y 5. K\u0131s\u0131m Camii\u2019nde k\u0131l\u0131nacak ikindi namaz\u0131n\u0131 m\u00fcteakiben defnediliyor.<\/p>\n<\/div>\n<div class=\"entry-terms post-tags clearfix style-18\"><\/div>\n<h4 class=\"post-meta-wrap clearfix\"><\/h4>\n","protected":false},"excerpt":{"rendered":"<p>\u00dclkemizin planl\u0131 geli\u015fimine, altyap\u0131l\u0131 arsa \u00fcretimine, planl\u0131 toplu konut alanlar\u0131 geli\u015ftirilmesine ve 2002 y\u0131l\u0131nda ba\u015flayan toplu konut hamlesine b\u00fcy\u00fck katk\u0131 sa\u011flayan \u00fclkemizin en deneyimli gayrimenkul geli\u015ftirme uzmanlar\u0131ndan olan emekli TOK\u0130 Emlak Daire Ba\u015fkan\u0131 Ali Seydi Karao\u011flu vefat etti. \u00dclkemizin planl\u0131 geli\u015fimine, altyap\u0131l\u0131 arsa \u00fcretimine, planl\u0131 toplu konut alanlar\u0131 geli\u015ftirilmesine ve 2002 y\u0131l\u0131nda ba\u015flayan toplu konut [&hellip;]<\/p>\n","protected":false},"author":1,"featured_media":31929,"comment_status":"open","ping_status":"open","sticky":false,"template":"","format":"standard","meta":{"ngg_post_thumbnail":0},"categories":[5388],"tags":[14414,1923,450],"_links":{"self":[{"href":"https:\/\/emlaktuel.com\/index.php?rest_route=\/wp\/v2\/posts\/31928"}],"collection":[{"href":"https:\/\/emlaktuel.com\/index.php?rest_route=\/wp\/v2\/posts"}],"about":[{"href":"https:\/\/emlaktuel.com\/index.php?rest_route=\/wp\/v2\/types\/post"}],"author":[{"embeddable":true,"href":"https:\/\/emlaktuel.com\/index.php?rest_route=\/wp\/v2\/users\/1"}],"replies":[{"embeddable":true,"href":"https:\/\/emlaktuel.com\/index.php?rest_route=%2Fwp%2Fv2%2Fcomments&post=31928"}],"version-history":[{"count":1,"href":"https:\/\/emlaktuel.com\/index.php?rest_route=\/wp\/v2\/posts\/31928\/revisions"}],"predecessor-version":[{"id":31930,"href":"https:\/\/emlaktuel.com\/index.php?rest_route=\/wp\/v2\/posts\/31928\/revisions\/31930"}],"wp:featuredmedia":[{"embeddable":true,"href":"https:\/\/emlaktuel.com\/index.php?rest_route=\/wp\/v2\/media\/31929"}],"wp:attachment":[{"href":"https:\/\/emlaktuel.com\/index.php?rest_route=%2Fwp%2Fv2%2Fmedia&parent=31928"}],"wp:term":[{"taxonomy":"category","embeddable":true,"href":"https:\/\/emlaktuel.com\/index.php?rest_route=%2Fwp%2Fv2%2Fcategories&post=31928"},{"taxonomy":"post_tag","embeddable":true,"href":"https:\/\/emlaktuel.com\/index.php?rest_route=%2Fwp%2Fv2%2Ftags&post=31928"}],"curies":[{"name":"wp","href":"https:\/\/api.w.org\/{rel}","templated":true}]}}