{"id":31900,"date":"2020-06-14T13:58:52","date_gmt":"2020-06-14T10:58:52","guid":{"rendered":"https:\/\/emlaktuel.com\/?p=31900"},"modified":"2020-06-14T13:58:52","modified_gmt":"2020-06-14T10:58:52","slug":"istanbul-havalimaninda-yapimi-tamamlanan-3-bagimsiz-pistin-acilisi-yapiliyor","status":"publish","type":"post","link":"https:\/\/emlaktuel.com\/?p=31900","title":{"rendered":"\u0130stanbul Havaliman\u0131\u2019nda Yap\u0131m\u0131 Tamamlanan 3. Ba\u011f\u0131ms\u0131z Pistin A\u00e7\u0131l\u0131\u015f\u0131 Yap\u0131l\u0131yor"},"content":{"rendered":"<p><strong>Benzersiz mimarisi, g\u00fc\u00e7l\u00fc alt yap\u0131s\u0131, \u00fcst\u00fcn teknolojisi ve sundu\u011fu \u00fcst d\u00fczey yolculuk deneyimi ile a\u00e7\u0131ld\u0131\u011f\u0131 ilk y\u0131lda k\u00fcresel bir hub olan \u0130stanbul Havaliman\u0131\u2019n\u0131n 3. ba\u011f\u0131ms\u0131z pisti Cumhurba\u015fkan\u0131 Recep Tayyip Erdo\u011fan\u2019\u0131n kat\u0131laca\u011f\u0131 t\u00f6renle hizmete giriyor.<\/strong><\/p>\n<p><strong>\u0130stanbul Havaliman\u0131\u2019nda saatlik u\u00e7ak ini\u015f kalk\u0131\u015f kapasitesini 80\u2018den 120\u2019ye \u00e7\u0131karacak olan 3. ba\u011f\u0131ms\u0131z pistin yan\u0131 s\u0131ra, yap\u0131lan t\u00f6rende cami ve devlet konuk evinin de a\u00e7\u0131l\u0131\u015f\u0131 ger\u00e7ekle\u015ftirilecek.<\/strong><\/p>\n<h2><strong>\u0130stanbul Havaliman\u0131 3. Ba\u011f\u0131ms\u0131z pisti<\/strong><\/h2>\n<p>3. ba\u011f\u0131ms\u0131z pist ile \u0130stanbul Havaliman\u0131, bu say\u0131da pist ile ba\u011f\u0131ms\u0131z paralel operasyon yapabilen\u00a0<strong>T\u00fcrkiye\u2019de ilk, Avrupa\u2019da Amsterdam Schiphol Havaliman\u0131\u2019ndan sonra ikinci havaliman\u0131\u00a0<\/strong>konumuna y\u00fckseliyor.<\/p>\n<p>\u0130stanbul Havaliman\u0131 Terminali\u2019nin do\u011fusunda yer alan 3. ba\u011f\u0131ms\u0131z pistin faaliyete ge\u00e7mesi ile birlikte\u00a0<strong>i\u00e7 hat u\u00e7u\u015flar\u0131ndaki mevcut taksi s\u00fcrelerinde yakla\u015f\u0131k y\u00fczde 50 oran\u0131nda bir azalma<\/strong>\u00a0ya\u015fanacak. Yap\u0131lan sim\u00fclasyonlara g\u00f6re ortalama u\u00e7ak ini\u015f s\u00fcresi 15 dakikadan 11 dakikaya inecek, ortalama u\u00e7ak kalk\u0131\u015f s\u00fcresi ise 22 dakikadan 15 dakikaya inecek. Hava trafi\u011finin \u00e7ok yo\u011fun oldu\u011fu havalimanlar\u0131ndaki s\u0131k\u0131\u015f\u0131kl\u0131\u011f\u0131 hafifletmeyi ama\u00e7layan, ikinci \u201cEnd-Around Taksi Yolu\u201d da yeni pist ile birlikte hizmete girecek. B\u00f6ylelikle ayn\u0131 anda ini\u015f kalk\u0131\u015f yap\u0131lan \u0130stanbul Havaliman\u0131\u2019nda, u\u00e7aklar\u0131n yerdeki hareketlerinde k\u0131s\u0131tlama olmayacak.<\/p>\n<p>\u0130stanbul Havaliman\u0131, \u015fu an 3 ba\u011f\u0131ms\u0131z ana pist ve 2 yedek pistleri ile 5 adet operasyonel piste sahip olacak. Yeni pist sayesinde hava trafik kapasitesi saatte 80 u\u00e7ak kalk\u0131\u015f-ini\u015f say\u0131s\u0131ndan en d\u00fc\u015f\u00fck 120\u2019ye \u00e7\u0131karken, hava yollar\u0131n\u0131n slot esnekli\u011fi de artacak. Yeni pist ile birlikte g\u00fcnl\u00fck olarak ortalama 2 bin 800\u2019den fazla ini\u015f kalk\u0131\u015fa izin verebilecek kapasiteye ula\u015f\u0131labilecek.<\/p>\n<p>Piste ait taksi yollar\u0131 23 mt g\u00f6vde ve her iki k\u0131s\u0131mda 10.5 mt kaplamal\u0131 banket geni\u015fli\u011fine sahiptir. Toplamda taksi yolar\u0131n\u0131n geni\u015flikleri, kaplamal\u0131 banket dahil 44 mt\u2019dir. Taksi yollar\u0131ndan, 4 adeti kuzeyli operasyonlarda, 4 adeti de g\u00fcneyli operasyonlarda pisten h\u0131zl\u0131 \u00e7\u0131k\u0131\u015f\u0131 sa\u011flayacak \u00f6zelli\u011fe sahip, h\u0131zl\u0131 \u00e7\u0131k\u0131\u015f taksi yolu kullan\u0131lm\u0131\u015ft\u0131r. Di\u011fer taksi yollar\u0131, enine ba\u011flant\u0131 taksi yollar\u0131 ve boyuna ba\u011flant\u0131 hizmeti sa\u011flayan paralel taksi yollar\u0131d\u0131r. Toplamda 25 adet taksi yolu i\u00e7ermektedir.<\/p>\n<p><strong>3. ba\u011f\u0131ms\u0131z pist havac\u0131l\u0131kta CAT-III olarak adland\u0131r\u0131lan en zorlu hava ko\u015fullar\u0131nda ini\u015f ve kalk\u0131\u015fa olanak sa\u011flayacak elektrik ve elektronik seyr\u00fcsefer sistemlerine sahiptir.<\/strong>\u00a0Pisti g\u00f6vde kaplamas\u0131 asfalt ve beton olmak \u00fczere iki \u00e7e\u015fit g\u00f6vde kaplamas\u0131 i\u00e7ermektedir. 36 pist ba\u015f\u0131n\u0131n bulundu\u011fu k\u0131s\u0131mda a\u011f\u0131rl\u0131kl\u0131 ini\u015flerin olaca\u011f\u0131 planlanm\u0131\u015f ve 375 mt beton kaplama yap\u0131lm\u0131\u015ft\u0131r. Pistin geri kalan k\u0131sm\u0131 2685 mt asfalt olarak yap\u0131lm\u0131\u015ft\u0131r. Pistin kaplamal\u0131 banketleri de tamam\u0131yla asfalt kaplamad\u0131r.<\/p>\n<h2><strong>\u0130stanbul Havaliman\u0131 Camisi\u00a0<\/strong><\/h2>\n<p>\u0130stanbul Havaliman\u0131\u2019nda yap\u0131m\u0131 tamamlanan 8070 m2 kapal\u0131 alana sahip cami, bina yap\u0131s\u0131 olarak kubbe, mahfil b\u00f6lgesi ve avlu olarak 3 ana b\u00f6l\u00fcmden olu\u015fuyor.<\/p>\n<p>Avlu dahil 6230 ki\u015finin ayn\u0131 anda ibadet edebilece\u011fi caminin \u00fc\u00e7 ana giri\u015fi bulunmaktad\u0131r. Avlu merkezinde \u015fad\u0131rvan yer almaktad\u0131r. Ana giri\u015fte ilk k\u00fc\u00e7\u00fck kubbe alan, bu alan\u0131n do\u011fu ve bat\u0131ya do\u011fru a\u00e7\u0131lan koridorlar\u0131 \u00fczerinde abdesthane ve WC alanlar\u0131 yer almaktad\u0131r.<\/p>\n<p>Camide, 72 adet zeminden kubbeye do\u011fru y\u00fckselen renkli camlar bulunmaktad\u0131r. Bu camlar\u0131n \u00fczerinde de yine camlar\u0131n deseninin devam\u0131 olan dekoratif mesh paneller devam etmektedir. Meshlerin bitiminde ku\u015fak b\u00f6l\u00fcm\u00fcnde Allah\u2019\u0131n 99 isminin yazd\u0131\u011f\u0131 alt\u0131n varakl\u0131 kutu profilden yap\u0131lm\u0131\u015f tezyinat \u00e7al\u0131\u015fmas\u0131 yer almaktad\u0131r. Bu k\u0131sm\u0131n da \u00fczeri art\u0131k \u00e7at\u0131y\u0131 olu\u015fturmakta olup kubbenin en \u00fcst noktas\u0131nda \u0130hlas Suresi\u2019nin yazd\u0131\u011f\u0131 tezyinat \u00e7al\u0131\u015fmas\u0131 vard\u0131r. Ana ibadet alan\u0131n\u0131n kuzeyinde \u00fcst b\u00f6l\u00fcmde kad\u0131nlar b\u00f6l\u00fcm\u00fc balkon \u015feklinde g\u00f6r\u00fclebilir. Bu b\u00f6l\u00fcm\u00fcn de \u00fcst\u00fcnde yine kaburgalar aras\u0131nda kalacak \u015fekilde ayarlanm\u0131\u015f 14 adet farkl\u0131 ayetten olu\u015fan tezyinat yaz\u0131lar\u0131 vard\u0131r.\u00a0<strong>Tezyinatlar\u0131n tasar\u0131m\u0131 Fatih Sultan Mehmet Vak\u0131f \u00dcniversitesi\u2019nden Dekan Prof. Dr. M. H\u00fcsrev SUBA\u015eI \u00f6nc\u00fcl\u00fc\u011f\u00fcnde yap\u0131lm\u0131\u015ft\u0131r<\/strong>. Yaz\u0131 stili hafif modernize edilmi\u015f Kufi\u2019dir.<\/p>\n<p>Ana ibadet alan\u0131ndaki ku\u015fak yaz\u0131s\u0131 da akustik s\u0131va uygulamas\u0131 \u00fczerine yap\u0131ld\u0131\u011f\u0131ndan s\u0131van\u0131n \u00f6zelli\u011fini kaybetmemesi ve y\u00fczeyin bozulmamas\u0131 i\u00e7in \u00f6zellikle \u00f6zen g\u00f6sterilmi\u015ftir. Bu uygulamada \u00f6zel 3 boyutlu taray\u0131c\u0131 cihazlar ile yerinde yakla\u015f\u0131k 40 milyon okuma yap\u0131larak y\u00fczey modeli olu\u015fturulmu\u015ftur. Bu y\u00fczey modeli \u00fczerine yine 3 boyutlu olarak haz\u0131rlanan tezyinat yaz\u0131lar\u0131 \u00e7ak\u0131\u015ft\u0131r\u0131l\u0131p do\u011fru yeri tespit edilmi\u015ftir. Buna g\u00f6re harfler ve s\u00fcslemeler tek tek \u00f6zel olarak imal edilip yerinde yine \u00f6zenle montaj\u0131 yap\u0131lm\u0131\u015ft\u0131r.<\/p>\n<p>Caminin g\u00fcneyinde ayr\u0131ca bir otopark alan\u0131 bulunmaktad\u0131r. Bu otopark\u0131n toplam ara\u00e7 kapasitesi yakla\u015f\u0131k 260 t\u0131r. Bunlar\u0131n 15 tanesi engelli, 7 tanesi elektrikli ara\u00e7, 2 tanesi b\u00fcy\u00fck ara\u00e7, 14 tanesi payla\u015f\u0131ml\u0131 ara\u00e7lar, 15 tanesi de d\u00fc\u015f\u00fck emisyonlu ara\u00e7lar i\u00e7in ayr\u0131lm\u0131\u015ft\u0131r.<\/p>\n<p>Camide 2 adet minare bulunmaktad\u0131r.<strong>\u00a0<\/strong>Caminin<strong>\u00a0<\/strong>minare y\u00fcksekli\u011fi 55 metre olup tek \u015ferefelidir.<\/p>\n<h2><strong>\u0130stanbul Havaliman\u0131 Devlet Konuk Evi<\/strong><\/h2>\n<p>Yap\u0131m\u0131 tamamlanarak hizmete a\u00e7\u0131lan \u0130stanbul Havaliman\u0131 Devlet Konuk Evi\u00a0<i>\u015eeref Salonu,\u00a0<strong>dinlenme odas\u0131, \u00fc\u00e7 farkl\u0131 salon, fuaye, iki adet konferans salonu, mutfak, ofis, bas\u0131n bekleme odas\u0131, selamlama askeri odas\u0131, personel odas\u0131, bay-bayan mescit, abdesthane ve son olarak s\u0131\u011f\u0131naktan<\/strong><\/i>\u00a0olu\u015fmaktad\u0131r.<\/p>\n<p>Yabanc\u0131 \u00fclke ba\u015fkanlar\u0131n\u0131n da a\u011f\u0131rlanaca\u011f\u0131 devlet konukevi toplam 3 bin 825 metrekareden olu\u015fmaktad\u0131r<\/p>\n","protected":false},"excerpt":{"rendered":"<p>Benzersiz mimarisi, g\u00fc\u00e7l\u00fc alt yap\u0131s\u0131, \u00fcst\u00fcn teknolojisi ve sundu\u011fu \u00fcst d\u00fczey yolculuk deneyimi ile a\u00e7\u0131ld\u0131\u011f\u0131 ilk y\u0131lda k\u00fcresel bir hub olan \u0130stanbul Havaliman\u0131\u2019n\u0131n 3. ba\u011f\u0131ms\u0131z pisti Cumhurba\u015fkan\u0131 Recep Tayyip Erdo\u011fan\u2019\u0131n kat\u0131laca\u011f\u0131 t\u00f6renle hizmete giriyor. \u0130stanbul Havaliman\u0131\u2019nda saatlik u\u00e7ak ini\u015f kalk\u0131\u015f kapasitesini 80\u2018den 120\u2019ye \u00e7\u0131karacak olan 3. ba\u011f\u0131ms\u0131z pistin yan\u0131 s\u0131ra, yap\u0131lan t\u00f6rende cami ve devlet [&hellip;]<\/p>\n","protected":false},"author":1,"featured_media":24937,"comment_status":"open","ping_status":"open","sticky":false,"template":"","format":"standard","meta":{"ngg_post_thumbnail":0},"categories":[5388],"tags":[205,12316],"_links":{"self":[{"href":"https:\/\/emlaktuel.com\/index.php?rest_route=\/wp\/v2\/posts\/31900"}],"collection":[{"href":"https:\/\/emlaktuel.com\/index.php?rest_route=\/wp\/v2\/posts"}],"about":[{"href":"https:\/\/emlaktuel.com\/index.php?rest_route=\/wp\/v2\/types\/post"}],"author":[{"embeddable":true,"href":"https:\/\/emlaktuel.com\/index.php?rest_route=\/wp\/v2\/users\/1"}],"replies":[{"embeddable":true,"href":"https:\/\/emlaktuel.com\/index.php?rest_route=%2Fwp%2Fv2%2Fcomments&post=31900"}],"version-history":[{"count":2,"href":"https:\/\/emlaktuel.com\/index.php?rest_route=\/wp\/v2\/posts\/31900\/revisions"}],"predecessor-version":[{"id":31902,"href":"https:\/\/emlaktuel.com\/index.php?rest_route=\/wp\/v2\/posts\/31900\/revisions\/31902"}],"wp:featuredmedia":[{"embeddable":true,"href":"https:\/\/emlaktuel.com\/index.php?rest_route=\/wp\/v2\/media\/24937"}],"wp:attachment":[{"href":"https:\/\/emlaktuel.com\/index.php?rest_route=%2Fwp%2Fv2%2Fmedia&parent=31900"}],"wp:term":[{"taxonomy":"category","embeddable":true,"href":"https:\/\/emlaktuel.com\/index.php?rest_route=%2Fwp%2Fv2%2Fcategories&post=31900"},{"taxonomy":"post_tag","embeddable":true,"href":"https:\/\/emlaktuel.com\/index.php?rest_route=%2Fwp%2Fv2%2Ftags&post=31900"}],"curies":[{"name":"wp","href":"https:\/\/api.w.org\/{rel}","templated":true}]}}