{"id":31892,"date":"2020-06-14T09:05:44","date_gmt":"2020-06-14T06:05:44","guid":{"rendered":"https:\/\/emlaktuel.com\/?p=31892"},"modified":"2020-06-14T09:05:44","modified_gmt":"2020-06-14T06:05:44","slug":"kiptas-silivri-4-etap-projesinin-temeli-atildi","status":"publish","type":"post","link":"https:\/\/emlaktuel.com\/?p=31892","title":{"rendered":"K\u0130PTA\u015e Silivri 4. Etap projesinin temeli at\u0131ld\u0131"},"content":{"rendered":"<p>K\u0130PTA\u015e Silivri 4. Etap projesinde temel at\u0131ld\u0131. Temel atma t\u00f6renine\u00a0<b>K\u0130PTA\u015e Genel M\u00fcd\u00fcr\u00fc Ali Kurt <\/b>ve\u00a0<b>\u0130BB Ba\u015fkan\u0131 Ekrem \u0130mamo\u011flu <\/b>kat\u0131larak konu\u015fma yapt\u0131lar.\u00a0<b>K\u0130PTA\u015e Genel M\u00fcd\u00fcr\u00fc Ali Kurt, &#8216;<\/b>Bug\u00fcn a\u00e7\u0131l\u0131\u015fla 2+1 daireleirmiz i\u00e7in y\u00fczde 3 indirim yaparak, vatanda\u015flar\u0131m\u0131za 120 ay 0.62 vade ile \u00f6deme sunuluyor&#8217;.<\/p>\n<p><strong>\u0130BB Ba\u015fkan\u0131 Ekrem \u0130mamo\u011flu<\/strong>, dar gelirli vatanda\u015flar\u0131m\u0131z\u0131n ev sahibi olmas\u0131na imkan veren K\u0130PTA\u015e\u2019\u0131n Silivri 4. Etap Konutlar\u0131\u2019n\u0131n temelini att\u0131. Temel atma t\u00f6reninde konu\u015fma yapan Ekrem \u0130mamo\u011flu, \u201cBug\u00fcnden itibaren daha hafiflemi\u015f g\u00f6r\u00fclen Covid-19 salg\u0131n\u0131 s\u00fcrecinde tedbirlere devam edece\u011fiz. Deprem \u00fclkemizin ger\u00e7e\u011fidir. Bu \u00e7ok \u00f6nemli bir g\u00fcndem ama bunun d\u0131\u015f\u0131nda suni g\u00fcndemlerle \u00fclkemizin \u00f6zellikle \u0130stanbul\u2019umuzun me\u015fgul olmas\u0131n\u0131 asla istemiyorum. \u0130stanbul\u2019un en hayati meselesi depremdir. Bunu hi\u00e7bir zaman unutmayaca\u011f\u0131z. \u00c7\u00fcnk\u00fc \u0130stanbul\u2019da milyonlarca insan\u0131n can sa\u011fl\u0131\u011f\u0131, hayat\u0131 tehdit alt\u0131ndad\u0131r. E\u011fri otural\u0131m, do\u011fru konu\u015fal\u0131m, bu konuda rahatlam\u0131\u015f de\u011filiz\u201d \u015feklinde konu\u015ftu.<\/p>\n<h2>Allah bitirmeyi nasip etsin<\/h2>\n<p>K\u0130PTA\u015e Silivri 4. Etap projesinin temeline ilk harc\u0131n at\u0131lmas\u0131ndan \u00f6nce konu\u015fma yapan \u0130BB Ba\u015fkan\u0131 Ekrem \u0130mamo\u011flu, \u201cBu anlar heyecanl\u0131 anlard\u0131r. Ba\u015flamak bitirmek demektir. E\u011fer kendinize g\u00fcven duyuyorsan\u0131z ve yapt\u0131\u011f\u0131n\u0131z i\u015fin \u00e7ok do\u011fru bir i\u015f oldu\u011funa inan\u0131yor iseniz bu y\u00fcz\u00fcn\u00fcze yans\u0131r\u201d dedi. Genel M\u00fcd\u00fcr Ali Kurt\u2019un y\u00fcz\u00fcnde o \u00f6zg\u00fcveni g\u00f6rd\u00fc\u011f\u00fcn\u00fc s\u00f6yleyen \u0130mamo\u011flu, \u201cB\u00fct\u00fcn detaylar\u0131 ile iyi haz\u0131rlanm\u0131\u015f, iyi planlanm\u0131\u015f bir s\u00fcrecin olgun bir \u015fekilde bug\u00fcn temel atma t\u00f6reninin rahatl\u0131\u011f\u0131 y\u00fcz\u00fcndeydi. Bu demek oluyor ki burada bu i\u015fe emek veren herkes, ayn\u0131 zamanda bundan sonra bu s\u00fcreci ta\u015f\u0131yacak olan firmalar, onun y\u00f6neticileri emek\u00e7ileri herkes inan\u00e7l\u0131. Bu \u00e7ok k\u0131ymetli bir \u015fey. Bu bizi ba\u015far\u0131ya g\u00f6t\u00fcrecek olan en de\u011ferli unsur. Allah tamam\u0131na erdirsin. Temel atma t\u00f6reniyle ba\u015flayan bu s\u00fcre\u00e7, kazas\u0131z s\u0131k\u0131nt\u0131s\u0131z bir s\u00fcreci hepimize ya\u015fats\u0131n. \u0130n\u015fallah ge\u00e7en hafta yapt\u0131\u011f\u0131m\u0131z gibi burada da bin 400\u2019e yak\u0131n konut sahibine anahtar\u0131n\u0131 teslim eder, s\u0131cak ve mutlu yuvalar\u0131nda ya\u015famalar\u0131na vesile olmu\u015f oluruz\u201d diye konu\u015ftu.<\/p>\n<h2>Ali Kurt: 0,64 vade oran\u0131n\u0131 0,62ye \u00e7ektik<\/h2>\n<p>K\u0130PTA\u015e Genel M\u00fcd\u00fcr\u00fc Ali Kurt, Silivri 4. Etap Konutlar\u0131 projesi i\u00e7in 2019 Ekim ay\u0131nda \u00e7al\u0131\u015fmalara ba\u015flad\u0131klar\u0131n\u0131, 24 Mart 2020&#8217;de ise ruhsat\u0131 alarak projenin tamamen yeni d\u00f6nemin projesi oldu\u011funa belirtt. Kurt, proje ile ilgili \u015f\u00f6yle konu\u015ftu.<\/p>\n<p>\u201cEvi olmayan\u0131 \u00f6denebilir ko\u015fullar ile ev sahibi yapmak i\u00e7in bilime \u00f6ncelik verdik. Ula\u015f\u0131labilir bir tasar\u0131m ortaya \u00e7\u0131kard\u0131k. Yeti\u015ftirdi\u011finiz Finans modeli ile Asgari \u00fccretin alt\u0131nda sabit taksit se\u00e7enekleri sunduk. \u0130nan\u0131yoruz ki bundan sonra sosyal konutta her \u015fey \u00e7ok farkl\u0131 olacak. \u00a01 Haziran\u2019dan itibaren bug\u00fcne kadar vatanda\u015flar\u0131m\u0131z 12 g\u00fcnl\u00fck zaman i\u00e7erisinde 21 bin ba\u015fvuru say\u0131s\u0131na ula\u015farak, Silivri il\u00e7emizde bir projedeki en b\u00fcy\u00fck ba\u015fvuru say\u0131s\u0131n\u0131 yakalamakla ayr\u0131ca gurur duyuyoruz. \u00c7ok do\u011fru bir i\u015f yapt\u0131\u011f\u0131m\u0131z\u0131 da g\u00f6stergesi. Bize ve projemize g\u00fcvenen \u0130stanbullular i\u00e7in finansta kendi i\u00e7inde d\u00f6nen bir proje geli\u015ftirdik. Yapt\u0131\u011f\u0131m\u0131z \u00e7al\u0131\u015fmalar neticesinde geli\u015ftirdi\u011fimiz plan modeliyle aylar \u00f6ncesinde, 120 ay sabit taksit \u00f6demeli olarak 0.64 faiz oran\u0131n\u0131 bu proje i\u00e7in yakalam\u0131\u015ft\u0131k. Bug\u00fcn 2+1 dairelerimiz i\u00e7in yakla\u015f\u0131k y\u00fczde \u00fc\u00e7l\u00fck bir indirim daha yaparak, vatanda\u015flar\u0131m\u0131za 120 ay sabit taksitle 0.62 faiz oran\u0131na denk gelecek \u015fekilde \u00f6deme plan\u0131m\u0131z\u0131 g\u00fcncelliyoruz. 2 bin 250 olan ba\u015flang\u0131\u00e7 fiyat taksitimizi 2 bin 182 TL\u2019ye \u00e7ekiyoruz. B\u00f6ylece T\u00fcrkiye&#8217;de Bir projede en d\u00fc\u015f\u00fck faiz oran\u0131n\u0131 sunman\u0131n gururunu ya\u015f\u0131yoruz.\u201d<\/p>\n<h2>Sa\u011fl\u0131k \u00e7al\u0131\u015fanlar\u0131 ve dar gelirliler ayr\u0131cakal\u0131<\/h2>\n<p>Silivri 4. Etap Konutlar\u0131\u2019n\u0131n ba\u015fvurular\u0131nda, e\u015fit f\u0131rsatlar sa\u011flamak i\u00e7in d\u00fczenlemeler yap\u0131ld\u0131. Y\u00fczde 40 engelli vatanda\u015flar, \u015fehit aileleri, harp ve vazife malulleri ile dul ve yetimler i\u00e7in 50\u2019\u015fer adet iki ayr\u0131 kontenjan d\u00fczenlendi. Koronavir\u00fcsle m\u00fccadelede \u00f6n cephede sava\u015fan sa\u011fl\u0131k \u00e7al\u0131\u015fanlar\u0131na da projede f\u0131rsat ve ayr\u0131cal\u0131k sunuldu. \u00d6zel gruplar i\u00e7in ek olarak 50 konut da sa\u011fl\u0131k \u00e7al\u0131\u015fanlar\u0131 i\u00e7in ayr\u0131ld\u0131.<\/p>\n<p>&nbsp;<\/p>\n","protected":false},"excerpt":{"rendered":"<p>K\u0130PTA\u015e Silivri 4. Etap projesinde temel at\u0131ld\u0131. Temel atma t\u00f6renine\u00a0K\u0130PTA\u015e Genel M\u00fcd\u00fcr\u00fc Ali Kurt ve\u00a0\u0130BB Ba\u015fkan\u0131 Ekrem \u0130mamo\u011flu kat\u0131larak konu\u015fma yapt\u0131lar.\u00a0K\u0130PTA\u015e Genel M\u00fcd\u00fcr\u00fc Ali Kurt, &#8216;Bug\u00fcn a\u00e7\u0131l\u0131\u015fla 2+1 daireleirmiz i\u00e7in y\u00fczde 3 indirim yaparak, vatanda\u015flar\u0131m\u0131za 120 ay 0.62 vade ile \u00f6deme sunuluyor&#8217;. \u0130BB Ba\u015fkan\u0131 Ekrem \u0130mamo\u011flu, dar gelirli vatanda\u015flar\u0131m\u0131z\u0131n ev sahibi olmas\u0131na imkan veren K\u0130PTA\u015e\u2019\u0131n [&hellip;]<\/p>\n","protected":false},"author":1,"featured_media":31893,"comment_status":"open","ping_status":"open","sticky":false,"template":"","format":"standard","meta":{"ngg_post_thumbnail":0},"categories":[5388],"tags":[13371,248,14401,14402],"_links":{"self":[{"href":"https:\/\/emlaktuel.com\/index.php?rest_route=\/wp\/v2\/posts\/31892"}],"collection":[{"href":"https:\/\/emlaktuel.com\/index.php?rest_route=\/wp\/v2\/posts"}],"about":[{"href":"https:\/\/emlaktuel.com\/index.php?rest_route=\/wp\/v2\/types\/post"}],"author":[{"embeddable":true,"href":"https:\/\/emlaktuel.com\/index.php?rest_route=\/wp\/v2\/users\/1"}],"replies":[{"embeddable":true,"href":"https:\/\/emlaktuel.com\/index.php?rest_route=%2Fwp%2Fv2%2Fcomments&post=31892"}],"version-history":[{"count":1,"href":"https:\/\/emlaktuel.com\/index.php?rest_route=\/wp\/v2\/posts\/31892\/revisions"}],"predecessor-version":[{"id":31894,"href":"https:\/\/emlaktuel.com\/index.php?rest_route=\/wp\/v2\/posts\/31892\/revisions\/31894"}],"wp:featuredmedia":[{"embeddable":true,"href":"https:\/\/emlaktuel.com\/index.php?rest_route=\/wp\/v2\/media\/31893"}],"wp:attachment":[{"href":"https:\/\/emlaktuel.com\/index.php?rest_route=%2Fwp%2Fv2%2Fmedia&parent=31892"}],"wp:term":[{"taxonomy":"category","embeddable":true,"href":"https:\/\/emlaktuel.com\/index.php?rest_route=%2Fwp%2Fv2%2Fcategories&post=31892"},{"taxonomy":"post_tag","embeddable":true,"href":"https:\/\/emlaktuel.com\/index.php?rest_route=%2Fwp%2Fv2%2Ftags&post=31892"}],"curies":[{"name":"wp","href":"https:\/\/api.w.org\/{rel}","templated":true}]}}