{"id":31880,"date":"2020-06-13T07:49:48","date_gmt":"2020-06-13T04:49:48","guid":{"rendered":"https:\/\/emlaktuel.com\/?p=31880"},"modified":"2020-06-13T07:49:48","modified_gmt":"2020-06-13T04:49:48","slug":"dusler-vadisi-rivada-konut-fiyatlari-ne-kadar","status":"publish","type":"post","link":"https:\/\/emlaktuel.com\/?p=31880","title":{"rendered":"D\u00fc\u015fler Vadisi Riva&#8217;da konut fiyatlar\u0131 ne kadar?"},"content":{"rendered":"<p><strong>Y\u0131lmaz\u00a0\u0130n\u015faat<\/strong>\u00a0taraf\u0131ndan\u00a0<strong>Emlak Konut GYO\u00a0<\/strong>ortakl\u0131\u011f\u0131 ile \u0130stanbul\u2019da Beykoz&#8217;da Riva\u2019da bulunan\u00a0<strong>Galatasaray Spor Kul\u00fcb\u00fc<\/strong>\u2018ne ai olan 1 milyon 157 bin metrekarelik arazide villa projesi olarak hayata ge\u00e7irilen D\u00fc\u015fler Vadisi Riva projesinin ilk etab\u0131nda, dekorasyonsuz olarak teslim edilecek olan 509 villa yer alacak.<\/p>\n<p>Emlak Konut GYO taraf\u0131ndan \u201c<strong>Hayallerini Erteleme T\u00fcrkiye<\/strong>\u201d slogan\u0131 ile ba\u015flatm\u0131\u015f oldu\u011fu\u00a0<strong>tarihi kampanyada<\/strong>\u00a0 yer alan 26 de\u011ferli projeden biride D\u00fc\u015fler Vadisi Riva\u2019da \u015fimdi konut al\u0131c\u0131lar\u0131 ve yat\u0131r\u0131mc\u0131lar y\u00fczde 5 pe\u015finat \u00f6deme yaparak (pe\u015finatta y\u00fczde 15&#8217;lik bakiye 24 ay sonra \u00f6deniyor)ayl\u0131k taksit \u00f6demelerine ise 2 sene sonra ba\u015flanacak. \u00c7ok cazip faiz oranlar\u0131yla (ayl\u0131k 0.69) ve 180 aya kadar vadeye kadar taksit f\u0131rsat\u0131 bulunuyor.<\/p>\n<h2><strong>D\u00fc\u015fler Vadisi Riva projesinde konutlar\u0131n sat\u0131\u015f fiyatlar\u0131<\/strong><\/h2>\n<ul>\n<li>171.04 ile 184.24 metrekare aras\u0131nda 2+1 dublekslerde sat\u0131\u015f fiyatlar\u0131 1.318.000 TL\u2019den ba\u015fl\u0131yor.<\/li>\n<li>261.23 ile 396.34 metrekare aras\u0131nda 3+1 dublekslerde sat\u0131\u015f fiyatlar\u0131 3.426.000 TL\u2019den ba\u015fl\u0131yor.<\/li>\n<\/ul>\n","protected":false},"excerpt":{"rendered":"<p>Y\u0131lmaz\u00a0\u0130n\u015faat\u00a0taraf\u0131ndan\u00a0Emlak Konut GYO\u00a0ortakl\u0131\u011f\u0131 ile \u0130stanbul\u2019da Beykoz&#8217;da Riva\u2019da bulunan\u00a0Galatasaray Spor Kul\u00fcb\u00fc\u2018ne ai olan 1 milyon 157 bin metrekarelik arazide villa projesi olarak hayata ge\u00e7irilen D\u00fc\u015fler Vadisi Riva projesinin ilk etab\u0131nda, dekorasyonsuz olarak teslim edilecek olan 509 villa yer alacak. Emlak Konut GYO taraf\u0131ndan \u201cHayallerini Erteleme T\u00fcrkiye\u201d slogan\u0131 ile ba\u015flatm\u0131\u015f oldu\u011fu\u00a0tarihi kampanyada\u00a0 yer alan 26 de\u011ferli projeden [&hellip;]<\/p>\n","protected":false},"author":1,"featured_media":24813,"comment_status":"open","ping_status":"open","sticky":false,"template":"","format":"standard","meta":{"ngg_post_thumbnail":0},"categories":[5388],"tags":[12127,268],"_links":{"self":[{"href":"https:\/\/emlaktuel.com\/index.php?rest_route=\/wp\/v2\/posts\/31880"}],"collection":[{"href":"https:\/\/emlaktuel.com\/index.php?rest_route=\/wp\/v2\/posts"}],"about":[{"href":"https:\/\/emlaktuel.com\/index.php?rest_route=\/wp\/v2\/types\/post"}],"author":[{"embeddable":true,"href":"https:\/\/emlaktuel.com\/index.php?rest_route=\/wp\/v2\/users\/1"}],"replies":[{"embeddable":true,"href":"https:\/\/emlaktuel.com\/index.php?rest_route=%2Fwp%2Fv2%2Fcomments&post=31880"}],"version-history":[{"count":1,"href":"https:\/\/emlaktuel.com\/index.php?rest_route=\/wp\/v2\/posts\/31880\/revisions"}],"predecessor-version":[{"id":31881,"href":"https:\/\/emlaktuel.com\/index.php?rest_route=\/wp\/v2\/posts\/31880\/revisions\/31881"}],"wp:featuredmedia":[{"embeddable":true,"href":"https:\/\/emlaktuel.com\/index.php?rest_route=\/wp\/v2\/media\/24813"}],"wp:attachment":[{"href":"https:\/\/emlaktuel.com\/index.php?rest_route=%2Fwp%2Fv2%2Fmedia&parent=31880"}],"wp:term":[{"taxonomy":"category","embeddable":true,"href":"https:\/\/emlaktuel.com\/index.php?rest_route=%2Fwp%2Fv2%2Fcategories&post=31880"},{"taxonomy":"post_tag","embeddable":true,"href":"https:\/\/emlaktuel.com\/index.php?rest_route=%2Fwp%2Fv2%2Ftags&post=31880"}],"curies":[{"name":"wp","href":"https:\/\/api.w.org\/{rel}","templated":true}]}}