{"id":31864,"date":"2020-06-12T11:01:24","date_gmt":"2020-06-12T08:01:24","guid":{"rendered":"https:\/\/emlaktuel.com\/?p=31864"},"modified":"2020-06-12T11:01:24","modified_gmt":"2020-06-12T08:01:24","slug":"yatas-bu-yil-da-turkiyenin-en-degerli-markalari-arasinda-yerini-aldi","status":"publish","type":"post","link":"https:\/\/emlaktuel.com\/?p=31864","title":{"rendered":"Yata\u015f Bu Y\u0131l da T\u00fcrkiye\u2019nin En De\u011ferli Markalar\u0131 Aras\u0131nda Yerini Ald\u0131"},"content":{"rendered":"<p><strong>Uluslararas\u0131 marka de\u011ferlendirme kurulu\u015fu Brand Finance\u2019in haz\u0131rlad\u0131\u011f\u0131 T\u00fcrkiye\u2019nin En De\u011ferli Markalar\u0131 2020 raporu a\u00e7\u0131kland\u0131. Yata\u015f Grup, ge\u00e7en y\u0131l 60\u2019\u0131nc\u0131 s\u0131rada yer ald\u0131\u011f\u0131 listede bu y\u0131l d\u00f6rt s\u0131ra y\u00fckselerek 56\u2019\u0131nc\u0131 s\u0131radan girmeyi ve yeniden sekt\u00f6r\u00fcn\u00fcn lideri olmay\u0131 ba\u015fard\u0131.<\/strong><\/p>\n<p>Mobilya ve yatak sekt\u00f6r\u00fcn\u00fcn lider \u015firketlerinden Yata\u015f Grup, uluslararas\u0131 marka de\u011ferlendirme kurulu\u015fu Brand Finance taraf\u0131ndan haz\u0131rlanan T\u00fcrkiye\u2019nin En De\u011ferli Markalar\u0131 aras\u0131na 56\u2019\u0131nc\u0131 s\u0131radan girmeyi ba\u015fard\u0131. Ge\u00e7en y\u0131l listede 60\u2019\u0131nc\u0131 s\u0131rada yer alan Yata\u015f, bu y\u0131l d\u00f6rt s\u0131ra y\u00fckselirken, ge\u00e7en y\u0131l oldu\u011fu gibi bu y\u0131l da kendi sekt\u00f6r\u00fcn\u00fcn lideri oldu. Yata\u015f\u2019\u0131n marka de\u011feri ise %61 artarak 53 milyon dolar olarak hesapland\u0131.<\/p>\n","protected":false},"excerpt":{"rendered":"<p>Uluslararas\u0131 marka de\u011ferlendirme kurulu\u015fu Brand Finance\u2019in haz\u0131rlad\u0131\u011f\u0131 T\u00fcrkiye\u2019nin En De\u011ferli Markalar\u0131 2020 raporu a\u00e7\u0131kland\u0131. Yata\u015f Grup, ge\u00e7en y\u0131l 60\u2019\u0131nc\u0131 s\u0131rada yer ald\u0131\u011f\u0131 listede bu y\u0131l d\u00f6rt s\u0131ra y\u00fckselerek 56\u2019\u0131nc\u0131 s\u0131radan girmeyi ve yeniden sekt\u00f6r\u00fcn\u00fcn lideri olmay\u0131 ba\u015fard\u0131. Mobilya ve yatak sekt\u00f6r\u00fcn\u00fcn lider \u015firketlerinden Yata\u015f Grup, uluslararas\u0131 marka de\u011ferlendirme kurulu\u015fu Brand Finance taraf\u0131ndan haz\u0131rlanan T\u00fcrkiye\u2019nin En [&hellip;]<\/p>\n","protected":false},"author":1,"featured_media":31865,"comment_status":"open","ping_status":"open","sticky":false,"template":"","format":"standard","meta":{"ngg_post_thumbnail":0},"categories":[26],"tags":[14395],"_links":{"self":[{"href":"https:\/\/emlaktuel.com\/index.php?rest_route=\/wp\/v2\/posts\/31864"}],"collection":[{"href":"https:\/\/emlaktuel.com\/index.php?rest_route=\/wp\/v2\/posts"}],"about":[{"href":"https:\/\/emlaktuel.com\/index.php?rest_route=\/wp\/v2\/types\/post"}],"author":[{"embeddable":true,"href":"https:\/\/emlaktuel.com\/index.php?rest_route=\/wp\/v2\/users\/1"}],"replies":[{"embeddable":true,"href":"https:\/\/emlaktuel.com\/index.php?rest_route=%2Fwp%2Fv2%2Fcomments&post=31864"}],"version-history":[{"count":1,"href":"https:\/\/emlaktuel.com\/index.php?rest_route=\/wp\/v2\/posts\/31864\/revisions"}],"predecessor-version":[{"id":31866,"href":"https:\/\/emlaktuel.com\/index.php?rest_route=\/wp\/v2\/posts\/31864\/revisions\/31866"}],"wp:featuredmedia":[{"embeddable":true,"href":"https:\/\/emlaktuel.com\/index.php?rest_route=\/wp\/v2\/media\/31865"}],"wp:attachment":[{"href":"https:\/\/emlaktuel.com\/index.php?rest_route=%2Fwp%2Fv2%2Fmedia&parent=31864"}],"wp:term":[{"taxonomy":"category","embeddable":true,"href":"https:\/\/emlaktuel.com\/index.php?rest_route=%2Fwp%2Fv2%2Fcategories&post=31864"},{"taxonomy":"post_tag","embeddable":true,"href":"https:\/\/emlaktuel.com\/index.php?rest_route=%2Fwp%2Fv2%2Ftags&post=31864"}],"curies":[{"name":"wp","href":"https:\/\/api.w.org\/{rel}","templated":true}]}}