{"id":31862,"date":"2020-06-12T10:58:18","date_gmt":"2020-06-12T07:58:18","guid":{"rendered":"https:\/\/emlaktuel.com\/?p=31862"},"modified":"2020-06-12T10:58:18","modified_gmt":"2020-06-12T07:58:18","slug":"tekfen-holding-turkiyenin-iklim-ve-su-lideri-odulunu-aldi","status":"publish","type":"post","link":"https:\/\/emlaktuel.com\/?p=31862","title":{"rendered":"Tekfen Holding \u201cT\u00fcrkiye\u2019nin \u0130klim ve Su Lideri\u201d \u00f6d\u00fcl\u00fcn\u00fc ald\u0131"},"content":{"rendered":"<p><strong>Tekfen Holding, iklim de\u011fi\u015fikli\u011finin etkilerini azaltmak ve do\u011fal kaynaklar\u0131 korumak amac\u0131yla i\u015f d\u00fcnyas\u0131n\u0131n i\u015fleyi\u015fini de\u011fi\u015ftirmeyi hedefleyen CDP (Carbon Disclosure Project) \u0130klim De\u011fi\u015fikli\u011fi ve Su G\u00fcvenli\u011fi Programlar\u0131nda ayr\u0131 ayr\u0131 \u201cA (-)\u201d band\u0131nda derecelendirilerek \u201cT\u00fcrkiye \u0130klim ve Su Liderleri\u201d \u00f6d\u00fcl\u00fcn\u00fc ald\u0131.<\/strong><\/p>\n<p><strong>Konuyla ilgili de\u011ferlendirmede bulunan Tekfen Holding Y\u00f6netim Kurulu Ba\u015fkan\u0131 Murat Gigin \u201cTekfen olarak faaliyet g\u00f6sterdi\u011fimiz taahh\u00fct-m\u00fchendislik-imalat, tar\u0131m ve gayrimenkul sekt\u00f6rlerinde y\u0131llard\u0131r \u00fcstlendi\u011fimiz liderli\u011fi s\u00fcrd\u00fcr\u00fclebilirlik alan\u0131na da ta\u015f\u0131yarak, bu konuda da iyi \u00f6rnek olmay\u0131 hedefliyoruz. CDP\u2019nin her iki program\u0131n\u0131n A band\u0131nda yer alan bir kurum olarak, \u201cT\u00fcrkiye\u2019nin \u0130klim ve Su Lideri\u201d \u00f6d\u00fcl\u00fcn\u00fc almam\u0131z; s\u00fcrekli iyile\u015fme \u00e7abam\u0131z\u0131n sonu\u00e7 verdi\u011finin somut g\u00f6stergesi olmakla kalm\u0131yor, bu u\u011furda m\u00fcthi\u015f bir motivasyon da sa\u011fl\u0131yor\u201d dedi.<\/strong><\/p>\n<p>D\u00fcnya Ekonomik Forumu\u2019nun her y\u0131l yay\u0131nlad\u0131\u011f\u0131 K\u00fcresel Risk Raporu\u2019nun 2020 y\u0131l\u0131 \u00e7al\u0131\u015fmas\u0131nda ilk kez, \u00f6n\u00fcm\u00fczdeki on y\u0131lda beklenen k\u00fcresel risklerin ilk be\u015fi \u00e7evresel risklerden olu\u015fmaktad\u0131r. On y\u0131ll\u0131k s\u00fcre i\u00e7erisinde ger\u00e7ekle\u015fme olas\u0131l\u0131\u011f\u0131 en y\u00fcksek be\u015f k\u00fcresel risk; a\u015f\u0131r\u0131 hava olaylar\u0131, iklim de\u011fi\u015fikli\u011fiyle m\u00fccadele ve uyumdaki ba\u015far\u0131s\u0131zl\u0131k, do\u011fal afetler, biyolojik \u00e7e\u015fitlilik kayb\u0131 ve ekosistem tahribat\u0131 ile insan kaynakl\u0131 \u00e7evresel zarar ve afetler olarak listelendi.\u00c7evresel risklerin her ge\u00e7en g\u00fcn etkisini art\u0131rd\u0131\u011f\u0131 g\u00fcn\u00fcm\u00fczde, ba\u015fta kamu ve \u00f6zel kurulu\u015flar olmak \u00fczere herkese \u00f6nemli sorumluluklar d\u00fc\u015f\u00fcyor.<\/p>\n<p>Sadece bug\u00fcne de\u011fil yar\u0131nlara da s\u00fcrd\u00fcr\u00fclebilir bir d\u00fcnya b\u0131rakmak i\u00e7in bu alandaki \u00e7al\u0131\u015fmalar\u0131n\u0131 s\u00fcrd\u00fcren Tekfen Holding, d\u00fcnyan\u0131n en g\u00fc\u00e7l\u00fc ye\u015fil Sivil Toplum Kurulu\u015fu olarak tan\u0131nan CDP (Carbon Disclosure Project) \u0130klim De\u011fi\u015fikli\u011fi Program\u0131 ve Su Program\u0131\u2019nda T\u00fcrkiye\u2019deki en y\u00fcksek not olan \u201cA (-)\u201d band\u0131nda yer alarak T\u00fcrkiye\u2019nin \u0130klim ve Su Liderleri aras\u0131nda yer alma ba\u015far\u0131s\u0131n\u0131 g\u00f6sterdi. A ve A (-) band\u0131nda yer alan \u015firketlerin, \u201cLiderlik\u201d seviyesinde oldu\u011fu kabul edilmektedir.<\/p>\n<p>Konuyla ilgili de\u011ferlendirmede bulunan\u00a0<strong>Tekfen Holding Y\u00f6netim Kurulu Ba\u015fkan\u0131 Murat Gigin\u00a0<\/strong>\u201cTekfen olarak faaliyet g\u00f6sterdi\u011fimiz taahh\u00fct-m\u00fchendislik-imalat, tar\u0131m ve gayrimenkul sekt\u00f6rlerinde y\u0131llard\u0131r \u00fcstlendi\u011fimiz liderli\u011fi s\u00fcrd\u00fcr\u00fclebilirlik alan\u0131na da ta\u015f\u0131yarak, bu konuda da iyi \u00f6rnek olmay\u0131 hedefliyoruz. Holding b\u00fcnyesinde, s\u00fcrd\u00fcr\u00fclebilirlik s\u00fcrecini daha etkin y\u00f6netmek \u00fczere, \u015firketler aras\u0131 koordinasyonu ve \u00e7al\u0131\u015fmalar\u0131n uyumunu sa\u011flamak amac\u0131yla 2017 y\u0131l\u0131nda olu\u015fturdu\u011fumuz S\u00fcrd\u00fcr\u00fclebilirlik Komitesi ve S\u00fcrd\u00fcr\u00fclebilirlik Koordinat\u00f6rl\u00fc\u011f\u00fc, \u00e7ok boyutlu ve geni\u015f kat\u0131l\u0131ml\u0131 bir s\u00fcre\u00e7te s\u00fcrd\u00fcr\u00fclebilirlik stratejimizin temellerini olu\u015fturdu. \u0130lk raporumuzu da 2018 y\u0131l\u0131 verileriyle ge\u00e7ti\u011fimiz sene yay\u0131nlad\u0131k. 2010 y\u0131l\u0131ndan itibaren CDP kriterleri do\u011frultusunda karbon emisyonlar\u0131m\u0131z\u0131n kendi i\u00e7imizde takibine ba\u015flam\u0131\u015ft\u0131k, 2017 y\u0131l\u0131nda ise ilk kez CDP ile verilerimizi payla\u015ft\u0131k. Bug\u00fcn itibariyle gururla ifade etmek isterim ki; CDP\u2019nin her iki program\u0131n\u0131n A band\u0131nda yer alan bir kurum olarak, \u201cT\u00fcrkiye\u2019nin \u0130klim ve Su Lideri\u201d \u00f6d\u00fcl\u00fcn\u00fc ald\u0131k. \u00d6zellikle de su kategorisinde, ge\u00e7ti\u011fimiz y\u0131l \u201cB\u201d band\u0131nda yer alan 5 \u015firketten sadece Tekfen\u2019in \u201cA-\u201d band\u0131na \u00e7\u0131kmas\u0131; s\u00fcrekli iyile\u015fme \u00e7abam\u0131z\u0131n sonu\u00e7 verdi\u011finin somut g\u00f6stergesi olmakla kalm\u0131yor, bu u\u011furda m\u00fcthi\u015f bir motivasyon da sa\u011fl\u0131yor\u201d dedi.<\/p>\n<p><strong>Ba\u011f\u0131ms\u0131z kurulu\u015flarca de\u011ferlendiriliyor<\/strong><\/p>\n<p>\u0130lk kez 2010 y\u0131l\u0131nda \u0130klim De\u011fi\u015fikli\u011fi ile ilgili verilerini izlemeye, \u00f6l\u00e7meye ve analiz etmeye ba\u015flayan, 2017 y\u0131l\u0131ndan bu yana ise CDP \u0130klim De\u011fi\u015fikli\u011fi Program\u0131\u2019na, 2018 y\u0131l\u0131ndan bu yana da CDP Su G\u00fcvenli\u011fi Program\u0131\u2019na \u015feffafl\u0131kla resmi raporlama yapan Tekfen Holding\u2019in bu ba\u015far\u0131s\u0131, ba\u011f\u0131ms\u0131z kurulu\u015flar\u0131n de\u011ferlendirilmesi sonras\u0131 verildi.<\/p>\n","protected":false},"excerpt":{"rendered":"<p>Tekfen Holding, iklim de\u011fi\u015fikli\u011finin etkilerini azaltmak ve do\u011fal kaynaklar\u0131 korumak amac\u0131yla i\u015f d\u00fcnyas\u0131n\u0131n i\u015fleyi\u015fini de\u011fi\u015ftirmeyi hedefleyen CDP (Carbon Disclosure Project) \u0130klim De\u011fi\u015fikli\u011fi ve Su G\u00fcvenli\u011fi Programlar\u0131nda ayr\u0131 ayr\u0131 \u201cA (-)\u201d band\u0131nda derecelendirilerek \u201cT\u00fcrkiye \u0130klim ve Su Liderleri\u201d \u00f6d\u00fcl\u00fcn\u00fc ald\u0131. Konuyla ilgili de\u011ferlendirmede bulunan Tekfen Holding Y\u00f6netim Kurulu Ba\u015fkan\u0131 Murat Gigin \u201cTekfen olarak faaliyet g\u00f6sterdi\u011fimiz taahh\u00fct-m\u00fchendislik-imalat, [&hellip;]<\/p>\n","protected":false},"author":1,"featured_media":19296,"comment_status":"open","ping_status":"open","sticky":false,"template":"","format":"standard","meta":{"ngg_post_thumbnail":0},"categories":[26],"tags":[14394],"_links":{"self":[{"href":"https:\/\/emlaktuel.com\/index.php?rest_route=\/wp\/v2\/posts\/31862"}],"collection":[{"href":"https:\/\/emlaktuel.com\/index.php?rest_route=\/wp\/v2\/posts"}],"about":[{"href":"https:\/\/emlaktuel.com\/index.php?rest_route=\/wp\/v2\/types\/post"}],"author":[{"embeddable":true,"href":"https:\/\/emlaktuel.com\/index.php?rest_route=\/wp\/v2\/users\/1"}],"replies":[{"embeddable":true,"href":"https:\/\/emlaktuel.com\/index.php?rest_route=%2Fwp%2Fv2%2Fcomments&post=31862"}],"version-history":[{"count":1,"href":"https:\/\/emlaktuel.com\/index.php?rest_route=\/wp\/v2\/posts\/31862\/revisions"}],"predecessor-version":[{"id":31863,"href":"https:\/\/emlaktuel.com\/index.php?rest_route=\/wp\/v2\/posts\/31862\/revisions\/31863"}],"wp:featuredmedia":[{"embeddable":true,"href":"https:\/\/emlaktuel.com\/index.php?rest_route=\/wp\/v2\/media\/19296"}],"wp:attachment":[{"href":"https:\/\/emlaktuel.com\/index.php?rest_route=%2Fwp%2Fv2%2Fmedia&parent=31862"}],"wp:term":[{"taxonomy":"category","embeddable":true,"href":"https:\/\/emlaktuel.com\/index.php?rest_route=%2Fwp%2Fv2%2Fcategories&post=31862"},{"taxonomy":"post_tag","embeddable":true,"href":"https:\/\/emlaktuel.com\/index.php?rest_route=%2Fwp%2Fv2%2Ftags&post=31862"}],"curies":[{"name":"wp","href":"https:\/\/api.w.org\/{rel}","templated":true}]}}