{"id":31822,"date":"2020-06-08T16:27:24","date_gmt":"2020-06-08T13:27:24","guid":{"rendered":"https:\/\/emlaktuel.com\/?p=31822"},"modified":"2020-06-08T16:27:24","modified_gmt":"2020-06-08T13:27:24","slug":"kuzu-gruptan-emlak-konut-kampanyasina-tam-destek","status":"publish","type":"post","link":"https:\/\/emlaktuel.com\/?p=31822","title":{"rendered":"Kuzu Grup&#8217;tan Emlak Konut kampanyas\u0131na tam destek"},"content":{"rendered":"<p><strong>Emlak Konut koronavir\u00fcs seferberli\u011fi ba\u015flat\u0131yor. Emlak Konut\u2019un \u00f6nc\u00fcl\u00fc\u011f\u00fcnde ba\u015flatt\u0131\u011f\u0131 26 projede ge\u00e7erli kampanya ile pe\u015finat\u0131 y\u00fczde 5\u2019e \u00e7ekerek taksitleri 24 ay erteleme yapabilmek art\u0131k m\u00fcmk\u00fcn. <\/strong><\/p>\n<p><strong>2 ay s\u00fcrmesi planlanan kampanya ile y\u00fczde 10 indirim uygulan\u0131yor. Kuzu Grup Y\u00f6netim Kurulu \u00dcyesi ve CEO\u2019su \u00d6zen Kuzu kampanya hakk\u0131nda \u015f\u00f6yle konu\u015ftu:<\/strong><\/p>\n<p>D\u00fcnyada ve \u00fclkemizde etkisini hissettiren ve hayat\u0131n ola\u011fan ak\u0131\u015f\u0131n\u0131 durduran koronavir\u00fcs salg\u0131n\u0131nda h\u00fck\u00fcmetimizin duru\u015fu t\u00fcm d\u00fcnyaya \u00f6rnek oldu. Sa\u011fl\u0131k altyap\u0131m\u0131z\u0131n g\u00fcc\u00fcyle, salg\u0131n d\u00f6neminde ekonomiyi g\u00fc\u00e7lendirici al\u0131nan \u00f6nlemler birle\u015fince bu s\u00fcreci az yara alarak atlat\u0131yoruz. T\u00fcm piyasalar\u0131 etkileyen koronavir\u00fcs salg\u0131n\u0131 konut piyasas\u0131n\u0131 da etkiledi. Bu d\u00f6nemde sat\u0131\u015flar durma noktas\u0131na geldi. H\u00fck\u00fcmetimiz ald\u0131\u011f\u0131 kararlarla bu s\u00fcreci \u00e7ok iyi y\u00f6netse de emlak sekt\u00f6r\u00fcnde olduk\u00e7a durgun g\u00fcnler ya\u015fand\u0131. Pandemi d\u00f6neminde sa\u011fl\u0131\u011f\u0131m\u0131z i\u00e7in sat\u0131\u015f ofisleri kapand\u0131, \u015fantiyelerde \u00e7al\u0131\u015fmalar neredeyse tamamen durduruldu. Konut piyasas\u0131nda ya\u015fanan bu durgunlu\u011fa Emlak Konut\u2019un ba\u015flatt\u0131\u011f\u0131 kampanya hareketlilik kazand\u0131racakt\u0131r.<\/p>\n<h2>Bekleyen yat\u0131r\u0131mc\u0131 harekete ge\u00e7ecektir<\/h2>\n<p>\u201cYeni normal\u201de ge\u00e7i\u015f yapt\u0131\u011f\u0131m\u0131z bu g\u00fcnlerde konut almak i\u00e7in bekleyen yat\u0131r\u0131mc\u0131 harekete ge\u00e7ecektir. Bununla birlikte kamu bankalar\u0131 taraf\u0131ndan ba\u015flat\u0131lan T\u00fcrkiye\u2019nin en d\u00fc\u015f\u00fck konut kredisi faiz indirimiyle s\u0131f\u0131r konutlar i\u00e7in 15 y\u0131l vadeli y\u00fczde 0.64,\u00a0ikinci el\u00a0konutlar i\u00e7in ise y\u00fczde 0.74 faiz uygulanacak olmas\u0131 vatanda\u015f\u0131m\u0131z\u0131n 12 ay \u00f6deme yapmadan ev sahibi olmas\u0131n\u0131 sa\u011flayacakt\u0131r. Bu s\u00fcre\u00e7te vatanda\u015f\u0131m\u0131z h\u00fck\u00fcmete olan g\u00fcveniyle birlikte yat\u0131r\u0131m yapmaya devam edecektir. Kamu bankalar\u0131n\u0131n ba\u015flatt\u0131\u011f\u0131 konut kredisi faiz indirimi bu d\u00f6nemde konut al\u0131c\u0131s\u0131 i\u00e7in en uygun zamanlardan biri oldu\u011funu g\u00f6steriyor. \u00d6n\u00fcm\u00fczdeki d\u00f6nemde konut fiyatlar\u0131nda art\u0131\u015f ya\u015fanmas\u0131n\u0131 \u00f6ng\u00f6r\u00fcyoruz. Yat\u0131r\u0131mc\u0131lar bu kampanyay\u0131 ka\u00e7\u0131rmamal\u0131. Bir daha bu fiyatlarla uygun ev sat\u0131n almak m\u00fcmk\u00fcn olmayabilir. Sekt\u00f6r\u00fcn \u00e7at\u0131 kurulu\u015flar\u0131n\u0131n ba\u015flatt\u0131\u011f\u0131 kampanyalar\u0131 Kuzu Grup olarak her zaman desteklemekteyiz.<\/p>\n<p>&nbsp;<\/p>\n<p>&nbsp;<\/p>\n","protected":false},"excerpt":{"rendered":"<p>Emlak Konut koronavir\u00fcs seferberli\u011fi ba\u015flat\u0131yor. Emlak Konut\u2019un \u00f6nc\u00fcl\u00fc\u011f\u00fcnde ba\u015flatt\u0131\u011f\u0131 26 projede ge\u00e7erli kampanya ile pe\u015finat\u0131 y\u00fczde 5\u2019e \u00e7ekerek taksitleri 24 ay erteleme yapabilmek art\u0131k m\u00fcmk\u00fcn. 2 ay s\u00fcrmesi planlanan kampanya ile y\u00fczde 10 indirim uygulan\u0131yor. Kuzu Grup Y\u00f6netim Kurulu \u00dcyesi ve CEO\u2019su \u00d6zen Kuzu kampanya hakk\u0131nda \u015f\u00f6yle konu\u015ftu: D\u00fcnyada ve \u00fclkemizde etkisini hissettiren ve hayat\u0131n [&hellip;]<\/p>\n","protected":false},"author":1,"featured_media":23433,"comment_status":"open","ping_status":"open","sticky":false,"template":"","format":"standard","meta":{"ngg_post_thumbnail":0},"categories":[5388],"tags":[459,544,14156,2820,14378],"_links":{"self":[{"href":"https:\/\/emlaktuel.com\/index.php?rest_route=\/wp\/v2\/posts\/31822"}],"collection":[{"href":"https:\/\/emlaktuel.com\/index.php?rest_route=\/wp\/v2\/posts"}],"about":[{"href":"https:\/\/emlaktuel.com\/index.php?rest_route=\/wp\/v2\/types\/post"}],"author":[{"embeddable":true,"href":"https:\/\/emlaktuel.com\/index.php?rest_route=\/wp\/v2\/users\/1"}],"replies":[{"embeddable":true,"href":"https:\/\/emlaktuel.com\/index.php?rest_route=%2Fwp%2Fv2%2Fcomments&post=31822"}],"version-history":[{"count":1,"href":"https:\/\/emlaktuel.com\/index.php?rest_route=\/wp\/v2\/posts\/31822\/revisions"}],"predecessor-version":[{"id":31823,"href":"https:\/\/emlaktuel.com\/index.php?rest_route=\/wp\/v2\/posts\/31822\/revisions\/31823"}],"wp:featuredmedia":[{"embeddable":true,"href":"https:\/\/emlaktuel.com\/index.php?rest_route=\/wp\/v2\/media\/23433"}],"wp:attachment":[{"href":"https:\/\/emlaktuel.com\/index.php?rest_route=%2Fwp%2Fv2%2Fmedia&parent=31822"}],"wp:term":[{"taxonomy":"category","embeddable":true,"href":"https:\/\/emlaktuel.com\/index.php?rest_route=%2Fwp%2Fv2%2Fcategories&post=31822"},{"taxonomy":"post_tag","embeddable":true,"href":"https:\/\/emlaktuel.com\/index.php?rest_route=%2Fwp%2Fv2%2Ftags&post=31822"}],"curies":[{"name":"wp","href":"https:\/\/api.w.org\/{rel}","templated":true}]}}