{"id":31808,"date":"2020-05-31T12:29:20","date_gmt":"2020-05-31T09:29:20","guid":{"rendered":"https:\/\/emlaktuel.com\/?p=31808"},"modified":"2020-05-31T12:29:20","modified_gmt":"2020-05-31T09:29:20","slug":"emlak-vergisi-odemelerinde-erteleme-olacak-mi","status":"publish","type":"post","link":"https:\/\/emlaktuel.com\/?p=31808","title":{"rendered":"Emlak vergisi \u00f6demelerinde erteleme olacak m\u0131?"},"content":{"rendered":"<p>Gayrimenkul sahiplerinin \u00f6demesi gereken emlak Vergisi \u00f6demeleri i\u00e7in s\u00fcre\u00e7 dolmak \u00fczere. 2020 1 Haziran&#8217;da emlak vergisi borcu olan t\u00fcm vatanda\u015flar bor\u00e7lar\u0131n\u0131 \u00f6demesi gerekiyor. Emlak vergisi \u00f6demesinde en \u00e7ok merak edilen konu ise \u00f6demelerin koronavir\u00fcs nedeni ile ertelenip ertelenmeyece\u011fi.<\/p>\n<p>\u00dclke genelinde vatanda\u015flar emlak vergi \u00f6demesi yapt\u0131lar ve yapmaya da devam ediyorlar. Vergi \u00f6demeleri i\u00e7in son g\u00fcn yar\u0131n. Emlak evrgisi m\u00fckellefi olan vatanda\u015flar\u0131n bor\u00e7lar\u0131n\u0131 2020 1 Haziran Pazartesi sonuna kadar \u00f6demeleri gerekmektedir. Zaman\u0131nda \u00f6denme yap\u0131lmayan emlak vergisi bor\u00e7lar\u0131 i\u00e7in ise ayl\u0131k olarak y\u00fczde 2 gecikme faizi i\u015fleniyor.<\/p>\n<h2>Emlak vergisinde son \u00f6deme tarihi ertelenecek mi?<\/h2>\n<p>Gayrimenkul sahipleri emlak vergisi \u00f6demesini halen yapmam\u0131\u015f olabilirler ve bundan sonraki zamanda yapacak vergi \u00f6demesi yapacak olan vatanda\u015flar s\u00fcrecin ertelenip ertelenmeyece\u011fini merak ediyorlar. Emlak vergidi \u00f6demesi ile ilgili daha \u00f6nce tek a\u00e7\u0131klamada bulunan Isparta Belediye Ba\u015fkan\u0131 \u015e\u00fckr\u00fc Ba\u015fde\u011firmen&#8217;den olmu\u015ftu. Ge\u00e7ti\u011fimiz g\u00fcnlerde bu konuya ili\u015fkin \u00e7ok fazla soru geldi\u011fini dile getiren belediye ba\u015fkan\u0131 \u00f6demelerin ertelenmeyece\u011fini ifade etmi\u015fti.<\/p>\n","protected":false},"excerpt":{"rendered":"<p>Gayrimenkul sahiplerinin \u00f6demesi gereken emlak Vergisi \u00f6demeleri i\u00e7in s\u00fcre\u00e7 dolmak \u00fczere. 2020 1 Haziran&#8217;da emlak vergisi borcu olan t\u00fcm vatanda\u015flar bor\u00e7lar\u0131n\u0131 \u00f6demesi gerekiyor. Emlak vergisi \u00f6demesinde en \u00e7ok merak edilen konu ise \u00f6demelerin koronavir\u00fcs nedeni ile ertelenip ertelenmeyece\u011fi. \u00dclke genelinde vatanda\u015flar emlak vergi \u00f6demesi yapt\u0131lar ve yapmaya da devam ediyorlar. Vergi \u00f6demeleri i\u00e7in son g\u00fcn [&hellip;]<\/p>\n","protected":false},"author":1,"featured_media":22451,"comment_status":"open","ping_status":"open","sticky":false,"template":"","format":"standard","meta":{"ngg_post_thumbnail":0},"categories":[5388],"tags":[216,217],"_links":{"self":[{"href":"https:\/\/emlaktuel.com\/index.php?rest_route=\/wp\/v2\/posts\/31808"}],"collection":[{"href":"https:\/\/emlaktuel.com\/index.php?rest_route=\/wp\/v2\/posts"}],"about":[{"href":"https:\/\/emlaktuel.com\/index.php?rest_route=\/wp\/v2\/types\/post"}],"author":[{"embeddable":true,"href":"https:\/\/emlaktuel.com\/index.php?rest_route=\/wp\/v2\/users\/1"}],"replies":[{"embeddable":true,"href":"https:\/\/emlaktuel.com\/index.php?rest_route=%2Fwp%2Fv2%2Fcomments&post=31808"}],"version-history":[{"count":1,"href":"https:\/\/emlaktuel.com\/index.php?rest_route=\/wp\/v2\/posts\/31808\/revisions"}],"predecessor-version":[{"id":31809,"href":"https:\/\/emlaktuel.com\/index.php?rest_route=\/wp\/v2\/posts\/31808\/revisions\/31809"}],"wp:featuredmedia":[{"embeddable":true,"href":"https:\/\/emlaktuel.com\/index.php?rest_route=\/wp\/v2\/media\/22451"}],"wp:attachment":[{"href":"https:\/\/emlaktuel.com\/index.php?rest_route=%2Fwp%2Fv2%2Fmedia&parent=31808"}],"wp:term":[{"taxonomy":"category","embeddable":true,"href":"https:\/\/emlaktuel.com\/index.php?rest_route=%2Fwp%2Fv2%2Fcategories&post=31808"},{"taxonomy":"post_tag","embeddable":true,"href":"https:\/\/emlaktuel.com\/index.php?rest_route=%2Fwp%2Fv2%2Ftags&post=31808"}],"curies":[{"name":"wp","href":"https:\/\/api.w.org\/{rel}","templated":true}]}}