{"id":31662,"date":"2020-05-04T11:45:14","date_gmt":"2020-05-04T08:45:14","guid":{"rendered":"https:\/\/emlaktuel.com\/?p=31662"},"modified":"2020-05-04T11:45:14","modified_gmt":"2020-05-04T08:45:14","slug":"samsung-apple-musici-smart-tvsine-tasidi","status":"publish","type":"post","link":"https:\/\/emlaktuel.com\/?p=31662","title":{"rendered":"Samsung, Apple Music\u2019i Smart TV\u2019sine ta\u015f\u0131d\u0131!"},"content":{"rendered":"<p><strong>60 milyon civar\u0131nda \u015fark\u0131ya, binlerce \u00e7alma listesine, m\u00fczik videolar\u0131na, canl\u0131 radyo ve daha fazlas\u0131na reklams\u0131z eri\u015fim sa\u011flayan Apple Music ile Samsung Smart TV\u2019lerde m\u00fczi\u011fin keyfi daha da art\u0131yor.<\/strong><\/p>\n<p>Samsung Electronics, Apple Music\u2019i Smart TV platformuna entegre eden ilk televizyon markas\u0131 oldu\u011funu a\u00e7\u0131klad\u0131. 100\u2019den fazla \u00fclkede t\u00fcketiciler, Samsung Smart TV\u2019lerinde art\u0131k Apple Music\u2019in keyfini ya\u015fayabilecek.<\/p>\n<p>T\u00fcm d\u00fcnyada insanlar\u0131n evde daha fazla vakit ge\u00e7irdi\u011fi bir d\u00f6nemde Samsung, Smart TV platformuna daha fazla e\u011flence ve sa\u011fl\u0131kl\u0131 ya\u015fam se\u00e7ene\u011fi ekliyor. 2018 ve 2020 y\u0131llar\u0131 aras\u0131 Smart TV modellerinde bulunan Apple Music ile aboneler, 60 milyondan fazla \u015fark\u0131y\u0131 dinleyebilecek, en sevilen m\u00fczik videolar\u0131n\u0131 izleyebilecek ve d\u00fcnya \u00e7ap\u0131ndaki m\u00fczik uzmanlar\u0131 ve trend \u00f6nc\u00fcleri taraf\u0131ndan haz\u0131rlanan binlerce \u00e7alma listesini ke\u015ffedebilecek.<\/p>\n<h2>Sanat\u00e7\u0131larla evde FaceTime \u00fczerinden grup sohbetleri<\/h2>\n<p>Bunlara ek olarak Apple Music aboneleri, ki\u015fiselle\u015ftirilmi\u015f g\u00fcnl\u00fck \u00f6neriler de alabilecek ve Frank Ocean, Nicki Minaj, The Weeknd, DJ Khaled ve Elton John gibi sanat\u00e7\u0131lar\u0131n \u00f6zel programlar\u0131n\u0131 yay\u0131nlayan yenilik\u00e7i ve global canl\u0131 radyo istasyonu Beats 1\u2019\u0131 dinleyebilecek. Ayr\u0131ca aboneler, mesafelerin art<ins>t<\/ins>\u0131\u011f\u0131 bu d\u00f6nemde birlikteliklerini ve sosyal hislerini devam ettirmek amac\u0131yla edit\u00f6rlerin haz\u0131rlad\u0131\u011f\u0131 yeni \u00e7alma listeleri, sanat\u00e7\u0131larla evde FaceTime \u00fczerinden grup sohbetleri, sanat\u00e7\u0131larla \u00f6zel r\u00f6portajlar\u0131 ve daha fazlas\u0131n\u0131 i\u00e7eren yeni \u201cApple Music ile Evde\u201d i\u00e7eriklerine de eri\u015febilecek.<\/p>\n<p>Samsung Electronics Stratejik Ortakl\u0131k ve \u0130\u015f Geli\u015ftirme B\u00f6l\u00fcm\u00fc Ba\u015fkan Yard\u0131mc\u0131s\u0131 Salek Brodsky, \u201cAmac\u0131m\u0131z t\u00fcketicilere her zaman en iyi e\u011flence deneyimlerini sunmak. \u0130nsanlar evde daha fazla zaman ge\u00e7irdi\u011fi i\u00e7in bug\u00fcn bu misyona her zamankinden daha fazla ba\u011fl\u0131y\u0131z. Ge\u00e7en sene, Apple TV uygulamas\u0131n\u0131 sunan ilk televizyon \u00fcreticisi olduk. Bu y\u0131l ise Apple Music\u2019i sunarak yine bir ilki ger\u00e7ekle\u015ftiriyoruz. Apple ile ortakl\u0131\u011f\u0131m\u0131z, \u00f6zellikle Smart TV\u2019lerinde daha fazla i\u00e7erik se\u00e7ene\u011fi arad\u0131klar\u0131 bir d\u00f6nemde, t\u00fcketicilere benzeri olmayan farkl\u0131 e\u011flence se\u00e7enekleri sunmam\u0131za arac\u0131 oluyor.\u201d dedi.<\/p>\n<h2>Apple Music 3 ay boyunca \u00fccretsiz olacak<\/h2>\n<p>Samsung Smart TV sahipleri, Apple Music\u2019i Samsung Smart TV Uygulama Ma\u011fazas\u0131\u2019ndan indirebilir, Apple Kimlikleriyle mevcut hesaba giri\u015f yapabilir ya da abonelik i\u015flemini televizyonlar\u0131ndan ba\u015flatabilir. Samsung Smart TV sahipleri bireysel, aile ya da \u00f6\u011frenci aboneli\u011fiyle Apple Music\u2019i 3 ay boyunca \u00fccretsiz olarak deneyebilir. Apple Music\u2019in geni\u015f katalo\u011funa ek olarak, aboneler \u00f6zg\u00fcn dizileri, sevilen konserleri ve di\u011fer \u00f6zel i\u00e7erikleri Samsung Smart TV\u2019lerinde izleyebilir.<a name=\"m_-7174570915236707565__GoBack\"><\/a><\/p>\n<p>Samsung Smart TV\u2019lerle ilgili daha fazla bilgi i\u00e7in\u00a0www.samsung.com\/tvs\/\u00a0adresi ziyaret edebilirsiniz.<\/p>\n","protected":false},"excerpt":{"rendered":"<p>60 milyon civar\u0131nda \u015fark\u0131ya, binlerce \u00e7alma listesine, m\u00fczik videolar\u0131na, canl\u0131 radyo ve daha fazlas\u0131na reklams\u0131z eri\u015fim sa\u011flayan Apple Music ile Samsung Smart TV\u2019lerde m\u00fczi\u011fin keyfi daha da art\u0131yor. Samsung Electronics, Apple Music\u2019i Smart TV platformuna entegre eden ilk televizyon markas\u0131 oldu\u011funu a\u00e7\u0131klad\u0131. 100\u2019den fazla \u00fclkede t\u00fcketiciler, Samsung Smart TV\u2019lerinde art\u0131k Apple Music\u2019in keyfini ya\u015fayabilecek. T\u00fcm [&hellip;]<\/p>\n","protected":false},"author":1,"featured_media":31663,"comment_status":"open","ping_status":"open","sticky":false,"template":"","format":"standard","meta":{"ngg_post_thumbnail":0},"categories":[26],"tags":[14288,46,14287,14289],"_links":{"self":[{"href":"https:\/\/emlaktuel.com\/index.php?rest_route=\/wp\/v2\/posts\/31662"}],"collection":[{"href":"https:\/\/emlaktuel.com\/index.php?rest_route=\/wp\/v2\/posts"}],"about":[{"href":"https:\/\/emlaktuel.com\/index.php?rest_route=\/wp\/v2\/types\/post"}],"author":[{"embeddable":true,"href":"https:\/\/emlaktuel.com\/index.php?rest_route=\/wp\/v2\/users\/1"}],"replies":[{"embeddable":true,"href":"https:\/\/emlaktuel.com\/index.php?rest_route=%2Fwp%2Fv2%2Fcomments&post=31662"}],"version-history":[{"count":1,"href":"https:\/\/emlaktuel.com\/index.php?rest_route=\/wp\/v2\/posts\/31662\/revisions"}],"predecessor-version":[{"id":31664,"href":"https:\/\/emlaktuel.com\/index.php?rest_route=\/wp\/v2\/posts\/31662\/revisions\/31664"}],"wp:featuredmedia":[{"embeddable":true,"href":"https:\/\/emlaktuel.com\/index.php?rest_route=\/wp\/v2\/media\/31663"}],"wp:attachment":[{"href":"https:\/\/emlaktuel.com\/index.php?rest_route=%2Fwp%2Fv2%2Fmedia&parent=31662"}],"wp:term":[{"taxonomy":"category","embeddable":true,"href":"https:\/\/emlaktuel.com\/index.php?rest_route=%2Fwp%2Fv2%2Fcategories&post=31662"},{"taxonomy":"post_tag","embeddable":true,"href":"https:\/\/emlaktuel.com\/index.php?rest_route=%2Fwp%2Fv2%2Ftags&post=31662"}],"curies":[{"name":"wp","href":"https:\/\/api.w.org\/{rel}","templated":true}]}}