{"id":31659,"date":"2020-05-04T11:41:16","date_gmt":"2020-05-04T08:41:16","guid":{"rendered":"https:\/\/emlaktuel.com\/?p=31659"},"modified":"2020-05-04T11:41:16","modified_gmt":"2020-05-04T08:41:16","slug":"istanbulun-masmavi-denizi-ucsuz-bucaksiz-sahili-ve-de-mustakil-konutlariyla-en-gozde-semti-buyukcekmece","status":"publish","type":"post","link":"https:\/\/emlaktuel.com\/?p=31659","title":{"rendered":"\u0130stanbul\u2019un masmavi denizi, u\u00e7suz bucaks\u0131z sahili ve de m\u00fcstakil konutlar\u0131yla en g\u00f6zde semti: B\u00fcy\u00fck\u00e7ekmece"},"content":{"rendered":"<p><strong>\u0130stanbul\u2019un modern sahil semtlerinden B\u00fcy\u00fck\u00e7ekmece\u2019ye olan ilgi pandemi s\u00fcreciyle birlikte daha da artt\u0131. Temiz ve iyi d\u00fczenlenmi\u015f 25 km uzunlu\u011fundaki sahil \u015feridi, parklar\u0131 ve denizi ile \u0130stanbul\u2019un yan\u0131 ba\u015f\u0131nda Ege huzuru sunan B\u00fcy\u00fck\u00e7ekmece\u2019de site, l\u00fcks villa ve m\u00fcstakil konutlara ilgi gittik\u00e7e b\u00fcy\u00fcyor.<\/strong><\/p>\n<p>Marmara Denizi\u2019nde kendi ad\u0131n\u0131 ta\u015f\u0131yan k\u00f6rfezin \u00e7evresinde ve yine kendi ad\u0131n\u0131 ta\u015f\u0131yan 29 km2 alana sahip, Lag\u00fcn ve Baraj G\u00f6l\u00fcn\u00fc i\u00e7ine alan bir yerle\u015fim merkezi olan B\u00fcy\u00fck\u00e7ekmece pandemi s\u00fcrecinden sonra gayrimenkul almay\u0131 d\u00fc\u015f\u00fcnenlerin ilk tercihi haline geldi.<\/p>\n<h2><strong>\u0130stanbul\u2019un en g\u00f6zde turizm merkezlerinden birisi<\/strong><\/h2>\n<p>B\u00fcy\u00fck\u00e7ekmece \u0130stanbul\u2019un temiz ve iyi d\u00fczenlenmi\u015f 25 km uzunlu\u011fundaki sahil \u015feridine sahip olan \u00f6nemli sayfiye merkezlerinden biri olma \u00f6zelli\u011finin yan\u0131 s\u0131ra tarihin b\u0131rakt\u0131\u011f\u0131 mirasa sahip \u00e7\u0131kan yakla\u015f\u0131m\u0131yla ge\u00e7mi\u015ften gelece\u011fe k\u00f6pr\u00fc \u00f6zelli\u011fi ta\u015f\u0131yan bir il\u00e7e. B\u00fcy\u00fck\u00e7ekmece modern \u015fehircilik anlay\u0131\u015f\u0131yla yap\u0131land\u0131r\u0131lm\u0131\u015f sahil \u015feridi, Marmara Denizi k\u0131y\u0131s\u0131ndaki g\u00fczide kumsallar\u0131, g\u00f6l\u00fc ve do\u011fal ya\u015fam\u0131n korundu\u011fu alanlar\u0131yla, parklar\u0131 ve piknik alanlar\u0131, k\u00fclt\u00fcr ve sanat festivalleri, ulusal ve uluslararas\u0131 fuarlara ev sahipli\u011fi yapmas\u0131yla, restorasyon ve bak\u0131m \u00e7al\u0131\u015fmalar\u0131 neticesinde \u0131\u015f\u0131\u011f\u0131 artan tarihi eserleri ile, t\u00fcm T\u00fcrkiye\u2019yi kucaklayan y\u00f6re evleri ve y\u00f6resel tatlar\u0131yla \u0130stanbul\u2019un g\u00f6zde turizm merkezlerinden biri oldu.<\/p>\n<h2><strong>B\u00fcy\u00fck\u00e7ekmece il\u00e7esi projeleri ile de\u011ferleniyor<\/strong><\/h2>\n<p>\u00d6zellikle B\u00fcy\u00fck\u00e7ekmece\u2019de l\u00fcks konut ve villa projeleriyle ad\u0131ndan s\u00f6z ettiren ProjEkspert Gayrimenkul kurucusu Emel Akba\u015f, B\u00fcy\u00fck\u00e7ekmece\u2019nin g\u00fcnl\u00fck gezi ve etkinlikler i\u00e7in tercih edilen sayfiye b\u00f6lgesi \u00f6zelli\u011finin de\u011fi\u015ferek \u0130stanbul\u2019un karma\u015fas\u0131ndan ka\u00e7mak isteyenlerin s\u0131\u011f\u0131nd\u0131\u011f\u0131 modern bir sahil semti oldu\u011funu belirtiyor. Co\u011frafi konumu sayesinde Marmara\u2019n\u0131n en temiz denizine, Bo\u011faz\u2019\u0131n emsali \u0131\u015f\u0131l \u0131\u015f\u0131l bir k\u00f6rfez manzaras\u0131na, en uzun sahil \u015feridine, en ekolojik g\u00f6l\u00fcne ve yemye\u015fil parklara ayn\u0131 anda sahip olan nadide bir semt. Bir\u00e7ok l\u00fcks projenin yer ald\u0131\u011f\u0131 B\u00fcy\u00fck\u00e7ekmece, yap\u0131m a\u015famas\u0131nda olan ve yap\u0131m\u0131 planlanan bir\u00e7ok yeni projeye de ev sahipli\u011fi yapmaya devam ediyor. Yak\u0131nda hayata ge\u00e7ecek olan 1000 yatl\u0131k marina-\u00e7ar\u015f\u0131 ve oteliyle K\u0131y\u0131 \u0130stanbul projesi ve sahil d\u00fczenleme \u00e7al\u0131\u015fmalar\u0131 ile b\u00f6lgenin \u00e7ehresi olduk\u00e7a de\u011fi\u015fecek. Bizce B\u00fcy\u00fck\u00e7ekmece \u00e7ok yak\u0131n zamanda yeni bir Atak\u00f6y-Florya olmaya aday. Bu da onu yat\u0131r\u0131ma de\u011fer en \u00f6nemli unsurlardan bir tanesi.<\/p>\n<h2><strong>B\u00fcy\u00fck\u00e7ekmece villa kent haline geldi<\/strong><\/h2>\n<p>B\u00f6lge\u2019nin \u00f6zellikle k\u00f6rfezin bat\u0131 kesimi olan Mimaroba-Sinanoba-Bat\u0131k\u00f6y ve G\u00fczel\u015fehir mahalleleri ile Alkent 2000 \u2013 Karaa\u011fa\u00e7 Mahallerinin yer ald\u0131\u011f\u0131 kuzey kesimi son 15 y\u0131l i\u00e7inde planl\u0131 bir \u015fekilde b\u00fcy\u00fcyerek adeta villa kent halini ald\u0131\u011f\u0131n\u0131 da s\u00f6zlerine ekleyen Akba\u015f, \u201cMarmara Denizi ve Karadeniz Aras\u0131ndaki hava koridoru \u00fczerinde yer alan B\u00fcy\u00fck\u00e7ekmece D\u00fcnya\u2019n\u0131n 3. y\u00fcksek oksijen de\u011ferlerine sahip olmas\u0131 nedeniyle T\u00fcrkiye\u2019nin en b\u00fcy\u00fck nefes hastanesinin yap\u0131lmas\u0131 planlanan B\u00fcy\u00fck\u00e7ekmece sa\u011fl\u0131kl\u0131 ya\u015fam ko\u015fullar\u0131 sunmaktad\u0131r. \u0130kametgah\u0131n y\u00fcksek \u00e7o\u011funlu\u011funu ailelerin olu\u015fturdu\u011fu B\u00fcy\u00fck\u00e7ekmece huzurlu, g\u00fcvenli, rahat ve kaliteli hayat standard\u0131 ve al\u00e7ak katl\u0131 ya\u015fam al\u0131\u015fkanl\u0131klar\u0131 ile birlikte \u0130stanbul\u2019u ya\u015fayaca\u011f\u0131n\u0131z bir Avrupa kentidir. B\u00fcy\u00fck\u00e7ekmece Avrupa\u2019n\u0131n bir\u00e7ok noktas\u0131nda g\u00f6rd\u00fc\u011f\u00fcm\u00fcz planl\u0131 kentle\u015fmenin \u00f6rneklerini ta\u015f\u0131yor. Ki\u015fi ba\u015f\u0131na d\u00fc\u015fen ye\u015fil alan\u0131n fazlal\u0131\u011f\u0131n\u0131n yan\u0131 s\u0131ra, prestijli e\u011fitim kurumlar\u0131na, se\u00e7kin restoranlara ve al\u0131\u015fveri\u015f merkezlerine yak\u0131nl\u0131\u011f\u0131 ile de hayat\u0131n tam merkezinde yer al\u0131yor\u201d \u015feklinde konu\u015ftu.<\/p>\n<h2><strong>Fiyatlar minimum 240 bin Maksimum 601 bin TL<\/strong><\/h2>\n<p>B\u00fcy\u00fck\u00e7ekmece&#8217;de B\u00f6lge Ortalamas\u0131 100 m2 daire i\u00e7in ortalama 431.016 TL\u2019dir. Geri d\u00f6n\u00fc\u015f s\u00fcresi ise 21 y\u0131l.<\/p>\n<h2><strong>Taksim 56, Bak\u0131rk\u00f6y 36, Mecidiyek\u00f6y ile sadece 48 km<\/strong><\/h2>\n<p>\u00c7evresinde bir\u00e7ok e\u011fitim ve sa\u011fl\u0131k kurumunun bulundu\u011fu B\u00fcy\u00fck\u00e7ekmece\u2019nin merkezi yerlere olan ula\u015f\u0131m a\u011f\u0131 her ge\u00e7en g\u00fcn geni\u015flerken, B\u00fcy\u00fck\u00e7ekmece\u2019den Taksim 56, Bak\u0131rk\u00f6y 36, Mecidiyek\u00f6y 48, Sultanahmet 52, Atat\u00fcrk Havaliman\u0131\u2019na 20, \u00d6zel Hezarfen Havaalan\u0131\u2019na ise 10 kilometre uzakl\u0131ktad\u0131r. Ayr\u0131ca Turyol taraf\u0131ndan i\u015fletilen Marina\u2019dan yaz boyunca Mudanya ve Prens Adalar\u0131na deniz ula\u015f\u0131m\u0131 sa\u011flanabilmektedir.<\/p>\n","protected":false},"excerpt":{"rendered":"<p>\u0130stanbul\u2019un modern sahil semtlerinden B\u00fcy\u00fck\u00e7ekmece\u2019ye olan ilgi pandemi s\u00fcreciyle birlikte daha da artt\u0131. Temiz ve iyi d\u00fczenlenmi\u015f 25 km uzunlu\u011fundaki sahil \u015feridi, parklar\u0131 ve denizi ile \u0130stanbul\u2019un yan\u0131 ba\u015f\u0131nda Ege huzuru sunan B\u00fcy\u00fck\u00e7ekmece\u2019de site, l\u00fcks villa ve m\u00fcstakil konutlara ilgi gittik\u00e7e b\u00fcy\u00fcyor. Marmara Denizi\u2019nde kendi ad\u0131n\u0131 ta\u015f\u0131yan k\u00f6rfezin \u00e7evresinde ve yine kendi ad\u0131n\u0131 ta\u015f\u0131yan 29 [&hellip;]<\/p>\n","protected":false},"author":1,"featured_media":31660,"comment_status":"open","ping_status":"open","sticky":false,"template":"","format":"standard","meta":{"ngg_post_thumbnail":0},"categories":[26],"tags":[188,14285,14286,14284],"_links":{"self":[{"href":"https:\/\/emlaktuel.com\/index.php?rest_route=\/wp\/v2\/posts\/31659"}],"collection":[{"href":"https:\/\/emlaktuel.com\/index.php?rest_route=\/wp\/v2\/posts"}],"about":[{"href":"https:\/\/emlaktuel.com\/index.php?rest_route=\/wp\/v2\/types\/post"}],"author":[{"embeddable":true,"href":"https:\/\/emlaktuel.com\/index.php?rest_route=\/wp\/v2\/users\/1"}],"replies":[{"embeddable":true,"href":"https:\/\/emlaktuel.com\/index.php?rest_route=%2Fwp%2Fv2%2Fcomments&post=31659"}],"version-history":[{"count":1,"href":"https:\/\/emlaktuel.com\/index.php?rest_route=\/wp\/v2\/posts\/31659\/revisions"}],"predecessor-version":[{"id":31661,"href":"https:\/\/emlaktuel.com\/index.php?rest_route=\/wp\/v2\/posts\/31659\/revisions\/31661"}],"wp:featuredmedia":[{"embeddable":true,"href":"https:\/\/emlaktuel.com\/index.php?rest_route=\/wp\/v2\/media\/31660"}],"wp:attachment":[{"href":"https:\/\/emlaktuel.com\/index.php?rest_route=%2Fwp%2Fv2%2Fmedia&parent=31659"}],"wp:term":[{"taxonomy":"category","embeddable":true,"href":"https:\/\/emlaktuel.com\/index.php?rest_route=%2Fwp%2Fv2%2Fcategories&post=31659"},{"taxonomy":"post_tag","embeddable":true,"href":"https:\/\/emlaktuel.com\/index.php?rest_route=%2Fwp%2Fv2%2Ftags&post=31659"}],"curies":[{"name":"wp","href":"https:\/\/api.w.org\/{rel}","templated":true}]}}