{"id":31593,"date":"2020-05-01T12:02:17","date_gmt":"2020-05-01T09:02:17","guid":{"rendered":"https:\/\/emlaktuel.com\/?p=31593"},"modified":"2020-05-01T12:02:17","modified_gmt":"2020-05-01T09:02:17","slug":"toki-izmire-990-yeni-konut-yapacak","status":"publish","type":"post","link":"https:\/\/emlaktuel.com\/?p=31593","title":{"rendered":"TOK\u0130 \u0130zmir&#8217;e 990 yeni konut yapacak!"},"content":{"rendered":"<p>TOK\u0130&#8217;den \u0130zmir&#8217;e 990 yeni kout projesi m\u00fcjdesi geldi. \u0130zmir Kemalpa\u015fa &#8216;da 990 yeni konut yap\u0131lacak. Gelecek le ilgili yat\u0131r\u0131mlara ara vermeden devam eden \u00c7evre ve \u015eehircilik Bakanl\u0131\u011f\u0131 Toplu Konut \u0130daresi Ba\u015fkanl\u0131\u011f\u0131 (TOK\u0130), yapaca\u011f\u0131 yeni projelere start vermek i\u00e7in d\u00fc\u011fmeye bast\u0131.<\/p>\n<p>2023&#8217;e kadar toplam 1 milyon 200 bin yeni konut yapmay\u0131 planlayan TOK\u0130, Ege b\u00f6lgesinde \u0130zmir ilimiz\u00a0Kemalpa\u015fa mahallesinde 990 yeni konut in\u015fat\u0131 yapacak.<\/p>\n<p>TOK\u0130 \u0130zmir&#8217;de Kemalpa\u015fa&#8217;de 3. Etap projesi i\u00e7in ihale 27 May\u0131s 2020&#8217;de, \u00a0TOK\u0130\u00a0 \u0130zmir Kemalpa\u015fa 2. Etap projesi ihalesi ise 28 May\u0131s 202&#8217;de yap\u0131lacak.<\/p>\n<p>Dar ve orta gelirli vatanda\u015flar\u0131mz\u0131n y\u00fczlerini g\u00fcld\u00fcrecek olan TOK\u0130 projeleri ile \u0130zmirli vatanda\u015flar\u0131m\u0131z da konut sahibi olabilecekler. Projede ayr\u0131ca konutlar\u0131n yan\u0131 s\u0131ra d\u00fckkanlarda yer alacak<\/p>\n<h2><strong>\u0130zmir Kemalpa\u015fa 3. Etap ihalesi 27 May\u0131s 2020&#8217;de<\/strong><\/h2>\n<p>\u0130zmir \u0130li,Kemalpa\u015fa \u0130l\u00e7esi, \u00c7ambel Mevkii 3. Etap 516 Adet Konut ve 14 Adet D\u00fckkan \u0130n\u015faat\u0131 ile Altyap\u0131 ve \u00c7evre D\u00fczenlemesi \u0130\u015fi (E-\u0130HALE) ihalesi 27 May\u0131s 2020 tarihinde saat 14:30&#8217;da ger\u00e7ekle\u015ftirilecek.<\/p>\n<h2><strong>\u0130zmir Kemalpa\u015fa 2. Etap ihalesi ise 28 May\u0131s 2020&#8217;de<\/strong><\/h2>\n<p>\u0130zmir Kemalpa\u015fa \u0130l\u00e7esi, \u00c7ambel Mevkii 2. Etap 474 Konut ile 63 D\u00fckkan\u0131n \u0130n\u015faat\u0131 ve Altyap\u0131 ve \u00c7evre D\u00fczenlemesi \u0130\u015fi (E-\u0130HALE) ihalesi 28 May\u0131s tarihinde saat 14:30&#8217;da yap\u0131lacakt\u0131r.<\/p>\n<p>&nbsp;<\/p>\n","protected":false},"excerpt":{"rendered":"<p>TOK\u0130&#8217;den \u0130zmir&#8217;e 990 yeni kout projesi m\u00fcjdesi geldi. \u0130zmir Kemalpa\u015fa &#8216;da 990 yeni konut yap\u0131lacak. Gelecek le ilgili yat\u0131r\u0131mlara ara vermeden devam eden \u00c7evre ve \u015eehircilik Bakanl\u0131\u011f\u0131 Toplu Konut \u0130daresi Ba\u015fkanl\u0131\u011f\u0131 (TOK\u0130), yapaca\u011f\u0131 yeni projelere start vermek i\u00e7in d\u00fc\u011fmeye bast\u0131. 2023&#8217;e kadar toplam 1 milyon 200 bin yeni konut yapmay\u0131 planlayan TOK\u0130, Ege b\u00f6lgesinde \u0130zmir [&hellip;]<\/p>\n","protected":false},"author":1,"featured_media":23060,"comment_status":"open","ping_status":"open","sticky":false,"template":"","format":"standard","meta":{"ngg_post_thumbnail":0},"categories":[5388],"tags":[91,14252,450,13358],"_links":{"self":[{"href":"https:\/\/emlaktuel.com\/index.php?rest_route=\/wp\/v2\/posts\/31593"}],"collection":[{"href":"https:\/\/emlaktuel.com\/index.php?rest_route=\/wp\/v2\/posts"}],"about":[{"href":"https:\/\/emlaktuel.com\/index.php?rest_route=\/wp\/v2\/types\/post"}],"author":[{"embeddable":true,"href":"https:\/\/emlaktuel.com\/index.php?rest_route=\/wp\/v2\/users\/1"}],"replies":[{"embeddable":true,"href":"https:\/\/emlaktuel.com\/index.php?rest_route=%2Fwp%2Fv2%2Fcomments&post=31593"}],"version-history":[{"count":1,"href":"https:\/\/emlaktuel.com\/index.php?rest_route=\/wp\/v2\/posts\/31593\/revisions"}],"predecessor-version":[{"id":31594,"href":"https:\/\/emlaktuel.com\/index.php?rest_route=\/wp\/v2\/posts\/31593\/revisions\/31594"}],"wp:featuredmedia":[{"embeddable":true,"href":"https:\/\/emlaktuel.com\/index.php?rest_route=\/wp\/v2\/media\/23060"}],"wp:attachment":[{"href":"https:\/\/emlaktuel.com\/index.php?rest_route=%2Fwp%2Fv2%2Fmedia&parent=31593"}],"wp:term":[{"taxonomy":"category","embeddable":true,"href":"https:\/\/emlaktuel.com\/index.php?rest_route=%2Fwp%2Fv2%2Fcategories&post=31593"},{"taxonomy":"post_tag","embeddable":true,"href":"https:\/\/emlaktuel.com\/index.php?rest_route=%2Fwp%2Fv2%2Ftags&post=31593"}],"curies":[{"name":"wp","href":"https:\/\/api.w.org\/{rel}","templated":true}]}}