{"id":31583,"date":"2020-04-29T11:18:32","date_gmt":"2020-04-29T08:18:32","guid":{"rendered":"https:\/\/emlaktuel.com\/?p=31583"},"modified":"2020-04-29T11:18:32","modified_gmt":"2020-04-29T08:18:32","slug":"covid-19-ic-gocu-etkileyecek","status":"publish","type":"post","link":"https:\/\/emlaktuel.com\/?p=31583","title":{"rendered":"Covid-19 \u0130\u00e7 G\u00f6\u00e7\u00fc Etkileyecek"},"content":{"rendered":"<p style=\"text-align: left;\">T\u00dc\u0130K i\u00e7 g\u00f6\u00e7 istatistiklerine g\u00f6re 2019 y\u0131l\u0131nda \u00fclke i\u00e7inde 2 milyon 806 bin 123 g\u00f6\u00e7 ger\u00e7ekle\u015fti. 2019 y\u0131l\u0131nda g\u00f6\u00e7 edenlerin ya\u015f grubu incelendi\u011finde, en fazla g\u00f6\u00e7 edenlerin y\u00fczde 21,58 ile 20-24 ya\u015f grubu oldu\u011fu g\u00f6r\u00fcld\u00fc. Covit19 etkisi ile i\u00e7 g\u00f6\u00e7\u00fcn bu sene 65 ya\u015f \u00fcst\u00fcnde \u00e7ok daha hareketli olmas\u0131 bekleniyor.<\/p>\n<p>Konuya ili\u015fkin de\u011ferlendirmelerde bulunan Alt\u0131n Emlak Genel M\u00fcd\u00fcr\u00fc Mustafa Hakan \u00d6zelmac\u0131kl\u0131 \u201c\u0130\u00e7 g\u00f6\u00e7ler gayrimenkul piyasalar\u0131nda \u00f6zellikle kira bedellerini \u00fczerinde etkili. \u00d6rne\u011fin g\u00f6\u00e7 alan \u015fehirlerde kiralar son bir y\u0131lda ortalama y\u00fczde 20\u2019ye yak\u0131n art\u0131\u015f g\u00f6sterir iken, g\u00f6\u00e7 veren \u015fehirlerde kira bedelleri ayn\u0131 seviyede kald\u0131\u201d dedi.<\/p>\n<h2><strong>Kiralar en \u00e7ok Antalya\u2019da artt\u0131<\/strong><\/h2>\n<p>Net g\u00f6\u00e7 h\u0131z\u0131n\u0131n en \u00e7ok artt\u0131\u011f\u0131 illerden olan Antalya\u2019da kiralar\u0131n son bir y\u0131lda yakla\u015f\u0131k y\u00fczde 35 art\u0131\u015f g\u00f6sterdi\u011fini belirten Alt\u0131n Emlak Genel M\u00fcd\u00fcr\u00fc \u201cGe\u00e7en y\u0131l\u0131n ayn\u0131 d\u00f6neminde m2 kira bedelleri 11-TL olan Antalya\u2019da \u015fu anda kira bedelleri 16-TL seviyesinde. En \u00e7ok g\u00f6\u00e7 veren ilimiz olan \u00c7ank\u0131r\u0131\u2019da ise son 2 y\u0131ld\u0131r kira bedelleri 6-TL ile ayn\u0131 seviyede\u201d dedi.<\/p>\n<h2><strong>\u0130llere g\u00f6\u00e7 art\u0131abilir<\/strong><\/h2>\n<p>Adrese dayal\u0131 n\u00fcfus kay\u0131t sistemi verilerine g\u00f6re en \u00e7ok g\u00f6\u00e7 alan iller hakk\u0131nda da bilgi veren \u00d6zelmac\u0131kl\u0131 \u201cNet g\u00f6\u00e7 rakamlar\u0131na bakt\u0131\u011f\u0131m\u0131zda en \u00e7ok g\u00f6\u00e7 alan \u015fehir 120 bin 371 ile \u0130stanbul oldu. Bunu s\u0131ras\u0131 ile Ankara 57 bin 280, Antalya 31 bin 646, \u0130zmir 21 bin 475, Kocaeli 17 bin 302, Bursa 17 bin 240, Tekirda\u011f 10 bin 802, Eski\u015fehir 7 bin 214, Mu\u011fla 6 bin 777 ve Sakarya 4 bin 650 ile takip etti\u201d dedi.<\/p>\n<p>&nbsp;<\/p>\n<table width=\"315\">\n<tbody>\n<tr>\n<td width=\"72\"><strong>\u0130l<\/strong><br \/>\nProvinces<\/td>\n<td width=\"65\"><strong>Toplam<br \/>\nn\u00fcfus<br \/>\n<\/strong>Total population<\/td>\n<td width=\"55\"><strong>Ald\u0131\u011f\u0131 g\u00f6\u00e7<br \/>\n<\/strong>In-migration<\/td>\n<td width=\"62\"><strong>Verdi\u011fi g\u00f6\u00e7<br \/>\n<\/strong>Out-migration<\/td>\n<td width=\"61\"><strong>Net g\u00f6\u00e7<br \/>\n<\/strong>Net migration<\/td>\n<\/tr>\n<tr>\n<td width=\"72\">\u0130stanbul<\/td>\n<td width=\"65\">15 519 267<\/td>\n<td width=\"55\">498 676<\/td>\n<td width=\"62\">378 305<\/td>\n<td width=\"61\">120 371<\/td>\n<\/tr>\n<tr>\n<td width=\"72\">Ankara<\/td>\n<td width=\"65\">5 639 076<\/td>\n<td width=\"55\">211 744<\/td>\n<td width=\"62\">154 464<\/td>\n<td width=\"61\">57 280<\/td>\n<\/tr>\n<tr>\n<td width=\"72\">Antalya<\/td>\n<td width=\"65\">2 511 700<\/td>\n<td width=\"55\">100 140<\/td>\n<td width=\"62\">68 494<\/td>\n<td width=\"61\">31 646<\/td>\n<\/tr>\n<tr>\n<td width=\"72\">\u0130zmir<\/td>\n<td width=\"65\">4 367 251<\/td>\n<td width=\"55\">128 370<\/td>\n<td width=\"62\">106 895<\/td>\n<td width=\"61\">21 475<\/td>\n<\/tr>\n<tr>\n<td width=\"72\">Kocaeli<\/td>\n<td width=\"65\">1 953 035<\/td>\n<td width=\"55\">82 977<\/td>\n<td width=\"62\">65 675<\/td>\n<td width=\"61\">17 302<\/td>\n<\/tr>\n<tr>\n<td width=\"72\">Bursa<\/td>\n<td width=\"65\">3 056 120<\/td>\n<td width=\"55\">85 596<\/td>\n<td width=\"62\">68 356<\/td>\n<td width=\"61\">17 240<\/td>\n<\/tr>\n<tr>\n<td width=\"72\">Tekirda\u011f<\/td>\n<td width=\"65\">1 055 412<\/td>\n<td width=\"55\">48 911<\/td>\n<td width=\"62\">38 109<\/td>\n<td width=\"61\">10 802<\/td>\n<\/tr>\n<tr>\n<td width=\"72\">Eski\u015fehir<\/td>\n<td width=\"65\">887 475<\/td>\n<td width=\"55\">36 757<\/td>\n<td width=\"62\">29 543<\/td>\n<td width=\"61\">7 214<\/td>\n<\/tr>\n<tr>\n<td width=\"72\">Mu\u011fla<\/td>\n<td width=\"65\">983 142<\/td>\n<td width=\"55\">42 987<\/td>\n<td width=\"62\">36 210<\/td>\n<td width=\"61\">6 777<\/td>\n<\/tr>\n<tr>\n<td width=\"72\">Sakarya<\/td>\n<td width=\"65\">1 029 650<\/td>\n<td width=\"55\">35 941<\/td>\n<td width=\"62\">31 291<\/td>\n<td width=\"61\">4 650<\/td>\n<\/tr>\n<\/tbody>\n<\/table>\n<p>&nbsp;<\/p>\n<p><strong>\u0130llerin Verdi\u011fi G\u00f6\u00e7 Say\u0131lar\u0131 <\/strong><\/p>\n<p>Gene Adrese dayal\u0131 n\u00fcfus kay\u0131t sistemi verilerine g\u00f6re en \u00e7ok g\u00f6\u00e7 veren illere ili\u015fkin de bilgi veren \u00d6zelmac\u0131kl\u0131 \u201cNet g\u00f6\u00e7 rakamlar\u0131na bakt\u0131\u011f\u0131m\u0131zda en \u00e7ok g\u00f6\u00e7 veren \u015fehir 21 bin 254 ile Ordu oldu. Bu ilimizi s\u0131ras\u0131yla 20 bin 894 ile \u00c7ank\u0131r\u0131, 19 bin 44 ile \u015eanl\u0131urfa, 13 bin 582 ile Erzurum, 12 bin 858 ile Sivas, 11 bin 816 ile A\u011fr\u0131, 9 bin 319 ile G\u00fcm\u00fc\u015fhane, 9 bin 24 ile Kahramanmara\u015f, 8 bin 905 ile Elaz\u0131\u011f ve 8 bin 610 ile Adana takip etti\u201d dedi.<\/p>\n<table width=\"315\">\n<tbody>\n<tr>\n<td width=\"72\"><strong>\u0130l<\/strong><br \/>\nProvinces<\/td>\n<td width=\"65\"><strong>Toplam<br \/>\nn\u00fcfus<br \/>\n<\/strong>Total population<\/td>\n<td width=\"55\"><strong>Ald\u0131\u011f\u0131 g\u00f6\u00e7<br \/>\n<\/strong>In-migration<\/td>\n<td width=\"62\"><strong>Verdi\u011fi g\u00f6\u00e7<br \/>\n<\/strong>Out-migration<\/td>\n<td width=\"61\"><strong>Net g\u00f6\u00e7<br \/>\n<\/strong>Net migration<\/td>\n<\/tr>\n<tr>\n<td width=\"72\">Ordu<\/td>\n<td width=\"65\">754 198<\/td>\n<td width=\"55\">25 386<\/td>\n<td width=\"62\">46 640<\/td>\n<td width=\"61\">&#8211; 21 254<\/td>\n<\/tr>\n<tr>\n<td width=\"72\">\u00c7ank\u0131r\u0131<\/td>\n<td width=\"65\">195 789<\/td>\n<td width=\"55\">11 381<\/td>\n<td width=\"62\">32 275<\/td>\n<td width=\"61\">&#8211; 20 894<\/td>\n<\/tr>\n<tr>\n<td width=\"72\">\u015eanl\u0131urfa<\/td>\n<td width=\"65\">2 073 614<\/td>\n<td width=\"55\">41 841<\/td>\n<td width=\"62\">60 885<\/td>\n<td width=\"61\">&#8211; 19 044<\/td>\n<\/tr>\n<tr>\n<td width=\"72\">Erzurum<\/td>\n<td width=\"65\">762 062<\/td>\n<td width=\"55\">26 819<\/td>\n<td width=\"62\">40 401<\/td>\n<td width=\"61\">&#8211; 13 582<\/td>\n<\/tr>\n<tr>\n<td width=\"72\">Sivas<\/td>\n<td width=\"65\">638 956<\/td>\n<td width=\"55\">23 572<\/td>\n<td width=\"62\">36 430<\/td>\n<td width=\"61\">&#8211; 12 858<\/td>\n<\/tr>\n<tr>\n<td width=\"72\">A\u011fr\u0131<\/td>\n<td width=\"65\">536 199<\/td>\n<td width=\"55\">16 342<\/td>\n<td width=\"62\">28 158<\/td>\n<td width=\"61\">&#8211; 11 816<\/td>\n<\/tr>\n<tr>\n<td width=\"72\">G\u00fcm\u00fc\u015fhane<\/td>\n<td width=\"65\">164 521<\/td>\n<td width=\"55\">16 158<\/td>\n<td width=\"62\">25 477<\/td>\n<td width=\"61\">&#8211; 9 319<\/td>\n<\/tr>\n<tr>\n<td width=\"72\">Kahramanmara\u015f<\/td>\n<td width=\"65\">1 154 102<\/td>\n<td width=\"55\">27 676<\/td>\n<td width=\"62\">36 700<\/td>\n<td width=\"61\">&#8211; 9 024<\/td>\n<\/tr>\n<tr>\n<td width=\"72\">Elaz\u0131\u011f<\/td>\n<td width=\"65\">591 098<\/td>\n<td width=\"55\">20 343<\/td>\n<td width=\"62\">29 248<\/td>\n<td width=\"61\">&#8211; 8 905<\/td>\n<\/tr>\n<tr>\n<td width=\"72\">Adana<\/td>\n<td width=\"65\">2 237 940<\/td>\n<td width=\"55\">52 290<\/td>\n<td width=\"62\">60 900<\/td>\n<td width=\"61\">&#8211; 8 610<\/td>\n<\/tr>\n<\/tbody>\n<\/table>\n","protected":false},"excerpt":{"rendered":"<p>T\u00dc\u0130K i\u00e7 g\u00f6\u00e7 istatistiklerine g\u00f6re 2019 y\u0131l\u0131nda \u00fclke i\u00e7inde 2 milyon 806 bin 123 g\u00f6\u00e7 ger\u00e7ekle\u015fti. 2019 y\u0131l\u0131nda g\u00f6\u00e7 edenlerin ya\u015f grubu incelendi\u011finde, en fazla g\u00f6\u00e7 edenlerin y\u00fczde 21,58 ile 20-24 ya\u015f grubu oldu\u011fu g\u00f6r\u00fcld\u00fc. Covit19 etkisi ile i\u00e7 g\u00f6\u00e7\u00fcn bu sene 65 ya\u015f \u00fcst\u00fcnde \u00e7ok daha hareketli olmas\u0131 bekleniyor. Konuya ili\u015fkin de\u011ferlendirmelerde bulunan Alt\u0131n [&hellip;]<\/p>\n","protected":false},"author":1,"featured_media":29854,"comment_status":"open","ping_status":"open","sticky":false,"template":"","format":"standard","meta":{"ngg_post_thumbnail":0},"categories":[5388],"tags":[14168,14248,14249],"_links":{"self":[{"href":"https:\/\/emlaktuel.com\/index.php?rest_route=\/wp\/v2\/posts\/31583"}],"collection":[{"href":"https:\/\/emlaktuel.com\/index.php?rest_route=\/wp\/v2\/posts"}],"about":[{"href":"https:\/\/emlaktuel.com\/index.php?rest_route=\/wp\/v2\/types\/post"}],"author":[{"embeddable":true,"href":"https:\/\/emlaktuel.com\/index.php?rest_route=\/wp\/v2\/users\/1"}],"replies":[{"embeddable":true,"href":"https:\/\/emlaktuel.com\/index.php?rest_route=%2Fwp%2Fv2%2Fcomments&post=31583"}],"version-history":[{"count":1,"href":"https:\/\/emlaktuel.com\/index.php?rest_route=\/wp\/v2\/posts\/31583\/revisions"}],"predecessor-version":[{"id":31584,"href":"https:\/\/emlaktuel.com\/index.php?rest_route=\/wp\/v2\/posts\/31583\/revisions\/31584"}],"wp:featuredmedia":[{"embeddable":true,"href":"https:\/\/emlaktuel.com\/index.php?rest_route=\/wp\/v2\/media\/29854"}],"wp:attachment":[{"href":"https:\/\/emlaktuel.com\/index.php?rest_route=%2Fwp%2Fv2%2Fmedia&parent=31583"}],"wp:term":[{"taxonomy":"category","embeddable":true,"href":"https:\/\/emlaktuel.com\/index.php?rest_route=%2Fwp%2Fv2%2Fcategories&post=31583"},{"taxonomy":"post_tag","embeddable":true,"href":"https:\/\/emlaktuel.com\/index.php?rest_route=%2Fwp%2Fv2%2Ftags&post=31583"}],"curies":[{"name":"wp","href":"https:\/\/api.w.org\/{rel}","templated":true}]}}