{"id":31574,"date":"2020-04-29T10:27:16","date_gmt":"2020-04-29T07:27:16","guid":{"rendered":"https:\/\/emlaktuel.com\/?p=31574"},"modified":"2020-04-29T10:27:16","modified_gmt":"2020-04-29T07:27:16","slug":"koronavirus-salgini-ile-gayrimenkul-sektoru-sekil-degistirdi","status":"publish","type":"post","link":"https:\/\/emlaktuel.com\/?p=31574","title":{"rendered":"Koronavir\u00fcs salg\u0131n\u0131 ile gayrimenkul sekt\u00f6r\u00fc \u015fekil de\u011fi\u015ftirdi!"},"content":{"rendered":"<p>Cushman&amp;Wakefield taraf\u0131ndan T\u00fcrkiye Gayrimenkul Pazar G\u00f6r\u00fcn\u00fcm\u00fc 2020 1. \u00c7eyrek Raporu yay\u0131nland\u0131. Ofis, sanayi, perakende ve lojistik sekt\u00f6rlerle ilgili de\u011ferlendirmede Tirkiye&#8217;de \u00e7al\u0131\u015fan sa\u011fl\u0131k ve g\u00fcvenli\u011fe odakl\u0131 daha esnek ofaisler olmas\u0131 beklen\u015fyor&#8230;<\/p>\n<div class=\"post-content\">\n<p>Cushman&amp;Wakefield&#8217;in ofis, perakende, sanayi ve lojistik sekt\u00f6rleri i\u00e7in haz\u0131rlad\u0131\u011f\u0131 raporda T\u00fcrkiye Gayrimenkul Pazar G\u00f6r\u00fcn\u00fcm\u00fc 2020 1. \u00c7eyrek Raporunda sonu\u00e7 de\u011ferlendirildi\u011finde; T\u00fcrkiye\u2019de 2020 y\u0131l\u0131 ilk \u00e7eyre\u011fi sonlar\u0131na do\u011fru etkisini hissettiren koronavir\u00fcs salg\u0131n\u0131 ile t\u00fcm sekt\u00f6rler yeniden \u015fekillerek de\u011fi\u015fime u\u011frad\u0131.\u00a0 \u00d6n\u00fcm\u00fczdeki yeni d\u00f6nemde ofis pazar\u0131nda itici g\u00fc\u00e7lerin i\u015f yeri yo\u011funluk, \u00e7al\u0131\u015fan sa\u011fl\u0131\u011f\u0131 ve de g\u00fcvenli\u011fi odakl\u0131 daha esnek ofislerin olmas\u0131, ve salg\u0131n ile y\u00fckseli\u015fe ge\u00e7en online perakendecili\u011fi ile beraber e-ticaret sekt\u00f6r\u00fc ve b\u00fcy\u00fck ma\u011fazalar\u0131n g\u00fcn ge\u00e7tik\u00e7e g\u00fc\u00e7lenmesi, s\u00fcpermarketlerin ise depo kiralama ihtiya\u00e7lar\u0131n\u0131 daha da h\u0131zland\u0131rmas\u0131 bekleniyor.<\/p>\n<p>2020 y\u0131l\u0131 ilk aylar\u0131 i\u00e7inde toparlanma s\u00fcrecinde olan reel sekt\u00f6r g\u00fcven ve imalat sanayi endeksleri 2020 Mart ay\u0131 i\u00e7inde azal\u0131\u015f g\u00f6sterirken, koronaviri\u00fcs salg\u0131n\u0131 sanayi ve lojistik pazar\u0131nda etkilerini g\u00f6steren otomotiv ile yan sanayi sekt\u00f6r\u00fcn \u00fcretimine ge\u00e7ici olarak ara vermesine ba\u011fl\u0131 olarak ihracatta da azalma oldu. Yay\u0131nlanan rapora g\u00f6re, k\u00fcresel salg\u0131n\u0131n etkii ile e-ticaret her ge\u00e7en g\u00fcn daha da h\u0131zland\u0131, \u00f6zellikle b\u00fcy\u00fck market zincirlerinin acil depo kiralama ihtiya\u00e7lar\u0131n\u0131n artt\u0131\u011f\u0131 ve h\u0131z verdi\u011fi ayr\u0131ca \u00f6n\u00fcm\u00fczdeki d\u00f6nemlerde yakalanan bu ivmenin devam etmesinin planland\u0131\u011f\u0131 \u00f6n g\u00f6r\u00fcld\u00fc. Perakende ve lojistik sekt\u00f6r\u00fcndeki yat\u0131r\u0131m taleplerinin f\u0131rsat\u00e7\u0131 al\u0131c\u0131larca \u00f6n\u00fcm\u00fczdeki g\u00fcnlerde tekrar hareketlenece\u011fi beklenirken, arsa fiyatlar\u0131 ve kira seviyelerinin d\u00f6viz cinsinden d\u00fc\u015f\u00fc\u015f\u00fcne y\u00f6nelik beklentilerin s\u00fcrece\u011fi de kaydedildi.<\/p>\n<h2>Ofise talepler 2020 ilk \u00e7eyre\u011finde artt\u0131<\/h2>\n<p>T\u00fcrkiye&#8217;nin en kalabal\u0131k \u015fehri \u0130stanbul\u2019da 2020 1. \u00e7eyrekte toplam arz\u0131n 6,46 milyon metrekare oldu\u011fu belirtilen raporda, ilk \u00e7eyrekte yakla\u015f\u0131k olarak 90 bin 863 metrekare olan kiralamalar, 2012 y\u0131l\u0131 son \u00e7eyre\u011fine ve ge\u00e7en senenin ilk \u00e7eyre\u011fine oranlar y\u00fczde 39,62\u00a0 oranlar\u0131nda artt\u0131. Kiralama i\u015flemlerinin tamamlanmas\u0131ndan sonra kiralama talebi art\u0131 g\u00f6stersede, salg\u0131n\u0131n etkisi ile \u00f6n\u00fcm\u00fczdeki d\u00f6nem yava\u015flamas\u0131n\u0131n planland\u0131\u011f\u0131 kaydedildi.<\/p>\n<p>2020&#8217;nin 1. \u00e7eyre\u011finde Mart ay\u0131 verilerine bak\u0131ld\u0131\u011f\u0131nda; \u0130stanbul Levent il\u00e7esinde metrekarede ayl\u0131k ofis kiralar\u0131 ge\u00e7ti\u011fimiz senenin ayn\u0131 ay\u0131na g\u00f6re de\u011fi\u015fmeyerek 32 dolar civar\u0131nda kald\u0131, Gayrettepe\u2019de y\u00fczde 5 azal\u0131\u015f g\u00f6stererek 19 dolara, Maslak\u2019ta ise y\u00fczde 9,5 azalarak 19 dolara, \u0130stanbul Anadolu Yakas\u0131 b\u00f6lgesinde ise y\u00fczde 8,3 azal\u0131\u015fle 22 dolar oldu\u011fu a\u00e7\u0131kland\u0131.<\/p>\n<\/div>\n<div class=\"reklam\"><\/div>\n<p>&nbsp;<\/p>\n","protected":false},"excerpt":{"rendered":"<p>Cushman&amp;Wakefield taraf\u0131ndan T\u00fcrkiye Gayrimenkul Pazar G\u00f6r\u00fcn\u00fcm\u00fc 2020 1. \u00c7eyrek Raporu yay\u0131nland\u0131. Ofis, sanayi, perakende ve lojistik sekt\u00f6rlerle ilgili de\u011ferlendirmede Tirkiye&#8217;de \u00e7al\u0131\u015fan sa\u011fl\u0131k ve g\u00fcvenli\u011fe odakl\u0131 daha esnek ofaisler olmas\u0131 beklen\u015fyor&#8230; Cushman&amp;Wakefield&#8217;in ofis, perakende, sanayi ve lojistik sekt\u00f6rleri i\u00e7in haz\u0131rlad\u0131\u011f\u0131 raporda T\u00fcrkiye Gayrimenkul Pazar G\u00f6r\u00fcn\u00fcm\u00fc 2020 1. \u00c7eyrek Raporunda sonu\u00e7 de\u011ferlendirildi\u011finde; T\u00fcrkiye\u2019de 2020 y\u0131l\u0131 ilk \u00e7eyre\u011fi [&hellip;]<\/p>\n","protected":false},"author":1,"featured_media":25997,"comment_status":"open","ping_status":"open","sticky":false,"template":"","format":"standard","meta":{"ngg_post_thumbnail":0},"categories":[5388],"tags":[107,14156,389],"_links":{"self":[{"href":"https:\/\/emlaktuel.com\/index.php?rest_route=\/wp\/v2\/posts\/31574"}],"collection":[{"href":"https:\/\/emlaktuel.com\/index.php?rest_route=\/wp\/v2\/posts"}],"about":[{"href":"https:\/\/emlaktuel.com\/index.php?rest_route=\/wp\/v2\/types\/post"}],"author":[{"embeddable":true,"href":"https:\/\/emlaktuel.com\/index.php?rest_route=\/wp\/v2\/users\/1"}],"replies":[{"embeddable":true,"href":"https:\/\/emlaktuel.com\/index.php?rest_route=%2Fwp%2Fv2%2Fcomments&post=31574"}],"version-history":[{"count":1,"href":"https:\/\/emlaktuel.com\/index.php?rest_route=\/wp\/v2\/posts\/31574\/revisions"}],"predecessor-version":[{"id":31575,"href":"https:\/\/emlaktuel.com\/index.php?rest_route=\/wp\/v2\/posts\/31574\/revisions\/31575"}],"wp:featuredmedia":[{"embeddable":true,"href":"https:\/\/emlaktuel.com\/index.php?rest_route=\/wp\/v2\/media\/25997"}],"wp:attachment":[{"href":"https:\/\/emlaktuel.com\/index.php?rest_route=%2Fwp%2Fv2%2Fmedia&parent=31574"}],"wp:term":[{"taxonomy":"category","embeddable":true,"href":"https:\/\/emlaktuel.com\/index.php?rest_route=%2Fwp%2Fv2%2Fcategories&post=31574"},{"taxonomy":"post_tag","embeddable":true,"href":"https:\/\/emlaktuel.com\/index.php?rest_route=%2Fwp%2Fv2%2Ftags&post=31574"}],"curies":[{"name":"wp","href":"https:\/\/api.w.org\/{rel}","templated":true}]}}