{"id":31289,"date":"2020-03-16T14:20:41","date_gmt":"2020-03-16T11:20:41","guid":{"rendered":"https:\/\/emlaktuel.com\/?p=31289"},"modified":"2020-03-16T14:20:41","modified_gmt":"2020-03-16T11:20:41","slug":"tamer-ozyurt-satislardaki-hareketlilik-faiz-indirimiyle-yeni-bir-boyut-kazandi","status":"publish","type":"post","link":"https:\/\/emlaktuel.com\/?p=31289","title":{"rendered":"Tamer \u00d6zyurt: \u201cSat\u0131\u015flardaki hareketlilik, faiz indirimiyle yeni bir boyut kazand\u0131\u201d"},"content":{"rendered":"<p>Tamer \u00d6zyurt \/ \u00d6zyurtlar Holding Y\u00f6netim Kurulu Ba\u015fkan\u0131: Sekt\u00f6r\u00fcm\u00fczde2019 y\u0131l\u0131n\u0131n son d\u00f6neminde ger\u00e7ekle\u015ftirilen faiz indirimiyle birlikte ba\u015flayan hareketlilik, faizlerin y\u00fczde 0.79\u2019a \u00e7ekilmesiyle farkl\u0131 bir boyut kazand\u0131. T\u00dc\u0130K\u2019in a\u00e7\u0131klad\u0131\u011f\u0131 \u015fubat rakamlar\u0131na g\u00f6re sat\u0131\u015flarda ya\u015fanan y\u00fczde 51.4\u2019l\u00fck art\u0131\u015f, faiz indiriminin bir kazan\u0131m\u0131 oldu. \u0130ndirimden en b\u00fcy\u00fck pay\u0131 kredili sat\u0131\u015flar al\u0131yor. \u015eubat ay\u0131nda kredili sat\u0131\u015flardaki art\u0131\u015f, y\u00fczde 400\u2019e ula\u015ft\u0131. Yabanc\u0131 yat\u0131r\u0131mc\u0131lar\u0131n sekt\u00f6r\u00fcm\u00fcze olan g\u00fcveni sat\u0131\u015flara da yans\u0131yor. \u015eubat ay\u0131nda ya\u015fanan y\u00fczde20.6\u2019l\u0131k art\u0131\u015f, sekt\u00f6r\u00fcm\u00fcz\u00fcn d\u00fcnyadaki vitrininin ne kadar sa\u011flam oldu\u011funu g\u00f6steriyor.<\/p>\n<p>Merkez Bankas\u0131\u2019n\u0131n faiz indirimi y\u00f6n\u00fcnde att\u0131\u011f\u0131 ad\u0131mlar, faiz oranlar\u0131n\u0131n gerilemesine y\u00f6nelik bir sinyal veriyor. Merkez Bankas\u0131\u2019n\u0131n yeni faiz politikas\u0131, sat\u0131\u015flardaki hareketlili\u011fi destekliyor. Yat\u0131r\u0131mc\u0131lar, her ko\u015fulda faiz indirimini seviyor. Yakla\u015fan bahar aylar\u0131 ile birlikte, \u00f6n\u00fcm\u00fczde bizi bekleyen lansman d\u00f6nemi oldu\u011funu d\u00fc\u015f\u00fcnecek olursak, yat\u0131r\u0131mc\u0131ya sunaca\u011f\u0131m\u0131z cazip \u00f6deme se\u00e7enekleri ile sat\u0131\u015flar\u0131n en y\u00fcksek seviyeye ula\u015faca\u011f\u0131n\u0131 s\u00f6yleyebiliriz. \u00d6te yandan sat\u0131\u015flardaki art\u0131\u015fla birlikte eriyen stoklar da orta vadede yeni projelerin hayata ge\u00e7irilmesi i\u00e7in \u00f6nemli bir zemin haz\u0131rlad\u0131. Kentsel d\u00f6n\u00fc\u015f\u00fcm projeleri y\u00f6n\u00fcnde ba\u015flayan hareketlili\u011fi de g\u00f6z \u00f6n\u00fcnde bulundurursak sat\u0131\u015flardaki hareketli yap\u0131 ile birlikte yeni in\u015faat \u00e7al\u0131\u015fmalar\u0131n\u0131n h\u0131z kazand\u0131\u011f\u0131 bir d\u00f6nem bizi bekliyor diyebiliriz.<\/p>\n<p>Gayrimenkul ve in\u015faat sekt\u00f6r\u00fcnde edindi\u011fimiz k\u00f6kl\u00fc tecr\u00fcbe ile her d\u00f6nemde sat\u0131\u015flar\u0131m\u0131zda ve in\u015faat faaliyetlerimizde dinamik bir yap\u0131 sergiledik. Geldi\u011fimiz son a\u015famada \u00d6d\u00fcl \u0130stanbul projemizin y\u00fczde 80\u2019inin teslim ettik. Baha\u015f Holding i\u015fbirli\u011finde, Esenyurt\u2019tain\u015fa etti\u011fimiz Meydan Ard\u0131\u00e7l\u0131 projesinin 2 etab\u0131n\u0131n teslimlerini, ticari alanlar\u0131n da y\u00fczde 80\u2019inin sat\u0131\u015f\u0131n\u0131 tamamlad\u0131k. Ncadde Hayat Residence&#8217;ta\u201cHemen Tapu, Hemen Teslim\u201d d\u00f6nemi ba\u015flatt\u0131k. Var olan projelerimize ek olarak hayata ge\u00e7irmeyi planlad\u0131\u011f\u0131m\u0131z yeni projelerimizle sekt\u00f6r\u00fcn en b\u00fcy\u00fck oyuncular\u0131ndan biri olarak \u00e7al\u0131\u015fmalar\u0131m\u0131z\u0131 s\u00fcrd\u00fcrece\u011fiz.\u201d<\/p>\n","protected":false},"excerpt":{"rendered":"<p>Tamer \u00d6zyurt \/ \u00d6zyurtlar Holding Y\u00f6netim Kurulu Ba\u015fkan\u0131: Sekt\u00f6r\u00fcm\u00fczde2019 y\u0131l\u0131n\u0131n son d\u00f6neminde ger\u00e7ekle\u015ftirilen faiz indirimiyle birlikte ba\u015flayan hareketlilik, faizlerin y\u00fczde 0.79\u2019a \u00e7ekilmesiyle farkl\u0131 bir boyut kazand\u0131. T\u00dc\u0130K\u2019in a\u00e7\u0131klad\u0131\u011f\u0131 \u015fubat rakamlar\u0131na g\u00f6re sat\u0131\u015flarda ya\u015fanan y\u00fczde 51.4\u2019l\u00fck art\u0131\u015f, faiz indiriminin bir kazan\u0131m\u0131 oldu. \u0130ndirimden en b\u00fcy\u00fck pay\u0131 kredili sat\u0131\u015flar al\u0131yor. \u015eubat ay\u0131nda kredili sat\u0131\u015flardaki art\u0131\u015f, y\u00fczde 400\u2019e [&hellip;]<\/p>\n","protected":false},"author":1,"featured_media":23614,"comment_status":"open","ping_status":"open","sticky":false,"template":"","format":"standard","meta":{"ngg_post_thumbnail":0},"categories":[5388],"tags":[8268],"_links":{"self":[{"href":"https:\/\/emlaktuel.com\/index.php?rest_route=\/wp\/v2\/posts\/31289"}],"collection":[{"href":"https:\/\/emlaktuel.com\/index.php?rest_route=\/wp\/v2\/posts"}],"about":[{"href":"https:\/\/emlaktuel.com\/index.php?rest_route=\/wp\/v2\/types\/post"}],"author":[{"embeddable":true,"href":"https:\/\/emlaktuel.com\/index.php?rest_route=\/wp\/v2\/users\/1"}],"replies":[{"embeddable":true,"href":"https:\/\/emlaktuel.com\/index.php?rest_route=%2Fwp%2Fv2%2Fcomments&post=31289"}],"version-history":[{"count":1,"href":"https:\/\/emlaktuel.com\/index.php?rest_route=\/wp\/v2\/posts\/31289\/revisions"}],"predecessor-version":[{"id":31290,"href":"https:\/\/emlaktuel.com\/index.php?rest_route=\/wp\/v2\/posts\/31289\/revisions\/31290"}],"wp:featuredmedia":[{"embeddable":true,"href":"https:\/\/emlaktuel.com\/index.php?rest_route=\/wp\/v2\/media\/23614"}],"wp:attachment":[{"href":"https:\/\/emlaktuel.com\/index.php?rest_route=%2Fwp%2Fv2%2Fmedia&parent=31289"}],"wp:term":[{"taxonomy":"category","embeddable":true,"href":"https:\/\/emlaktuel.com\/index.php?rest_route=%2Fwp%2Fv2%2Fcategories&post=31289"},{"taxonomy":"post_tag","embeddable":true,"href":"https:\/\/emlaktuel.com\/index.php?rest_route=%2Fwp%2Fv2%2Ftags&post=31289"}],"curies":[{"name":"wp","href":"https:\/\/api.w.org\/{rel}","templated":true}]}}