{"id":31024,"date":"2020-01-08T11:43:05","date_gmt":"2020-01-08T08:43:05","guid":{"rendered":"https:\/\/emlaktuel.com\/?p=31024"},"modified":"2020-01-08T11:43:05","modified_gmt":"2020-01-08T08:43:05","slug":"y-mimar-feza-okten-koca-2020de-teknoloji-ve-dogadan-ilham-alan-urunler-one-cikacak","status":"publish","type":"post","link":"https:\/\/emlaktuel.com\/?p=31024","title":{"rendered":"Y.Mimar Feza \u00d6kten Koca: &#8216;2020\u2019de Teknoloji ve Do\u011fadan \u0130lham Alan \u00dcr\u00fcnler \u00d6ne \u00c7\u0131kacak&#8217;"},"content":{"rendered":"<p><strong>\u00d6d\u00fcll\u00fc ofis ve konut projeleri ile uluslararas\u0131 \u00e7apta ba\u015far\u0131lara imza atan Elips Tasar\u0131m Mimarl\u0131k Kurucusu Y. Mimar Feza \u00d6kten Koca, ev ve ofis i\u00e7 mekanlar\u0131nda 2020 y\u0131l\u0131nda \u00f6n plana \u00e7\u0131kacak olan tasar\u0131m trendlerini de\u011ferlendirdi. Feza \u00d6kten Koca\u2019ya g\u00f6re g\u00fcnl\u00fck hayatta tercih edilen rahat ve konforlu tasar\u0131mlar\u0131n yan\u0131nda do\u011fadan ilham alan \u00fcr\u00fcnler renk, doku ve form de\u011fi\u015fikli\u011fine u\u011frayarak yeni y\u0131lda da kar\u015f\u0131m\u0131za \u00e7\u0131kacak.<\/strong><\/p>\n<p><strong>Elips Tasar\u0131m Mimarl\u0131k Kurucusu Y.Mimar Feza \u00d6kten Koca<\/strong>, konut ve \u00e7al\u0131\u015fma mekanlar\u0131n\u0131 g\u00f6z \u00f6n\u00fcne alarak 2020 y\u0131l\u0131nda tasar\u0131m alan\u0131nda konu\u015fulacak yenilikleri ve gelecekte kar\u015f\u0131m\u0131za \u00e7\u0131kacak trendleri aktard\u0131. Bir s\u00fcredir devam eden minimalist, sade ve fonksiyonel tasar\u0131m fikirlerinin \u00f6n plana \u00e7\u0131kmaya devam edece\u011fini belirten\u00a0<strong>Feza \u00d6kten Koca<\/strong>, ya\u015fam tarzlar\u0131 ve ihtiya\u00e7lar de\u011fi\u015ftik\u00e7e yeni trendlerin de beraberinde gelmek zorunda oldu\u011funu vurguluyor ve ekliyor: \u201c<strong>2010-2019 y\u0131llar\u0131 aras\u0131nda teknoloji ve kullan\u0131c\u0131 al\u0131\u015fkanl\u0131klar\u0131ndaki de\u011fi\u015fimlerle birlikte mimari ve i\u00e7 mimaride farkl\u0131 dillere ge\u00e7i\u015fler oldu. 2020 ile birlikte yeni bir 10 y\u0131ll\u0131k d\u00f6neme daha giriyoruz. \u00d6n\u00fcm\u00fczdeki y\u0131llarda\u00a0<\/strong><strong>dijital d\u00fcnyada teknoloji her zaman \u00f6n planda olmaya devam edecek; bu y\u00fczden de mimari ve i\u00e7 mimari tasar\u0131m trendleri de teknolojiden maksimum oranda faydalanacak. Konforun yan\u0131 s\u0131ra sosyal medya etkisi ile foto\u011fraf kareleri yaratacak alanlar yarat\u0131lmaya devam edilecek.\u201d<\/strong><\/p>\n<p>Y ku\u015fa\u011f\u0131n\u0131n i\u015f hayat\u0131na at\u0131l\u0131p kendi evlerinde ya\u015famaya ba\u015flad\u0131\u011f\u0131n\u0131, ofis ve konutlarda onlar\u0131n ya\u015fam \u015feklini destekleyici yeni mimari tarzlar ortaya \u00e7\u0131kt\u0131\u011f\u0131n\u0131 vurgulayan\u00a0<strong>Y.Mimar<\/strong>\u00a0<strong>Feza \u00d6kten Koca<\/strong>, Y ve Z ku\u015faklar\u0131n\u0131n farkl\u0131 isteklerle mekanlarda konfor arar olduklar\u0131n\u0131, eski kat\u0131 kurallar\u0131n da yava\u015f yava\u015f k\u0131r\u0131lmaya ba\u015flad\u0131\u011f\u0131n\u0131 belirtiyor.<\/p>\n<p>Bunlar\u0131n yan\u0131 s\u0131ra her ge\u00e7en sene \u015fehirlerin b\u00fcy\u00fcd\u00fc\u011f\u00fcn\u00fc ancak yeni jenerasyonlar\u0131n konfor anlay\u0131\u015f\u0131 ile ya\u015fad\u0131\u011f\u0131m\u0131z ve \u00e7al\u0131\u015ft\u0131\u011f\u0131m\u0131z mekanlar\u0131n k\u00fc\u00e7\u00fcld\u00fc\u011f\u00fcn\u00fc aktaran mimar, hem ofis hem de konut tasar\u0131mlar\u0131nda a\u00e7\u0131k mekan\u0131n ferah olmas\u0131n\u0131 ve istenildi\u011fi zaman farkl\u0131 fonksiyonlarda kullan\u0131labilmesini sa\u011flayan do\u011fal malzemelerin tercih edilece\u011fini dile getiriyor ve ekliyor:\u00a0<strong>\u201cAh\u015fab\u0131n yan\u0131 s\u0131ra bu alanlarda has\u0131r, rattan ve j\u00fct gibi malzemeler de kar\u015f\u0131m\u0131za \u00e7\u0131kacak. Bu tarz lifli malzemelerin kullan\u0131lmas\u0131 mek\u00e2na daha fazla doku katarak ortam\u0131n daha s\u0131cak kar\u015f\u0131lanmas\u0131n\u0131 sa\u011flayacak. Ah\u015fap y\u00fczeyler farkl\u0131 desenlerde boyanarak tan\u0131ml\u0131 mekanlar olu\u015fturacak.\u201d<\/strong><\/p>\n<p>Kadife d\u00f6\u015femelerin, i\u00e7 mekan tasar\u0131mlar\u0131nda kullan\u0131lmaya devam edece\u011finden s\u00f6z eden\u00a0<strong>Feza \u00d6kten Koca<\/strong>, etnik objeler kullan\u0131larak farkl\u0131 k\u00fclt\u00fcrlerin havas\u0131 ya\u015fat\u0131labilece\u011fini ve metalin parlakl\u0131k \u00f6zelli\u011fiyle; lambalar, ayna \u00e7er\u00e7eveleri, mobilyalar ve aksesuarlarda metalin t\u00fcm varyasyonlar\u0131 kullan\u0131laca\u011f\u0131n\u0131 aktar\u0131yor.<\/p>\n<p><strong>\u201cTerrazzo kaplama, gelenekselden farkl\u0131 olarak daha b\u00fcy\u00fck boyutlarda, daha az yo\u011funlu\u011fa sahip ve daha \u00e7arp\u0131c\u0131 olarak mimaride ve tasar\u0131mda kullan\u0131lacak\u201d\u00a0<\/strong>diyen mimar, 2020\u2019nin Pantone Renk Enstit\u00fcs\u00fc taraf\u0131ndan a\u00e7\u0131klanan trend rengi \u201cklasik mavi\u201dye de vurgu yap\u0131yor. Pantone Renk Enstit\u00fcs\u00fc Y\u00f6netici Direkt\u00f6r\u00fc Leatrice Eiseman\u2019\u0131n, y\u0131l\u0131n rengini,\u00a0<em>\u201cG\u00fcven ve inan\u00e7 gerektiren bir zamanda ya\u015f\u0131yoruz. Pantone 19-4052 klasik mavinin ifade etti\u011fi, i\u015fte bu tarz bir s\u00fcreklilik ve g\u00fcven; her zaman itimat edebilece\u011fimiz, elle tutulur ve g\u00fcven telkin eden bir ton\u201d\u00a0<\/em>s\u00f6zleriyle de\u011ferlendirdi\u011fini aktaran\u00a0<strong>Feza \u00d6kten Koca,<\/strong>\u00a0yeni y\u0131lda i\u00e7 mekanlarda klasik mavi d\u0131\u015f\u0131nda alev k\u0131rm\u0131z\u0131s\u0131, safran, biskay ye\u015fili, frenk so\u011fan\u0131 ye\u015fili, soluk denim, portakal kabu\u011fu, mozaik mavisi, mercan pembe, \u00e7ubuk tar\u00e7\u0131n ve g\u00fcn \u0131\u015f\u0131\u011f\u0131 renklerini de g\u00f6rece\u011fimizi s\u00f6yl\u00fcyor.<\/p>\n<p>Ayr\u0131ca 2020\u2019de dekorasyonun en b\u00fcy\u00fck destek\u00e7isi olarak sanat\u0131n i\u00e7 mekanlarda daha fazla yer bulaca\u011f\u0131n\u0131, i\u00e7 mimari tarz\u0131 ne olursa olsun, konut mekanlar\u0131n\u0131n resimler ve heykellerle ki\u015fiselle\u015ftirilece\u011fini de s\u00f6zlerine ekliyor.<\/p>\n<p>Ofis tasar\u0131mlar\u0131nda ise do\u011fal olana, rahatl\u0131\u011fa, teknolojiye ve sosyalle\u015fmeye \u00f6nem veren Y ve Z ku\u015fa\u011f\u0131na y\u00f6nelik mekan kurgulamalar\u0131nda trendlerin \u00e7ok daha esnek olaca\u011f\u0131n\u0131 aktaran\u00a0<strong>Feza \u00d6kten Koca<\/strong>, bu durumun art\u0131k mimarlar\u0131n kar\u015f\u0131s\u0131nda tek bir mekana saplan\u0131p kalmayan, daha global bir kullan\u0131c\u0131 toplulu\u011fu olmas\u0131ndan kaynakland\u0131\u011f\u0131n\u0131 ve do\u011faya ve hayvanlara \u00e7ok daha fazla de\u011fer veren bu yeni kullan\u0131c\u0131 toplulu\u011funun ihtiya\u00e7lar\u0131n\u0131 g\u00f6z \u00f6n\u00fcnde bulundurmak gerekti\u011fini, trendleri belirleyen en \u00f6nemli kriterlerin ise bu ihtiya\u00e7lar\u0131 en do\u011fru \u015fekilde kurgulama \u00e7abas\u0131 oldu\u011funu belirtiyor.<\/p>\n","protected":false},"excerpt":{"rendered":"<p>\u00d6d\u00fcll\u00fc ofis ve konut projeleri ile uluslararas\u0131 \u00e7apta ba\u015far\u0131lara imza atan Elips Tasar\u0131m Mimarl\u0131k Kurucusu Y. Mimar Feza \u00d6kten Koca, ev ve ofis i\u00e7 mekanlar\u0131nda 2020 y\u0131l\u0131nda \u00f6n plana \u00e7\u0131kacak olan tasar\u0131m trendlerini de\u011ferlendirdi. Feza \u00d6kten Koca\u2019ya g\u00f6re g\u00fcnl\u00fck hayatta tercih edilen rahat ve konforlu tasar\u0131mlar\u0131n yan\u0131nda do\u011fadan ilham alan \u00fcr\u00fcnler renk, doku ve form [&hellip;]<\/p>\n","protected":false},"author":1,"featured_media":31025,"comment_status":"open","ping_status":"open","sticky":false,"template":"","format":"standard","meta":{"ngg_post_thumbnail":0},"categories":[26],"tags":[14133,14132],"_links":{"self":[{"href":"https:\/\/emlaktuel.com\/index.php?rest_route=\/wp\/v2\/posts\/31024"}],"collection":[{"href":"https:\/\/emlaktuel.com\/index.php?rest_route=\/wp\/v2\/posts"}],"about":[{"href":"https:\/\/emlaktuel.com\/index.php?rest_route=\/wp\/v2\/types\/post"}],"author":[{"embeddable":true,"href":"https:\/\/emlaktuel.com\/index.php?rest_route=\/wp\/v2\/users\/1"}],"replies":[{"embeddable":true,"href":"https:\/\/emlaktuel.com\/index.php?rest_route=%2Fwp%2Fv2%2Fcomments&post=31024"}],"version-history":[{"count":1,"href":"https:\/\/emlaktuel.com\/index.php?rest_route=\/wp\/v2\/posts\/31024\/revisions"}],"predecessor-version":[{"id":31026,"href":"https:\/\/emlaktuel.com\/index.php?rest_route=\/wp\/v2\/posts\/31024\/revisions\/31026"}],"wp:featuredmedia":[{"embeddable":true,"href":"https:\/\/emlaktuel.com\/index.php?rest_route=\/wp\/v2\/media\/31025"}],"wp:attachment":[{"href":"https:\/\/emlaktuel.com\/index.php?rest_route=%2Fwp%2Fv2%2Fmedia&parent=31024"}],"wp:term":[{"taxonomy":"category","embeddable":true,"href":"https:\/\/emlaktuel.com\/index.php?rest_route=%2Fwp%2Fv2%2Fcategories&post=31024"},{"taxonomy":"post_tag","embeddable":true,"href":"https:\/\/emlaktuel.com\/index.php?rest_route=%2Fwp%2Fv2%2Ftags&post=31024"}],"curies":[{"name":"wp","href":"https:\/\/api.w.org\/{rel}","templated":true}]}}