{"id":30953,"date":"2020-01-02T10:15:56","date_gmt":"2020-01-02T07:15:56","guid":{"rendered":"https:\/\/emlaktuel.com\/?p=30953"},"modified":"2020-01-02T10:15:56","modified_gmt":"2020-01-02T07:15:56","slug":"enerji-tasarrufunun-yolu-inovatif-teknolojilerden-geciyor","status":"publish","type":"post","link":"https:\/\/emlaktuel.com\/?p=30953","title":{"rendered":"Enerji Tasarrufunun Yolu \u0130novatif Teknolojilerden Ge\u00e7iyor"},"content":{"rendered":"<h2><strong style=\"font-size: 16px;\"><i>Ye\u015fil bir \u015firket olma felsefesinin \u0131\u015f\u0131\u011f\u0131nda ger\u00e7ekle\u015ftirdi\u011fi global \u00f6l\u00e7ekli yeniliklerle dikkat \u00e7eken teknoloji devi Mitsubishi Electric, Enerji Tasarrufu Haftas\u0131\u2019nda daha iyi bir gelecek i\u00e7in verimlilik sa\u011flayacak de\u011fi\u015fimlerin \u00f6nemini vurgulad\u0131. \u201cEvden uzaya\u201d kadar pek \u00e7ok farkl\u0131 alanda geli\u015ftirdi\u011fi ileri teknolojiler ile s\u00fcrd\u00fcr\u00fclebilir d\u00fcnyan\u0131n desteklenmesine katk\u0131da bulunan Mitsubishi Electric, T\u00fcrkiye\u2019de de \u00e7evre dostu binalar, tesisler ve alt yap\u0131 projelerinin iklimlendirme, otomasyon, asans\u00f6r, y\u00fcr\u00fcyen merdiven ve g\u00f6rsel veri sistemleri i\u00e7in iddial\u0131 bir \u00e7\u00f6z\u00fcm orta\u011f\u0131 konumunda.<\/i><\/strong><strong style=\"font-size: 16px;\"><i>\u00a0Enerji Tasarrufu Haftas\u0131 kapsam\u0131nda a\u00e7\u0131klamalarda bulunan Mitsubishi Electric T\u00fcrkiye Ba\u015fkan\u0131 \u015eevket Sara\u00e7o\u011flu, markan\u0131n enerji verimlili\u011fine verdi\u011fi \u00f6nemin yan\u0131 s\u0131ra \u00e7evre ile ilgili hedefleri konusunda bilgiler verdi.<\/i><\/strong><\/h2>\n<p>&nbsp;<\/p>\n<p>K\u00f6kl\u00fc inovasyon miras\u0131 ve bilgi birikiminin yan\u0131 s\u0131ra \u00fcst\u00fcn teknolojiye sahip, enerji verimli, \u00e7evreci, yenilik\u00e7i \u00fcr\u00fcn ve hizmetleri ile dikkat \u00e7eken teknoloji markas\u0131 Mitsubishi Electric, global felsefesi \u201cChanges for the Better\u201d (Daha \u0130yisi \u0130\u00e7in De\u011fi\u015fim) \u00e7er\u00e7evesinde daha iyi bir gelecek ve s\u00fcrd\u00fcr\u00fclebilir bir d\u00fcnya i\u00e7in \u00e7al\u0131\u015f\u0131yor. Toplumlar\u0131n ya\u015fam kalitesini art\u0131rmak amac\u0131yla \u201cevden uzaya\u201d kadar pek \u00e7ok farkl\u0131 kulvarda ileri teknolojili \u00e7\u00f6z\u00fcmler geli\u015ftiren marka, T\u00fcrkiye\u2019de de iklimlendirme, otomasyon, asans\u00f6r, y\u00fcr\u00fcyen merdiven, g\u00f6rsel veri, uydu ve ula\u015ft\u0131rma ba\u011flant\u0131l\u0131 altyap\u0131 sistemleri gibi alanlarda y\u00fcksek katma de\u011fer sa\u011flamak i\u00e7in faaliyet g\u00f6steriyor. Enerjinin verimli kullan\u0131lmas\u0131na y\u00f6nelik toplum bilincini art\u0131rmay\u0131 ama\u00e7layan Enerji Tasarrufu Haftas\u0131 kapsam\u0131nda a\u00e7\u0131klamalarda bulunan\u00a0<strong>Mitsubishi Electric T\u00fcrkiye Ba\u015fkan\u0131 \u015eevket Sara\u00e7o\u011flu,<\/strong>\u00a0d\u00fcnyadaki mevcut kaynaklar\u0131n en etkili ve verimli \u015fekilde kullan\u0131lmas\u0131n\u0131n \u00f6nemine dikkat \u00e7ekti ve \u015fu bilgileri aktard\u0131;<\/p>\n<p>\u201cD\u00fcnyan\u0131n mevcut kaynaklar\u0131 gitgide azal\u0131yor. Bu sebeple \u00f6zellikle sanayide enerji kullan\u0131m\u0131n\u0131n, \u00fcretimde ve \u00fcretim standartlar\u0131nda bir d\u00fc\u015f\u00fc\u015fe neden olmadan azalt\u0131lmas\u0131 gerekiyor. Mitsubishi Electric olarak T\u00fcrkiye\u2019de enerji verimli, \u00e7evreci, kullan\u0131c\u0131 dostu ve uzun \u00f6m\u00fcrl\u00fc otomasyon \u00e7\u00f6z\u00fcmlerimizle i\u015fletmelerde ve projelerde ciddi oranda enerji tasarrufu sa\u011fl\u0131yoruz. Enerji Kontrol Paketi uygulamam\u0131zla i\u015fletmelerde enerji t\u00fcketilen t\u00fcm noktalardan canl\u0131 veri toplayarak sa\u011fl\u0131kl\u0131 ve kolay bir analize imkan tan\u0131yoruz. Y\u00fcksek oranda enerji y\u00f6netimi i\u00e7in donan\u0131m, yaz\u0131l\u0131m ve dok\u00fcmantasyonu bulu\u015fturuyoruz. Mitsubishi Electric\u2019in Sanayi 4.0\u2019a yan\u0131t\u0131 olan dijital fabrika konseptimiz e-F@ctory ile fabrikalara \u00e7ok daha h\u0131zl\u0131, verimli ve \u00e7evreci \u00fcretim imkan\u0131 tan\u0131yoruz. Konut, ofis ve end\u00fcstriyel klima sistemleri alan\u0131nda; yapay zeka teknolojileri ile donat\u0131lm\u0131\u015f, A+++ enerji s\u0131n\u0131f\u0131na ula\u015fan ve sistem \u00f6mr\u00fcn\u00fc tamamlayana kadar \u00e7evreye dost bir yakla\u015f\u0131mla maksimum enerji tasarrufu sa\u011flayabilen geni\u015f bir \u00fcr\u00fcn yelpazesi sunuyoruz. Mitsubishi Electric\u2019in Manisa\u2019da dijital fabrika konsepti e-F@ctory altyap\u0131s\u0131yla kurdu\u011fu ev tipi klima fabrikas\u0131nda \u00fcretilerek T\u00fcrkiye ve Avrupa pazar\u0131na sunulan klimalar\u0131m\u0131z \u00e7evreye dost \u00f6zellikleri ve tasar\u0131m\u0131 ile \u00f6ne \u00e7\u0131k\u0131yor. Mitsubishi Electric taraf\u0131ndan icat edilen ve sadece markam\u0131z\u0131n asans\u00f6rlerinde bulunan kabin i\u00e7i y\u00fcke g\u00f6re asans\u00f6r h\u0131z\u0131n\u0131 belirleme teknolojimizle de y\u00fcksek enerji tasarrufu sa\u011fl\u0131yor ve karbondioksit emisyonunu azalt\u0131yoruz.\u201d<\/p>\n<p><strong>40 bin metrek\u00fcp daha az su t\u00fcketimi<\/strong><\/p>\n<p>Mitsubishi Electric\u2019in, D\u00fcnya Kaynaklar\u0131 Enstit\u00fcs\u00fc (WRI-World Resources Institude) taraf\u0131ndan geli\u015ftirilen su riski de\u011ferlendirme arac\u0131 WRI Aqueduct\u2019u kullanarak, su riski tedbirlerine en \u00e7ok ihtiya\u00e7 duyulan k\u00fcresel \u00fcretim sahalar\u0131na \u00f6ncelik verdi\u011fini belirten Sara\u00e7o\u011flu, bunun sonucunda toplam su t\u00fcketiminin 40 bin metrek\u00fcp azalt\u0131ld\u0131\u011f\u0131n\u0131 s\u00f6yledi. Markan\u0131n ar\u0131t\u0131lan at\u0131k sular\u0131n so\u011futma sistemlerinde yeniden kullan\u0131lmas\u0131 gibi baz\u0131 tedbirler sayesinde k\u00fcm\u00fclatif su geri d\u00f6n\u00fc\u015f\u00fcm oran\u0131n\u0131n iyile\u015ftirilmesine katk\u0131 sa\u011flad\u0131\u011f\u0131n\u0131 s\u00f6yleyen Sara\u00e7o\u011flu, \u201cMitsubishi Electric, iklim de\u011fi\u015fikli\u011fi ile m\u00fccadele ve su kaynaklar\u0131n\u0131 korumaya y\u00f6nelik \u00e7al\u0131\u015fmalar\u0131 ile CDP (Carbon Disclosure Project &#8211; Karbon Saydaml\u0131k Projesi) taraf\u0131ndan iklim ve su kategorilerinde en y\u00fcksek s\u0131ralama olan A listesine girmeyi ba\u015far\u0131yor\u201d \u015feklinde konu\u015ftu.<\/p>\n<p><strong>\u201cEko-bilin\u00e7 d\u00fczeyini art\u0131rmay\u0131 hedefliyoruz\u201d<\/strong><\/p>\n<p>T\u00fcm faaliyetlerini \u201ck\u00fcresel ve \u00f6nde gelen \u00e7evre dostu\u201d bir \u015firket olma hedefi do\u011frultusunda \u015fekillendiren Mitsubishi Electric\u2019in global \u00e7evre misyonu \u201cEco Changes\u201d (Eko De\u011fi\u015fim) \u00e7er\u00e7evesinde, hem kendi \u00e7al\u0131\u015fanlar\u0131n\u0131n hem de toplumun eko-bilin\u00e7 d\u00fczeyini art\u0131rmak i\u00e7in \u00e7al\u0131\u015ft\u0131\u011f\u0131n\u0131 ifade eden Sara\u00e7o\u011flu, s\u00f6zlerini \u015f\u00f6yle s\u00fcrd\u00fcrd\u00fc; \u201cMitsubishi Electric, 100. y\u0131ld\u00f6n\u00fcm\u00fc olan 2021 y\u0131l\u0131na kadar \u00e7evreyle ilgili \u00f6nemli hedefler belirlemi\u015f durumda. Bu kapsamda; d\u00fc\u015f\u00fck karbon ve geri d\u00f6n\u00fc\u015f\u00fcme dayal\u0131 bir toplum yarat\u0131lmas\u0131na katk\u0131da bulunmay\u0131, do\u011fayla uyum i\u00e7erisinde faaliyet g\u00f6stermeyi ve grubun \u00e7evre y\u00f6netimi konusundaki faaliyetlerini g\u00fc\u00e7lendirmeyi ama\u00e7l\u0131yoruz.\u201d<\/p>\n<p><strong>\u00dcr\u00fcnlerden ve \u00fcretimden kaynaklanan karbon emisyonu d\u00fc\u015f\u00fcr\u00fcld\u00fc<\/strong><\/p>\n<p>Mitsubishi Electric\u2019in 2019 Japon mali y\u0131l\u0131na (1 Nisan 2018 &#8211; 31 Mart 2019 d\u00f6nemi) ili\u015fkin \u00c7evre Raporu\u2019nun sonu\u00e7lar\u0131 do\u011frultusunda a\u00e7\u0131klamalarda bulunan Sara\u00e7o\u011flu, \u015fu bilgileri aktard\u0131; \u201cMitsubishi Electric olarak, 2021 hedeflerimiz paralelinde \u00fcr\u00fcn kullan\u0131m\u0131ndan kaynaklanan CO<sub>2\u00a0<\/sub>emisyonunu 2001 mali y\u0131l\u0131na k\u0131yasla, \u00fcretimden kaynaklanan CO<sub>2<\/sub>\u00a0emisyonunu ise 1991 mali y\u0131l\u0131na g\u00f6re y\u00fczde 30 oran\u0131nda azaltmay\u0131 ama\u00e7l\u0131yoruz. Bu noktada 2019 \u00c7evre Raporumuz, hedeflerimize ula\u015fma yolunda \u00f6nemli ad\u0131mlar at\u0131ld\u0131\u011f\u0131n\u0131 ortaya koyuyor. Raporlama y\u0131l\u0131nda, \u00fcretimden kaynaklanan toplam CO<sub>2<\/sub>\u00a0emisyonlar\u0131, y\u00fcksek verimlilik sa\u011flayan ekipmanlar\u0131n kullan\u0131lmas\u0131 ve operasyonlar\u0131n revize edilmesi gibi tedbirler sayesinde 1.43 milyon ton hedefinin de alt\u0131na inerek 1.3 milyon tona d\u00fc\u015f\u00fcr\u00fcld\u00fc. Y\u0131l i\u00e7erisinde artan \u00fcretimden \u00f6t\u00fcr\u00fc 60 bin ton artmas\u0131 \u00f6ng\u00f6r\u00fclen enerji kaynakl\u0131 CO<sub>2\u00a0<\/sub>emisyonlar\u0131 ise y\u00fcksek verimlilik sa\u011flayan enerji tasarruflu ekipmanlar\u0131n kullan\u0131lmas\u0131n\u0131n yan\u0131 s\u0131ra \u00fcretim tesislerinde at\u0131klar\u0131n bertaraf\u0131na y\u00f6nelik al\u0131nan yeni tedbirler sonucunda yaln\u0131zca 30 bin ton d\u00fczeyinde bir art\u0131\u015f kaydetti. CO<sub>2<\/sub>\u00a0harici sera gaz\u0131 emisyonlar\u0131 180 bin ton d\u00fczeyinde ger\u00e7ekle\u015firken, k\u00fcresel \u0131s\u0131nma potansiyeli d\u00fc\u015f\u00fck olan so\u011futuculara ge\u00e7ilmesi ve di\u011fer operasyonlar 250 bin ton hedefinin alt\u0131na d\u00fc\u015f\u00fclmesine b\u00fcy\u00fck katk\u0131 sa\u011flad\u0131. Pazarda kullan\u0131lmakta olan \u00fcr\u00fcnlerden kaynaklanan CO<sub>2<\/sub>\u00a0emisyonlar\u0131 y\u00fczde 36 d\u00fczeyinde azalt\u0131ld\u0131. \u00dcr\u00fcn kullan\u0131m\u0131ndan kaynaklanan CO<sub>2\u00a0<\/sub>emisyonlar\u0131n\u0131n azalt\u0131lmas\u0131na y\u00f6nelik katk\u0131n\u0131n 70 milyon ton olmas\u0131 hedeflenirken, fiili katk\u0131 hacmi 77 milyon ton olarak ger\u00e7ekle\u015fti. Bu g\u00fc\u00e7l\u00fc performans; g\u00fc\u00e7 cihazlar\u0131, klimalar ve su \u0131s\u0131tma sistemleri gibi cihazlarda enerji verimlili\u011finin artt\u0131r\u0131lmas\u0131 sonucunda kaydedildi.\u201d<\/p>\n","protected":false},"excerpt":{"rendered":"<p>Ye\u015fil bir \u015firket olma felsefesinin \u0131\u015f\u0131\u011f\u0131nda ger\u00e7ekle\u015ftirdi\u011fi global \u00f6l\u00e7ekli yeniliklerle dikkat \u00e7eken teknoloji devi Mitsubishi Electric, Enerji Tasarrufu Haftas\u0131\u2019nda daha iyi bir gelecek i\u00e7in verimlilik sa\u011flayacak de\u011fi\u015fimlerin \u00f6nemini vurgulad\u0131. \u201cEvden uzaya\u201d kadar pek \u00e7ok farkl\u0131 alanda geli\u015ftirdi\u011fi ileri teknolojiler ile s\u00fcrd\u00fcr\u00fclebilir d\u00fcnyan\u0131n desteklenmesine katk\u0131da bulunan Mitsubishi Electric, T\u00fcrkiye\u2019de de \u00e7evre dostu binalar, tesisler ve alt [&hellip;]<\/p>\n","protected":false},"author":1,"featured_media":29073,"comment_status":"open","ping_status":"open","sticky":false,"template":"","format":"standard","meta":{"ngg_post_thumbnail":0},"categories":[26],"tags":[6167],"_links":{"self":[{"href":"https:\/\/emlaktuel.com\/index.php?rest_route=\/wp\/v2\/posts\/30953"}],"collection":[{"href":"https:\/\/emlaktuel.com\/index.php?rest_route=\/wp\/v2\/posts"}],"about":[{"href":"https:\/\/emlaktuel.com\/index.php?rest_route=\/wp\/v2\/types\/post"}],"author":[{"embeddable":true,"href":"https:\/\/emlaktuel.com\/index.php?rest_route=\/wp\/v2\/users\/1"}],"replies":[{"embeddable":true,"href":"https:\/\/emlaktuel.com\/index.php?rest_route=%2Fwp%2Fv2%2Fcomments&post=30953"}],"version-history":[{"count":1,"href":"https:\/\/emlaktuel.com\/index.php?rest_route=\/wp\/v2\/posts\/30953\/revisions"}],"predecessor-version":[{"id":30954,"href":"https:\/\/emlaktuel.com\/index.php?rest_route=\/wp\/v2\/posts\/30953\/revisions\/30954"}],"wp:featuredmedia":[{"embeddable":true,"href":"https:\/\/emlaktuel.com\/index.php?rest_route=\/wp\/v2\/media\/29073"}],"wp:attachment":[{"href":"https:\/\/emlaktuel.com\/index.php?rest_route=%2Fwp%2Fv2%2Fmedia&parent=30953"}],"wp:term":[{"taxonomy":"category","embeddable":true,"href":"https:\/\/emlaktuel.com\/index.php?rest_route=%2Fwp%2Fv2%2Fcategories&post=30953"},{"taxonomy":"post_tag","embeddable":true,"href":"https:\/\/emlaktuel.com\/index.php?rest_route=%2Fwp%2Fv2%2Ftags&post=30953"}],"curies":[{"name":"wp","href":"https:\/\/api.w.org\/{rel}","templated":true}]}}