{"id":30825,"date":"2019-12-20T10:26:34","date_gmt":"2019-12-20T07:26:34","guid":{"rendered":"https:\/\/emlaktuel.com\/?p=30825"},"modified":"2019-12-20T10:26:34","modified_gmt":"2019-12-20T07:26:34","slug":"tcmb-antalyada-beton-yol-uygulamalarini-anlatti","status":"publish","type":"post","link":"https:\/\/emlaktuel.com\/?p=30825","title":{"rendered":"T\u00c7MB Antalya&#8217;da beton yol uygulamalar\u0131n\u0131 anlatt\u0131"},"content":{"rendered":"<p><strong>T\u00fcrkiye \u00c7imento M\u00fcstahsilleri Birli\u011fi (T\u00c7MB)\u2019nin beton yollar konusunda bilgilendirme ve de\u011ferlendirmelerine devam ediyor. Son olarak Antalya\u2019da \u0130\u00e7i\u015fleri Bakan\u0131 Say\u0131n S\u00fcleyman Soylu&#8217;nun kat\u0131l\u0131m\u0131yla ger\u00e7ekle\u015ftirilen \u0130l Genel Meclis \u00dcyeleri Derne\u011fi E\u011fitimi\u2019nde beton yol ya\u015fam d\u00f6ng\u00fcs\u00fc ve Silindirle S\u0131k\u0131\u015ft\u0131r\u0131lm\u0131\u015f Beton (SSB) yol uygulamalar\u0131 g\u00fcndeme ta\u015f\u0131nd\u0131.<\/strong><\/p>\n<p>\u0130\u00e7i\u015fleri Bakan\u0131 Say\u0131n S\u00fcleyman Soylu&#8217;nun kat\u0131l\u0131m\u0131yla ger\u00e7ekle\u015ftirilen \u0130l Genel Meclis \u00dcyeleri Derne\u011fi E\u011fitim Semineri\u2019nde T\u00c7MB Teknik Dan\u0131\u015fman\u0131 ve ODT\u00dc \u0130n\u015faat M\u00fchendisli\u011fi \u00d6\u011fretim \u00dcyesi Prof. Dr. \u0130smail \u00d6zg\u00fcr Yaman, a\u00e7\u0131l\u0131\u015f konu\u015fmas\u0131nda \u00fclkemizde otoyollar\u0131n ve devlet yollar\u0131n\u0131n y\u00fczde 50\u2019sinin, il yollar\u0131n\u0131n %10\u2019unun ve yerel y\u00f6netim yol a\u011f\u0131n\u0131n %20\u2019sinin beton yol olmas\u0131yla ilk yap\u0131m maliyetinde b\u00fcy\u00fck oranda tasarruf sa\u011flanabilece\u011fini belirtti. Yaman, \u201cKGM yol a\u011f\u0131nda Beton Yollar\u0131n tercih edilmesiyle her y\u0131l KGM taraf\u0131ndan yap\u0131lan bak\u0131m onar\u0131m masraflar\u0131 azalacakt\u0131r. Sa\u011flanan maddi tasarrufla her d\u00f6rt y\u0131lda bir Avrasya T\u00fcneli maliyeti kadar tasarruf sa\u011flanacakt\u0131r\u201d dedi ve \u015f\u00f6yle devam etti: \u201c\u00dclkemizde yol yap\u0131m\u0131nda bit\u00fcml\u00fc ba\u011flay\u0131c\u0131 kullan\u0131lmaktad\u0131r. Beton yollar\u0131n yayg\u0131n kullan\u0131m\u0131 tercih edilirse ithal bir \u00fcr\u00fcn olan bit\u00fcme yap\u0131lan harcamadan tasarruf edilebilecek, yerli \u00fcreticilerimiz kazanacakt\u0131r. Yerel Y\u00f6netimlerde Beton Yollar\u0131n daha yayg\u0131n olarak tercih edilmesiyle ise \u00f6mr\u00fc 3-4 kat daha uzun ve daha konforlu bir yol a\u011f\u0131na sahip olunacakt\u0131r.\u201d<\/p>\n<p>Trafik kazalar\u0131nda \u00f6l\u00fcm oran\u0131n\u0131 yakla\u015f\u0131k %20 azaltan beton bariyerlerin Avrupa&#8217;da yayg\u0131n olarak kullan\u0131ld\u0131\u011f\u0131na dikkat \u00e7eken Yaman: \u201cBu kapsamda, \u00fclkemizde de EN 1317 standard\u0131na uygun beton bariyerlerin orta ref\u00fcjlerde kullan\u0131m\u0131 yayg\u0131nla\u015fmal\u0131d\u0131r\u201d dedi.<\/p>\n<p>ODT\u00dc \u0130n\u015faat M\u00fchendisli\u011fi \u00d6\u011fretim \u00dcyesi Prof. Dr. \u0130smail \u00d6zg\u00fcr Yaman seminerde ayr\u0131ca bir de sunum ger\u00e7ekle\u015ftirdi.<\/p>\n<p>D\u00fcnyada 100 y\u0131l\u0131 a\u015fk\u0131n s\u00fcredir kullan\u0131lan beton yollar, uzun \u00f6m\u00fcrl\u00fc olu\u015fu, d\u00fc\u015f\u00fck yap\u0131m maliyeti, \u00f6z kaynaklarla \u00fcretilerek yerli olmas\u0131, alternatif yollara k\u0131yasla daha y\u00fcksek trafik y\u00fck\u00fcn\u00fc ta\u015f\u0131yabilmesi, daha a\u00e7\u0131k renkli olmas\u0131 dolay\u0131s\u0131yla yollarda \u0131\u015f\u0131kland\u0131rma gereksinimini azaltmas\u0131 gibi avantajlar\u0131yla son 10 y\u0131ld\u0131r T\u00fcrkiye\u2019de de bir\u00e7ok belediyenin tercihi oluyor. Silindirle s\u0131k\u0131\u015ft\u0131r\u0131lm\u0131\u015f beton yol teknolojisi sayesinde \u00fclke \u00e7ap\u0131nda bir\u00e7ok belediye mevcut ekipmanlarla kolayl\u0131kla imal edilebilen daha g\u00fc\u00e7l\u00fc, daha dayan\u0131kl\u0131 ve daha d\u00fc\u015f\u00fck maliyeti olan beton yollar\u0131 uygulamaya ba\u015flad\u0131.<\/p>\n","protected":false},"excerpt":{"rendered":"<p>T\u00fcrkiye \u00c7imento M\u00fcstahsilleri Birli\u011fi (T\u00c7MB)\u2019nin beton yollar konusunda bilgilendirme ve de\u011ferlendirmelerine devam ediyor. Son olarak Antalya\u2019da \u0130\u00e7i\u015fleri Bakan\u0131 Say\u0131n S\u00fcleyman Soylu&#8217;nun kat\u0131l\u0131m\u0131yla ger\u00e7ekle\u015ftirilen \u0130l Genel Meclis \u00dcyeleri Derne\u011fi E\u011fitimi\u2019nde beton yol ya\u015fam d\u00f6ng\u00fcs\u00fc ve Silindirle S\u0131k\u0131\u015ft\u0131r\u0131lm\u0131\u015f Beton (SSB) yol uygulamalar\u0131 g\u00fcndeme ta\u015f\u0131nd\u0131. \u0130\u00e7i\u015fleri Bakan\u0131 Say\u0131n S\u00fcleyman Soylu&#8217;nun kat\u0131l\u0131m\u0131yla ger\u00e7ekle\u015ftirilen \u0130l Genel Meclis \u00dcyeleri Derne\u011fi E\u011fitim [&hellip;]<\/p>\n","protected":false},"author":1,"featured_media":30826,"comment_status":"open","ping_status":"open","sticky":false,"template":"","format":"standard","meta":{"ngg_post_thumbnail":0},"categories":[26],"tags":[613,276],"_links":{"self":[{"href":"https:\/\/emlaktuel.com\/index.php?rest_route=\/wp\/v2\/posts\/30825"}],"collection":[{"href":"https:\/\/emlaktuel.com\/index.php?rest_route=\/wp\/v2\/posts"}],"about":[{"href":"https:\/\/emlaktuel.com\/index.php?rest_route=\/wp\/v2\/types\/post"}],"author":[{"embeddable":true,"href":"https:\/\/emlaktuel.com\/index.php?rest_route=\/wp\/v2\/users\/1"}],"replies":[{"embeddable":true,"href":"https:\/\/emlaktuel.com\/index.php?rest_route=%2Fwp%2Fv2%2Fcomments&post=30825"}],"version-history":[{"count":1,"href":"https:\/\/emlaktuel.com\/index.php?rest_route=\/wp\/v2\/posts\/30825\/revisions"}],"predecessor-version":[{"id":30827,"href":"https:\/\/emlaktuel.com\/index.php?rest_route=\/wp\/v2\/posts\/30825\/revisions\/30827"}],"wp:featuredmedia":[{"embeddable":true,"href":"https:\/\/emlaktuel.com\/index.php?rest_route=\/wp\/v2\/media\/30826"}],"wp:attachment":[{"href":"https:\/\/emlaktuel.com\/index.php?rest_route=%2Fwp%2Fv2%2Fmedia&parent=30825"}],"wp:term":[{"taxonomy":"category","embeddable":true,"href":"https:\/\/emlaktuel.com\/index.php?rest_route=%2Fwp%2Fv2%2Fcategories&post=30825"},{"taxonomy":"post_tag","embeddable":true,"href":"https:\/\/emlaktuel.com\/index.php?rest_route=%2Fwp%2Fv2%2Ftags&post=30825"}],"curies":[{"name":"wp","href":"https:\/\/api.w.org\/{rel}","templated":true}]}}