{"id":3069,"date":"2016-07-14T13:33:29","date_gmt":"2016-07-14T10:33:29","guid":{"rendered":"http:\/\/emlaktuel.com\/?p=3069"},"modified":"2018-07-05T14:18:19","modified_gmt":"2018-07-05T11:18:19","slug":"konut-aliminda-yeni-donem-basliyor","status":"publish","type":"post","link":"https:\/\/emlaktuel.com\/?p=3069","title":{"rendered":"Konut al\u0131m\u0131nda yeni d\u00f6nem ba\u015fl\u0131yor!"},"content":{"rendered":"<h1 class=\"news-detail-title selectionShareable\">Nurettin Canikli, konut al\u0131mlar\u0131nda yeni bir d\u00f6nemin ba\u015flayaca\u011f\u0131n\u0131 z\u00f6yledi. Canikli, yat\u0131r\u0131m kar\u015f\u0131l\u0131\u011f\u0131nda konutun tamam\u0131n\u0131 de\u011fil ama belirli metrekaresini sat\u0131n alabilece\u011fi ve bunun kar\u015f\u0131l\u0131\u011f\u0131nda gayrimenkul sertifikas\u0131 alaca\u011f\u0131n\u0131 s\u00f6yledi.<\/h1>\n<div class=\"centerAd\"><img loading=\"lazy\" class=\"alignnone size-medium wp-image-3070\" src=\"http:\/\/emlaktuel.com\/wp-content\/uploads\/2016\/07\/fft99_mf7082917-300x166.jpeg\" alt=\"nurettin canikli\" width=\"300\" height=\"166\" \/><\/div>\n<div class=\"centerAd\">\u00a0Ba\u015fbakan Yard\u0131mc\u0131s\u0131 Nurettin Canikli, konut al\u0131mlar\u0131nda yeni bir d\u00f6nemin ba\u015flayaca\u011f\u0131n\u0131 s\u00f6yledi. Canikli, yat\u0131r\u0131m kar\u015f\u0131l\u0131\u011f\u0131nda konutun tamam\u0131n\u0131 de\u011fil ama belirli metrekaresini sat\u0131n alabilece\u011fi ve bunun kar\u015f\u0131l\u0131\u011f\u0131nda gayrimenkul sertifikas\u0131 alaca\u011f\u0131n\u0131 s\u00f6yledi.<\/div>\n<div>\n<p>Ba\u015fbakan Yard\u0131mc\u0131s\u0131 Canikli, &#8220;Faiz i\u00e7ermeyen finans unsurlar\u0131n\u0131 geli\u015ftiriyoruz. Gayrimenkul sertifikas\u0131 ihra\u00e7 edilecek. D\u00fczenleme, Resmi Gazete&#8217;ye g\u00f6nderildi. Yat\u0131r\u0131mc\u0131, yat\u0131r\u0131m kar\u015f\u0131l\u0131\u011f\u0131nda metrekare baz\u0131nda sertifika ihra\u00e7 edebilecek. Herkes bir konut alamayabilir ama bu sayede her bir metrekare i\u00e7in bir sertifika \u00fcretilmi\u015f olacak&#8221; dedi.<\/p>\n<p>Canikli, &#8220;Yat\u0131r\u0131mc\u0131ya rekabet edebilece\u011fi bir maliyetle, d\u00fc\u015f\u00fck faizle kredi finansman\u0131 sa\u011flamam\u0131z gerekiyor uzun vadeli. Onu ger\u00e7ekle\u015ftirmek i\u00e7in de kalk\u0131nma bankac\u0131l\u0131\u011f\u0131n\u0131 aktive ediyoruz. B\u00fcy\u00fck, ucuz ve kolay eri\u015filebilen finansman modellerini hayata ge\u00e7iriyoruz. \u0130lk ad\u0131m\u0131 att\u0131k&#8221; diye devam etti.<\/p>\n<h2>&#8220;\u00dccretsiz konut diye bir uygulama s\u00f6z konusu de\u011fil&#8221;<\/h2>\n<p>Canikli, Suriyeli s\u0131\u011f\u0131nmac\u0131lara TOK\u0130&#8217;den ev imkan\u0131 sa\u011flanmas\u0131na ili\u015fkin tart\u0131\u015fmalara da de\u011finerek, bu ki\u015filere bedava konut verilmeyece\u011fini s\u00f6yledi.<\/p>\n<p>Yurt d\u0131\u015f\u0131ndan toplu olarak gelenler i\u00e7in bir iskan mevzuat\u0131n\u0131n y\u00fcr\u00fcrl\u00fckte oldu\u011funu belirten Canikli, &#8220;Orada devlet, onlara birtak\u0131m imkanlar sa\u011fl\u0131yor, ama bedava konut yok. \u00dccretsiz konut gibi bir uygulama s\u00f6z konusu de\u011fil. Sadece, vatanda\u015flar\u0131m\u0131za yapt\u0131\u011f\u0131m\u0131z gibi uzun vadeli \u00f6deme imkan\u0131 sunuluyor. Onun d\u0131\u015f\u0131nda ba\u015fka bir \u015fey yok.&#8221; dedi.<\/p>\n<p>Canikli, bu alanda Sermaye Piyasas\u0131 Kurumu (SPK) taraf\u0131ndan &#8220;gayrimenkul sertifikas\u0131&#8221; konulu yeni bir tebli\u011fin yay\u0131mlanmak \u00fczere oldu\u011funu belirterek, \u015f\u00f6yle konu\u015ftu:<\/p>\n<p>&#8220;B\u00fcy\u00fck d\u00f6n\u00fc\u015f\u00fcm projelerinde, konut projelerinde yat\u0131r\u0131mc\u0131, ki bu yat\u0131r\u0131mc\u0131 TOK\u0130, belediyeler, \u0130ller Bankas\u0131 ve birlikte \u00e7al\u0131\u015ft\u0131\u011f\u0131 \u015firketler, yat\u0131r\u0131m kar\u015f\u0131l\u0131\u011f\u0131nda metrekare baz\u0131nda bir gayrimenkul sertifikas\u0131 ihra\u00e7 edecek ve bunu b\u00fcy\u00fck, k\u00fc\u00e7\u00fck herkes alabilecek. T\u00fcrkiye&#8217;de gayrimenkul projeleri ba\u015flang\u0131c\u0131ndan itibaren de\u011ferleniyor ama herkes bir konut alamayabilir. Onun yerine bir metrekareye isabet eden bir sertifika \u00fcretiyoruz, hisse senedi gibi onu arz ediyoruz. 60-70 y\u0131ll\u0131k k\u00f6t\u00fc yap\u0131la\u015fmay\u0131 d\u00f6n\u00fc\u015ft\u00fcr\u00fcyoruz. Milyar dolarl\u0131k projeler var. As\u0131l hedefimiz b\u00fcy\u00fck yat\u0131r\u0131mc\u0131lar. Ad\u0131m att\u0131k, ba\u015flad\u0131k, bizde &#8216;cek-cak&#8217; yok. Biz, karar\u0131 ald\u0131ktan, uygulamaya ba\u015flad\u0131ktan sonra konu\u015fuyoruz.&#8221;<\/p>\n<\/div>\n","protected":false},"excerpt":{"rendered":"<p>Nurettin Canikli, konut al\u0131mlar\u0131nda yeni bir d\u00f6nemin ba\u015flayaca\u011f\u0131n\u0131 z\u00f6yledi. Canikli, yat\u0131r\u0131m kar\u015f\u0131l\u0131\u011f\u0131nda konutun tamam\u0131n\u0131 de\u011fil ama belirli metrekaresini sat\u0131n alabilece\u011fi ve bunun kar\u015f\u0131l\u0131\u011f\u0131nda gayrimenkul sertifikas\u0131 alaca\u011f\u0131n\u0131 s\u00f6yledi. \u00a0Ba\u015fbakan Yard\u0131mc\u0131s\u0131 Nurettin Canikli, konut al\u0131mlar\u0131nda yeni bir d\u00f6nemin ba\u015flayaca\u011f\u0131n\u0131 s\u00f6yledi. Canikli, yat\u0131r\u0131m kar\u015f\u0131l\u0131\u011f\u0131nda konutun tamam\u0131n\u0131 de\u011fil ama belirli metrekaresini sat\u0131n alabilece\u011fi ve bunun kar\u015f\u0131l\u0131\u011f\u0131nda gayrimenkul sertifikas\u0131 alaca\u011f\u0131n\u0131 [&hellip;]<\/p>\n","protected":false},"author":1,"featured_media":3070,"comment_status":"open","ping_status":"open","sticky":false,"template":"","format":"standard","meta":{"ngg_post_thumbnail":0},"categories":[221,1,26,27],"tags":[62,107,2662,2146,11148,80,2050,1551,2044,2047,2049,11314,96,2046,2048,2045],"_links":{"self":[{"href":"https:\/\/emlaktuel.com\/index.php?rest_route=\/wp\/v2\/posts\/3069"}],"collection":[{"href":"https:\/\/emlaktuel.com\/index.php?rest_route=\/wp\/v2\/posts"}],"about":[{"href":"https:\/\/emlaktuel.com\/index.php?rest_route=\/wp\/v2\/types\/post"}],"author":[{"embeddable":true,"href":"https:\/\/emlaktuel.com\/index.php?rest_route=\/wp\/v2\/users\/1"}],"replies":[{"embeddable":true,"href":"https:\/\/emlaktuel.com\/index.php?rest_route=%2Fwp%2Fv2%2Fcomments&post=3069"}],"version-history":[{"count":1,"href":"https:\/\/emlaktuel.com\/index.php?rest_route=\/wp\/v2\/posts\/3069\/revisions"}],"predecessor-version":[{"id":3071,"href":"https:\/\/emlaktuel.com\/index.php?rest_route=\/wp\/v2\/posts\/3069\/revisions\/3071"}],"wp:featuredmedia":[{"embeddable":true,"href":"https:\/\/emlaktuel.com\/index.php?rest_route=\/wp\/v2\/media\/3070"}],"wp:attachment":[{"href":"https:\/\/emlaktuel.com\/index.php?rest_route=%2Fwp%2Fv2%2Fmedia&parent=3069"}],"wp:term":[{"taxonomy":"category","embeddable":true,"href":"https:\/\/emlaktuel.com\/index.php?rest_route=%2Fwp%2Fv2%2Fcategories&post=3069"},{"taxonomy":"post_tag","embeddable":true,"href":"https:\/\/emlaktuel.com\/index.php?rest_route=%2Fwp%2Fv2%2Ftags&post=3069"}],"curies":[{"name":"wp","href":"https:\/\/api.w.org\/{rel}","templated":true}]}}