{"id":30653,"date":"2019-12-12T09:28:57","date_gmt":"2019-12-12T06:28:57","guid":{"rendered":"https:\/\/emlaktuel.com\/?p=30653"},"modified":"2019-12-12T09:28:57","modified_gmt":"2019-12-12T06:28:57","slug":"emlakcilar-icin-yetki-belgesinde-sure-uzatildi","status":"publish","type":"post","link":"https:\/\/emlaktuel.com\/?p=30653","title":{"rendered":"Emlak\u00e7\u0131lar i\u00e7in yetki belgesinde s\u00fcre uzat\u0131ld\u0131"},"content":{"rendered":"<p>Ticaret Bakanl\u0131\u011f\u0131 Ta\u015f\u0131nmaz Ticareti Hakk\u0131nda Y\u00f6netmelikte De\u011fi\u015fiklik Yap\u0131lmas\u0131na Dair Y\u00f6netmelik bug\u00fcn 30975 Say\u0131l\u0131 \u00a0Resmi Gazete&#8217;de yay\u0131nland\u0131.<\/p>\n<p>Bu y\u00f6netmelikte, ta\u015f\u0131nmazlar ticareti ile ili\u015fkili usul ve esaslar d\u00fczenleniyor.<\/p>\n<p>Ta\u015f\u0131nmaz ticareti ile ilgilenen tacir ve esnaf ve de sanatkarlar\u0131n faaliyetlerini devam ettirebilmeleri i\u00e7in almalar\u0131 gerekli olan yetki belgesinde son s\u00fcre 31 A\u011fustos 2020&#8217;ye kadar uzat\u0131ld\u0131. Y\u00f6netmelik, 5 Aral\u0131k 2019 itibariyle y\u00fcr\u00fcrl\u00fc\u011fe girdi.<\/p>\n<div class=\"reklam\"><\/div>\n","protected":false},"excerpt":{"rendered":"<p>Ticaret Bakanl\u0131\u011f\u0131 Ta\u015f\u0131nmaz Ticareti Hakk\u0131nda Y\u00f6netmelikte De\u011fi\u015fiklik Yap\u0131lmas\u0131na Dair Y\u00f6netmelik bug\u00fcn 30975 Say\u0131l\u0131 \u00a0Resmi Gazete&#8217;de yay\u0131nland\u0131. Bu y\u00f6netmelikte, ta\u015f\u0131nmazlar ticareti ile ili\u015fkili usul ve esaslar d\u00fczenleniyor. Ta\u015f\u0131nmaz ticareti ile ilgilenen tacir ve esnaf ve de sanatkarlar\u0131n faaliyetlerini devam ettirebilmeleri i\u00e7in almalar\u0131 gerekli olan yetki belgesinde son s\u00fcre 31 A\u011fustos 2020&#8217;ye kadar uzat\u0131ld\u0131. Y\u00f6netmelik, 5 Aral\u0131k [&hellip;]<\/p>\n","protected":false},"author":1,"featured_media":26793,"comment_status":"open","ping_status":"open","sticky":false,"template":"","format":"standard","meta":{"ngg_post_thumbnail":0},"categories":[5388],"tags":[62,1240,14074],"_links":{"self":[{"href":"https:\/\/emlaktuel.com\/index.php?rest_route=\/wp\/v2\/posts\/30653"}],"collection":[{"href":"https:\/\/emlaktuel.com\/index.php?rest_route=\/wp\/v2\/posts"}],"about":[{"href":"https:\/\/emlaktuel.com\/index.php?rest_route=\/wp\/v2\/types\/post"}],"author":[{"embeddable":true,"href":"https:\/\/emlaktuel.com\/index.php?rest_route=\/wp\/v2\/users\/1"}],"replies":[{"embeddable":true,"href":"https:\/\/emlaktuel.com\/index.php?rest_route=%2Fwp%2Fv2%2Fcomments&post=30653"}],"version-history":[{"count":1,"href":"https:\/\/emlaktuel.com\/index.php?rest_route=\/wp\/v2\/posts\/30653\/revisions"}],"predecessor-version":[{"id":30654,"href":"https:\/\/emlaktuel.com\/index.php?rest_route=\/wp\/v2\/posts\/30653\/revisions\/30654"}],"wp:featuredmedia":[{"embeddable":true,"href":"https:\/\/emlaktuel.com\/index.php?rest_route=\/wp\/v2\/media\/26793"}],"wp:attachment":[{"href":"https:\/\/emlaktuel.com\/index.php?rest_route=%2Fwp%2Fv2%2Fmedia&parent=30653"}],"wp:term":[{"taxonomy":"category","embeddable":true,"href":"https:\/\/emlaktuel.com\/index.php?rest_route=%2Fwp%2Fv2%2Fcategories&post=30653"},{"taxonomy":"post_tag","embeddable":true,"href":"https:\/\/emlaktuel.com\/index.php?rest_route=%2Fwp%2Fv2%2Ftags&post=30653"}],"curies":[{"name":"wp","href":"https:\/\/api.w.org\/{rel}","templated":true}]}}