{"id":30607,"date":"2019-12-09T11:38:45","date_gmt":"2019-12-09T08:38:45","guid":{"rendered":"https:\/\/emlaktuel.com\/?p=30607"},"modified":"2019-12-09T11:38:45","modified_gmt":"2019-12-09T08:38:45","slug":"insaat-malzemeleri-sanayi-ihracati-ekimde-hizlandi","status":"publish","type":"post","link":"https:\/\/emlaktuel.com\/?p=30607","title":{"rendered":"\u0130n\u015faat malzemeleri sanayi ihracat\u0131 Ekim&#8217;de h\u0131zland\u0131"},"content":{"rendered":"<h3><strong style=\"font-size: 16px;\">T\u00fcrkiye \u0130MSAD taraf\u0131ndan haz\u0131rlanan \u0130n\u015faat Malzemeleri Sanayi D\u0131\u015f Ticaret Endeksi Ekim 2019 sonu\u00e7lar\u0131na g\u00f6re, in\u015faat malzemeleri sanayisi ihracat art\u0131\u015f\u0131n\u0131 Ekim ay\u0131nda h\u0131zland\u0131rd\u0131. De\u011fer ve ihracat birim fiyat\u0131n\u0131n art\u0131\u015f g\u00f6sterdi\u011fi Ekim ay\u0131nda, s\u00f6z konusu y\u00fckseli\u015f bu y\u0131l ilk kez birim fiyat art\u0131\u015f\u0131ndan kaynakland\u0131.<\/strong><\/h3>\n<p>T\u00fcrkiye \u0130MSAD \u0130n\u015faat Malzemeleri D\u0131\u015f Ticaret Endeksi\u2019nde, ge\u00e7ti\u011fimiz y\u0131l ya\u015fanan finansal dalgalanman\u0131n yol a\u00e7t\u0131\u011f\u0131 gerileme ile olu\u015fan baz etkilerin Ekim ay\u0131nda ortadan kalkmaya ba\u015flad\u0131\u011f\u0131, bu nedenle de Ekim ay\u0131 sonu\u00e7lar\u0131n\u0131n ayr\u0131 bir \u00f6nem ta\u015f\u0131d\u0131\u011f\u0131 vurguland\u0131. Endekste \u015fu bilgiler yer ald\u0131:<\/p>\n<p>\u0130n\u015faat Malzemeleri D\u0131\u015f Ticaretinde \u0130hracat De\u011fer Endeksi Ekim ay\u0131nda bir \u00f6nceki aya g\u00f6re\u00a0<strong>%3\u00a0<\/strong>artt\u0131. Ekim ay\u0131nda \u0130hracat Miktar Endeksi bir \u00f6nceki aya g\u00f6re %<strong>6,5<\/strong>\u00a0gerilerken \u0130hracat Birim Fiyat Endeksi ise bir \u00f6nceki aya g\u00f6re y\u00fckseldi.<\/p>\n<p>\u0130hracat\u0131n miktar olarak yine y\u00fcksek oldu\u011fu Ekim ay\u0131nda\u00a0<strong>4,42\u00a0<\/strong>milyon ton ihracat yap\u0131ld\u0131. De\u011fer olarak y\u0131l\u0131n en y\u00fcksek \u00fc\u00e7\u00fcnc\u00fc ayl\u0131k ihracat\u0131n\u0131n yap\u0131ld\u0131\u011f\u0131 Ekim ay\u0131nda ihracat\u00a0<strong>1,94<\/strong>\u00a0milyar dolar seviyesinde ger\u00e7ekle\u015fti. 2018 Ekim-2019 Ekim aral\u0131\u011f\u0131nda ise y\u0131ll\u0131k ihracat\u00a0<strong>21,6<\/strong>\u00a0milyar dolar oldu. Bu y\u0131l\u0131n en y\u00fcksek ikinci ayl\u0131k ortalama ihracat birim fiyat\u0131n\u0131n ger\u00e7ekle\u015fti\u011fi Ekim ay\u0131nda ihracat birim fiyatlar\u0131\u00a0<strong>0,44<\/strong>\u00a0dolara y\u00fckseldi.<\/p>\n<p><strong><br \/>\n\u0130thalatta da hareketlenme i\u015faretleri<\/strong><\/p>\n<p>\u0130thalat Miktar Endeksi Ekim ay\u0131nda bir \u00f6nceki aya g\u00f6re y\u00fczde\u00a0<strong>15,9<\/strong>\u00a0artt\u0131. Ge\u00e7en y\u0131l\u0131n Ekim ay\u0131n\u0131n da\u00a0<strong>2,88\u00a0<\/strong>puan \u00fczerinde ger\u00e7ekle\u015fti. \u0130thalat De\u011fer Endeksi\u2019nin bir \u00f6nceki aya g\u00f6re y\u00fckseldi\u011fi Ekim ay\u0131nda ithalat\u00a0<strong>211,6<\/strong>\u00a0bin ton oldu. Ger\u00e7ekle\u015fen kademeli art\u0131\u015fla Ekim ay\u0131 ithalat\u0131\u00a0<strong>585<\/strong>\u00a0milyon dolara ula\u015ft\u0131. Ekim ay\u0131nda ithalat birim fiyatlar\u0131 kilogram ba\u015f\u0131na\u00a0<strong>2,76\u00a0<\/strong>dolara indi. Ge\u00e7en y\u0131l\u0131n Ekim ay\u0131 ithalat birim fiyat\u0131n\u0131n ise y\u00fczde\u00a0<strong>4,1<\/strong>\u00a0alt\u0131nda ger\u00e7ekle\u015fti. Bu verilerle Ekim ay\u0131, 2019 y\u0131l\u0131nda ithalatta hareketlenme i\u015faretlerinin al\u0131nd\u0131\u011f\u0131 ilk ay oldu.<\/p>\n<p><strong><br \/>\nDemir-\u00e7elik d\u0131\u015f\u0131ndaki di\u011fer t\u00fcm alt \u00fcr\u00fcn gruplar\u0131nda ihracat artt\u0131<\/strong><\/p>\n<p>2019 y\u0131l\u0131 Ekim ay\u0131nda\u00a0<strong>8<\/strong>\u00a0alt \u00fcr\u00fcn grubunun\u00a0<strong>7<\/strong>\u2019sinde ihracat de\u011fer olarak ge\u00e7en y\u0131l\u0131n Ekim ay\u0131na g\u00f6re artt\u0131. Ekim ay\u0131nda en y\u00fcksek ihracat de\u011fer art\u0131\u015f\u0131 y\u00fczde\u00a0<strong>36,7<\/strong>\u00a0ile prefabrik yap\u0131larda ger\u00e7ekle\u015fti. A\u011fa\u00e7 ve ah\u015fap \u00fcr\u00fcnlerinin de\u011fer olarak ihracat\u0131 y\u00fczde\u00a0<strong>22,5<\/strong>\u00a0artt\u0131. De\u011fer olarak ihracat\u0131 d\u00fc\u015fen tek alt sekt\u00f6r ise y\u00fczde\u00a0<strong>21,5<\/strong>\u00a0ile demir \u00e7elik \u00fcr\u00fcnleri oldu.<\/p>\n<p>2019 y\u0131l\u0131 Ekim ay\u0131nda\u00a0<strong>8<\/strong>\u00a0alt \u00fcr\u00fcn grubunun\u00a0<strong>7<\/strong>\u2019sinin ihracat\u0131 miktar olarak ge\u00e7en y\u0131l\u0131n Ekim ay\u0131na g\u00f6re artt\u0131. Ekim ay\u0131nda en y\u00fcksek ihracat miktar art\u0131\u015f\u0131 y\u00fczde\u00a0<strong>50,4<\/strong>\u00a0ile a\u011fa\u00e7 ve ah\u015fap \u00fcr\u00fcnlerinde oldu. Y\u00fcksek miktar art\u0131\u015f\u0131 ya\u015fanan di\u011fer alt sekt\u00f6r ise y\u00fczde\u00a0<strong>27,9<\/strong>\u00a0ile prefabrik yap\u0131lar oldu. Demir \u00e7elik \u00fcr\u00fcnleri ihracat miktar\u0131 ise y\u00fczde\u00a0<strong>14,5<\/strong>\u00a0geriledi.<\/p>\n<p>2019 y\u0131l\u0131 Ekim ay\u0131nda\u00a0<strong>8<\/strong>\u00a0alt \u00fcr\u00fcn grubundan\u00a0<strong>7<\/strong>\u2019sinin ihracat birim fiyatlar\u0131 ge\u00e7en y\u0131l\u0131n Ekim ay\u0131na g\u00f6re geriledi. Fiyat d\u00fc\u015f\u00fc\u015fleri genel olarak tek haneli rakamlarda oldu. \u0130hracat birim fiyat\u0131 artan sekt\u00f6r ise y\u00fczde\u00a0<strong>7,1<\/strong>\u00a0ile prefabrik yap\u0131lar oldu.<\/p>\n<p>Ekim ay\u0131nda a\u011fa\u00e7 ve ah\u015fap \u00fcr\u00fcnlerin ihracat birim fiyat\u0131 y\u00fczde\u00a0<strong>18,1<\/strong>\u00a0d\u00fc\u015ft\u00fc. Yal\u0131t\u0131m malzemeleri ihra\u00e7 birim fiyat\u0131 da y\u00fczde\u00a0<strong>15,8<\/strong>\u00a0geriledi. Elektrikli malzemeleri ve te\u00e7hizatlar\u0131 ihracat birim fiyatlar\u0131 ise ge\u00e7en y\u0131l\u0131n Ekim ay\u0131na g\u00f6re y\u00fczde\u00a0<strong>5,3<\/strong>\u00a0d\u00fc\u015ferek en s\u0131n\u0131rl\u0131 gerileme ya\u015fanan alt sekt\u00f6r oldu.<\/p>\n","protected":false},"excerpt":{"rendered":"<p>T\u00fcrkiye \u0130MSAD taraf\u0131ndan haz\u0131rlanan \u0130n\u015faat Malzemeleri Sanayi D\u0131\u015f Ticaret Endeksi Ekim 2019 sonu\u00e7lar\u0131na g\u00f6re, in\u015faat malzemeleri sanayisi ihracat art\u0131\u015f\u0131n\u0131 Ekim ay\u0131nda h\u0131zland\u0131rd\u0131. De\u011fer ve ihracat birim fiyat\u0131n\u0131n art\u0131\u015f g\u00f6sterdi\u011fi Ekim ay\u0131nda, s\u00f6z konusu y\u00fckseli\u015f bu y\u0131l ilk kez birim fiyat art\u0131\u015f\u0131ndan kaynakland\u0131. T\u00fcrkiye \u0130MSAD \u0130n\u015faat Malzemeleri D\u0131\u015f Ticaret Endeksi\u2019nde, ge\u00e7ti\u011fimiz y\u0131l ya\u015fanan finansal dalgalanman\u0131n yol [&hellip;]<\/p>\n","protected":false},"author":1,"featured_media":29502,"comment_status":"open","ping_status":"open","sticky":false,"template":"","format":"standard","meta":{"ngg_post_thumbnail":0},"categories":[5388],"tags":[8715],"_links":{"self":[{"href":"https:\/\/emlaktuel.com\/index.php?rest_route=\/wp\/v2\/posts\/30607"}],"collection":[{"href":"https:\/\/emlaktuel.com\/index.php?rest_route=\/wp\/v2\/posts"}],"about":[{"href":"https:\/\/emlaktuel.com\/index.php?rest_route=\/wp\/v2\/types\/post"}],"author":[{"embeddable":true,"href":"https:\/\/emlaktuel.com\/index.php?rest_route=\/wp\/v2\/users\/1"}],"replies":[{"embeddable":true,"href":"https:\/\/emlaktuel.com\/index.php?rest_route=%2Fwp%2Fv2%2Fcomments&post=30607"}],"version-history":[{"count":1,"href":"https:\/\/emlaktuel.com\/index.php?rest_route=\/wp\/v2\/posts\/30607\/revisions"}],"predecessor-version":[{"id":30608,"href":"https:\/\/emlaktuel.com\/index.php?rest_route=\/wp\/v2\/posts\/30607\/revisions\/30608"}],"wp:featuredmedia":[{"embeddable":true,"href":"https:\/\/emlaktuel.com\/index.php?rest_route=\/wp\/v2\/media\/29502"}],"wp:attachment":[{"href":"https:\/\/emlaktuel.com\/index.php?rest_route=%2Fwp%2Fv2%2Fmedia&parent=30607"}],"wp:term":[{"taxonomy":"category","embeddable":true,"href":"https:\/\/emlaktuel.com\/index.php?rest_route=%2Fwp%2Fv2%2Fcategories&post=30607"},{"taxonomy":"post_tag","embeddable":true,"href":"https:\/\/emlaktuel.com\/index.php?rest_route=%2Fwp%2Fv2%2Ftags&post=30607"}],"curies":[{"name":"wp","href":"https:\/\/api.w.org\/{rel}","templated":true}]}}