{"id":30597,"date":"2019-12-09T10:24:38","date_gmt":"2019-12-09T07:24:38","guid":{"rendered":"https:\/\/emlaktuel.com\/?p=30597"},"modified":"2019-12-09T10:25:07","modified_gmt":"2019-12-09T07:25:07","slug":"cimento-sektorunde-ihracatta-flik-artis","status":"publish","type":"post","link":"https:\/\/emlaktuel.com\/?p=30597","title":{"rendered":"\u00c7imento Sekt\u00f6r\u00fcnde ihracatta %46&#8217;l\u0131k art\u0131\u015f"},"content":{"rendered":"<p><strong>2019 YILININ \u0130LK 9 AYINDA \u00dcRET\u0130LEN \u00c7\u0130MENTONUN YAKLA\u015eIK %20\u2019S\u0130 \u0130HRA\u00c7 ED\u0130LD\u0130.\u00a0<\/strong><strong>T\u00fcrkiye ekonomisinin lokomotifi \u00e7imento sekt\u00f6r\u00fcn\u00fcn Ocak-Eyl\u00fcl d\u00f6nemi verilerine g\u00f6re; \u00e7imento sekt\u00f6r\u00fc ihracat gelirinde y\u00fczde 46\u2019l\u0131k art\u0131\u015f ya\u015fan\u0131rken, \u00fcretilen \u00e7imentonun y\u00fczde 19,7\u2019si ihracata konu oldu.<\/strong><\/p>\n<p>T\u00fcrkiye \u00c7imento M\u00fcstahsilleri Birli\u011fi taraf\u0131ndan \u00e7imento sekt\u00f6r\u00fc Ocak-Eyl\u00fcl d\u00f6nemi verileri a\u00e7\u0131kland\u0131. 2018 y\u0131l\u0131n\u0131n ilk aylar\u0131nda beklenenden s\u0131cak ge\u00e7en k\u0131\u015f aylar\u0131 sayesinde 2018 y\u0131l\u0131 ilk 6 ay\u0131nda sat\u0131\u015flar \u00f6ng\u00f6r\u00fclenden fazla art\u0131\u015f g\u00f6stermi\u015fti. Ancak 2019 y\u0131l\u0131nda mevsimselli\u011fin getirdi\u011fi olumsuz durum ve ge\u00e7en y\u0131l\u0131n son d\u00f6nemindeki k\u00fc\u00e7\u00fclmenin devam eden etkisiyle, \u00e7imento i\u00e7 sat\u0131\u015flar\u0131nda daralma ya\u015fand\u0131. B\u00f6lgesel olarak i\u00e7 sat\u0131\u015flarda daralman\u0131n en d\u00fc\u015f\u00fck oldu\u011fu b\u00f6lgeler Do\u011fu Anadolu ve G\u00fcney Do\u011fu Anadolu B\u00f6lgeleri oldu.<\/p>\n<p>A\u00e7\u0131klanan son verilere g\u00f6re T\u00fcrkiye genelindeki konut sat\u0131\u015flar\u0131 Eyl\u00fcl ay\u0131nda bir \u00f6nceki y\u0131l\u0131n ayn\u0131 ay\u0131na g\u00f6re %15,4 oran\u0131nda artarak 146.903 oldu. \u00c7imento sekt\u00f6r\u00fc i\u00e7 pazar\u0131ndaki daralmay\u0131 de\u011ferlendiren T\u00c7MB Y\u00f6netim Kurulu Ba\u015fkan\u0131 Dr. Tamer Saka,\u00a0<i>\u201cFaizlerin d\u00fc\u015f\u00fcr\u00fclmesiyle in\u015faat sekt\u00f6r\u00fcnde ya\u015fanacak olumlu geli\u015fmelerle birlikte sekt\u00f6r\u00fcm\u00fcz\u00fcn i\u00e7 sat\u0131\u015flar\u0131n\u0131n pozitife d\u00f6nece\u011fini umut ediyoruz\u201d\u00a0<\/i>dedi.<\/p>\n<h2><strong>\u00c7imento Sekt\u00f6r\u00fc \u0130hracat \u0130le Nefes Ald\u0131<\/strong><\/h2>\n<p>T\u00dc\u0130K verilerine g\u00f6re, sekt\u00f6r\u00fcn 2019 y\u0131l\u0131n\u0131n ilk 9 ay\u0131nda \u00e7imento ve klinker toplam ihracat\u0131n\u0131 en \u00e7ok art\u0131rd\u0131\u011f\u0131 \u00fclke Kamerun olurken; bu \u00fclkeyi Fildi\u015fi Sahili ve Gine izledi.<\/p>\n<p>Bu d\u00f6nemde \u00e7imento ihracat\u0131 % 46,1 oran\u0131nda artarak 8,6 milyon ton, klinker ihracat\u0131 ise %111 artarak 9 milyon ton olarak ger\u00e7ekle\u015fti. Sekt\u00f6r\u00fcn toplam ihracat de\u011feri bu d\u00f6nem i\u00e7in %46 art\u0131\u015fla 676 Milyon Dolar olmu\u015ftur.<\/p>\n<p>T\u00c7MB Y\u00f6netim Kurulu Ba\u015fkan\u0131 Dr. Tamer Saka, \u201c<i>Son 2-3 y\u0131ld\u0131r bizim i\u00e7in en \u00f6nemli pazar ABD\u2019dir. \u00d6zellikle burada artan in\u015faat faaliyetlerinin ihracat\u0131m\u0131za olumlu etkisi olmu\u015ftur. Di\u011fer \u00f6nemli pazarlar\u0131m\u0131z Gana ve \u0130srail\u2019dir<\/i>\u201d \u015feklinde konu\u015ftu.<\/p>\n","protected":false},"excerpt":{"rendered":"<p>2019 YILININ \u0130LK 9 AYINDA \u00dcRET\u0130LEN \u00c7\u0130MENTONUN YAKLA\u015eIK %20\u2019S\u0130 \u0130HRA\u00c7 ED\u0130LD\u0130.\u00a0T\u00fcrkiye ekonomisinin lokomotifi \u00e7imento sekt\u00f6r\u00fcn\u00fcn Ocak-Eyl\u00fcl d\u00f6nemi verilerine g\u00f6re; \u00e7imento sekt\u00f6r\u00fc ihracat gelirinde y\u00fczde 46\u2019l\u0131k art\u0131\u015f ya\u015fan\u0131rken, \u00fcretilen \u00e7imentonun y\u00fczde 19,7\u2019si ihracata konu oldu. T\u00fcrkiye \u00c7imento M\u00fcstahsilleri Birli\u011fi taraf\u0131ndan \u00e7imento sekt\u00f6r\u00fc Ocak-Eyl\u00fcl d\u00f6nemi verileri a\u00e7\u0131kland\u0131. 2018 y\u0131l\u0131n\u0131n ilk aylar\u0131nda beklenenden s\u0131cak ge\u00e7en k\u0131\u015f aylar\u0131 sayesinde [&hellip;]<\/p>\n","protected":false},"author":1,"featured_media":30598,"comment_status":"open","ping_status":"open","sticky":false,"template":"","format":"standard","meta":{"ngg_post_thumbnail":0},"categories":[1,5388],"tags":[8561,276],"_links":{"self":[{"href":"https:\/\/emlaktuel.com\/index.php?rest_route=\/wp\/v2\/posts\/30597"}],"collection":[{"href":"https:\/\/emlaktuel.com\/index.php?rest_route=\/wp\/v2\/posts"}],"about":[{"href":"https:\/\/emlaktuel.com\/index.php?rest_route=\/wp\/v2\/types\/post"}],"author":[{"embeddable":true,"href":"https:\/\/emlaktuel.com\/index.php?rest_route=\/wp\/v2\/users\/1"}],"replies":[{"embeddable":true,"href":"https:\/\/emlaktuel.com\/index.php?rest_route=%2Fwp%2Fv2%2Fcomments&post=30597"}],"version-history":[{"count":1,"href":"https:\/\/emlaktuel.com\/index.php?rest_route=\/wp\/v2\/posts\/30597\/revisions"}],"predecessor-version":[{"id":30599,"href":"https:\/\/emlaktuel.com\/index.php?rest_route=\/wp\/v2\/posts\/30597\/revisions\/30599"}],"wp:featuredmedia":[{"embeddable":true,"href":"https:\/\/emlaktuel.com\/index.php?rest_route=\/wp\/v2\/media\/30598"}],"wp:attachment":[{"href":"https:\/\/emlaktuel.com\/index.php?rest_route=%2Fwp%2Fv2%2Fmedia&parent=30597"}],"wp:term":[{"taxonomy":"category","embeddable":true,"href":"https:\/\/emlaktuel.com\/index.php?rest_route=%2Fwp%2Fv2%2Fcategories&post=30597"},{"taxonomy":"post_tag","embeddable":true,"href":"https:\/\/emlaktuel.com\/index.php?rest_route=%2Fwp%2Fv2%2Ftags&post=30597"}],"curies":[{"name":"wp","href":"https:\/\/api.w.org\/{rel}","templated":true}]}}