{"id":30516,"date":"2019-12-05T11:26:48","date_gmt":"2019-12-05T08:26:48","guid":{"rendered":"https:\/\/emlaktuel.com\/?p=30516"},"modified":"2019-12-05T11:26:48","modified_gmt":"2019-12-05T08:26:48","slug":"anadolu-efes-merterdeki-fabrikasini-kime-satti","status":"publish","type":"post","link":"https:\/\/emlaktuel.com\/?p=30516","title":{"rendered":"Anadolu Efes Merter&#8217;deki fabrikas\u0131n\u0131 kime satt\u0131?"},"content":{"rendered":"<p>Anadolu Efes 2017 may\u0131s ay\u0131nda \u0130stanbul Merter\u2019deki fabrikas\u0131nda yapt\u0131\u011f\u0131 \u00fcretimini Adana, Ankara ve \u0130zmirdeki fabrikalar\u0131na kayd\u0131rmas\u0131 sonras\u0131nda burada \u00fcretim durdurulmu\u015ftu. Ve sonra firma buradaki arsas\u0131n\u0131 sat\u0131\u015fa \u00e7\u0131karm\u0131\u015ft\u0131.<\/p>\n<p>Anadolu Efes firmas\u0131 taraf\u0131ndan sat\u0131\u015fa \u00e7\u0131kart\u0131lan \u0130stanbul Merter&#8217;de ki fabrikan\u0131n arsas\u0131 120 bin 657 metrekare caivar\u0131ndayd\u0131. \u015eirket Merterde ki arazisini 270 milyon liraya Nata \u0130n\u015faat&#8217;a satt\u0131.<\/p>\n<p>Anadolu Efes firmas\u0131 halka a\u00e7\u0131k bir \u015firket olarak Borsa \u0130stanbul\u2019da (B\u0130ST) hisselerinde i\u015flem g\u00f6r\u00fcyor. Firma arsan\u0131n sat\u0131\u015f\u0131 ile ilgili olarak Kamuoyu Ayd\u0131nlatma Platformu\u2019na (KAP) g\u00f6nderilen yaz\u0131l\u0131 a\u00e7\u0131klamas\u0131n\u0131 \u015fu \u015fekilde yapt\u0131:<\/p>\n<p>\u201c\u015eirketimize ait \u0130stanbul \u0130li, Bah\u00e7elievler \u0130l\u00e7esi, Osmaniye Mahallesi\u2019nde bulunan 222 ada 23 nolu parsel ve 222 ada 24 nolu parsel olarak kay\u0131tl\u0131 bulunan toplam 120.657 metrekare ta\u015f\u0131nmaz\u0131n sat\u0131\u015fa konu edilmesi amac\u0131yla \u015eirket y\u00f6netimine yetki verilerek ba\u015flanm\u0131\u015f olan \u00e7al\u0131\u015fmalar neticelendirilmi\u015f olup, s\u00f6z konusu sat\u0131\u015f 04.12.2019 tarihinde 270.000.000 TL bedelle ger\u00e7ekle\u015fmi\u015ftir.\u201d<\/p>\n<h2><strong>Araziyi alan Nata \u0130n\u015faat firmas\u0131n\u0131n ortaklar\u0131 kimdir?<\/strong><\/h2>\n<p>1990&#8217;da limited \u015firket olarak kurulan Nata \u0130n\u015faat 2 orta\u011f\u0131yla \u00e7al\u0131\u015f\u0131yor. Nata \u0130n\u015faat&#8217;\u0131n ortaklardan olan Necmettin Aytekin 1976 y\u0131l\u0131nda in\u015faat m\u00fcteahhitli\u011fine ba\u015flad\u0131, di\u011fer ortak Tufan Aydo\u011fan ise 1984&#8217;de in\u015faat sekt\u00f6r\u00fcne girdi. \u015eirket, in\u015faat sekt\u00f6r\u00fcnde hem alt yap\u0131 i\u015fleri hem de \u00fcst yap\u0131 projelerinde \u00e7al\u0131\u015fmalar s\u00fcrd\u00fcr\u00fcyor.<\/p>\n<div class=\"td-a-rec td-a-rec-id-content_bottom  td_uid_3_5de8b6e5618be_rand td_block_template_1\">\n<div id=\"wpcf7-f167807-p228531-o1\" class=\"wpcf7\" dir=\"ltr\" lang=\"tr-TR\" role=\"form\"><\/div>\n<\/div>\n","protected":false},"excerpt":{"rendered":"<p>Anadolu Efes 2017 may\u0131s ay\u0131nda \u0130stanbul Merter\u2019deki fabrikas\u0131nda yapt\u0131\u011f\u0131 \u00fcretimini Adana, Ankara ve \u0130zmirdeki fabrikalar\u0131na kayd\u0131rmas\u0131 sonras\u0131nda burada \u00fcretim durdurulmu\u015ftu. Ve sonra firma buradaki arsas\u0131n\u0131 sat\u0131\u015fa \u00e7\u0131karm\u0131\u015ft\u0131. Anadolu Efes firmas\u0131 taraf\u0131ndan sat\u0131\u015fa \u00e7\u0131kart\u0131lan \u0130stanbul Merter&#8217;de ki fabrikan\u0131n arsas\u0131 120 bin 657 metrekare caivar\u0131ndayd\u0131. \u015eirket Merterde ki arazisini 270 milyon liraya Nata \u0130n\u015faat&#8217;a satt\u0131. Anadolu Efes [&hellip;]<\/p>\n","protected":false},"author":1,"featured_media":30517,"comment_status":"open","ping_status":"open","sticky":false,"template":"","format":"standard","meta":{"ngg_post_thumbnail":0},"categories":[5388],"tags":[4114,100,14041],"_links":{"self":[{"href":"https:\/\/emlaktuel.com\/index.php?rest_route=\/wp\/v2\/posts\/30516"}],"collection":[{"href":"https:\/\/emlaktuel.com\/index.php?rest_route=\/wp\/v2\/posts"}],"about":[{"href":"https:\/\/emlaktuel.com\/index.php?rest_route=\/wp\/v2\/types\/post"}],"author":[{"embeddable":true,"href":"https:\/\/emlaktuel.com\/index.php?rest_route=\/wp\/v2\/users\/1"}],"replies":[{"embeddable":true,"href":"https:\/\/emlaktuel.com\/index.php?rest_route=%2Fwp%2Fv2%2Fcomments&post=30516"}],"version-history":[{"count":1,"href":"https:\/\/emlaktuel.com\/index.php?rest_route=\/wp\/v2\/posts\/30516\/revisions"}],"predecessor-version":[{"id":30518,"href":"https:\/\/emlaktuel.com\/index.php?rest_route=\/wp\/v2\/posts\/30516\/revisions\/30518"}],"wp:featuredmedia":[{"embeddable":true,"href":"https:\/\/emlaktuel.com\/index.php?rest_route=\/wp\/v2\/media\/30517"}],"wp:attachment":[{"href":"https:\/\/emlaktuel.com\/index.php?rest_route=%2Fwp%2Fv2%2Fmedia&parent=30516"}],"wp:term":[{"taxonomy":"category","embeddable":true,"href":"https:\/\/emlaktuel.com\/index.php?rest_route=%2Fwp%2Fv2%2Fcategories&post=30516"},{"taxonomy":"post_tag","embeddable":true,"href":"https:\/\/emlaktuel.com\/index.php?rest_route=%2Fwp%2Fv2%2Ftags&post=30516"}],"curies":[{"name":"wp","href":"https:\/\/api.w.org\/{rel}","templated":true}]}}