{"id":3022,"date":"2016-07-13T10:21:16","date_gmt":"2016-07-13T07:21:16","guid":{"rendered":"http:\/\/emlaktuel.com\/?p=3022"},"modified":"2018-07-05T14:17:50","modified_gmt":"2018-07-05T11:17:50","slug":"suriyelilere-ev-verilecek","status":"publish","type":"post","link":"https:\/\/emlaktuel.com\/?p=3022","title":{"rendered":"Suriyeliler\u2019e Ev Verilecek!"},"content":{"rendered":"<h1 class=\"name post-title entry-title\">Suriyeli m\u00fcltecilere vatanda\u015fl\u0131k verilmesi\u00a0ile\u00a0ilgili at\u0131lacak ad\u0131mlar\u0131n ayr\u0131nt\u0131lar\u0131 netlik kazan\u0131yor. Suriyelilerin, e\u011fitim d\u00fczeyleri ve meslek gruplar\u0131 tespit edildi. Suriyeli m\u00fcltecilerin konut ihtiyac\u0131 ise \u0130skan Kanunu h\u00fck\u00fcmleri kapsam\u0131nda kar\u015f\u0131lanacak.<\/h1>\n<div class=\"entry\">\n<p>&nbsp;<\/p>\n<p>Kanuna g\u00f6re, belirlenecek yerlerde iskan edilecek Suriyeliler, bor\u00e7land\u0131rma yoluyla konutlara yerle\u015fecek. Suriyelilerin TOK\u0130\u2019nin yapt\u0131\u011f\u0131 evlere yerle\u015ftirilmeleri ve belirlenen yerlerde iskan\u0131 \u00f6ng\u00f6r\u00fcl\u00fcyor.<\/p>\n<p>Ba\u015fbakan Yard\u0131mc\u0131s\u0131 Nurettin Canikli, Suriyelilere toplu isk\u00e2n yap\u0131laca\u011f\u0131n\u0131 ve \u00fccret al\u0131naca\u011f\u0131n\u0131 belirtti. Canikli, vatanda\u015fl\u0131\u011f\u0131n ise ekonomik ihtiyaca g\u00f6re olaca\u011f\u0131n\u0131 belirtti.<\/p>\n<p>BA\u015eBAKAN Yard\u0131mc\u0131s\u0131 Nurettin Canikli, Suriyelilerin toplu iskan\u0131 durumunda iskan yasas\u0131 gere\u011fince kendilerinden konut \u00fccreti al\u0131naca\u011f\u0131n\u0131 a\u00e7\u0131klad\u0131. Canikli, Suriyelilere vatanda\u015fl\u0131k konusunda kendilerinin tamamen ekonomik yararlar\u0131 g\u00f6z\u00f6n\u00fcnde bulundurarak hareket ettiklerini s\u00f6yledi.<\/p>\n<h2>5 YIL \u00dcCRETS\u0130Z<\/h2>\n<p>Canikli, Ah\u0131ska T\u00fcrklerine verilen TOK\u0130 konutlar\u0131n\u0131n 5 y\u0131l \u00fccretsiz, sonraki 15 y\u0131l \u00f6deme \u015fart\u0131yla verildi\u011fini kaydetti. Canikli, \u201cToplu konutun yapt\u0131\u011f\u0131 yerlerde toplu olarak iskan edilecekler. Adaptasyon s\u00fcreci T\u00fcrklerin adaptasyonundan daha kolay olur. \u00c7\u00fcnk\u00fc, dil d\u0131\u015f\u0131nda \u00e7ok \u015feyimiz ortak\u201d dedi.<\/p>\n<p>Ba\u015fbakan Yard\u0131mc\u0131s\u0131 Canikli, T\u00fcrkiye ile \u0130srail aras\u0131nda 27 Haziran g\u00fcn\u00fc imzalanan anla\u015fman\u0131n TBMM\u2019ye gelece\u011fine dikkat \u00e7ekerek, \u201c\u00dc\u00e7 metin halinde ama tek anla\u015fma olarak gelecek. Gazze\u2019ye ambargo ve \u00f6z\u00fcr bilgi \u015feklinde, tazminat ise anla\u015fma olarak Meclise sunulacak\u201d diye konu\u015ftu.<\/p>\n<p>TOK\u0130\u2019nin konutlar\u0131 ile yeni yap\u0131lacak mahallelerin bu ama\u00e7la de\u011ferlendirilmesi planlan\u0131yor.<\/p>\n<h1 class=\"news-detail-title selectionShareable\">Suriyeliler&#8217;e \u0130skan Kanunu&#8217;yla ev verilecek<\/h1>\n<p>Suriyelilere ev verilecek<\/p>\n<div class=\"centerAd\"><\/div>\n<p class=\"topP\">\n<div><\/div>\n<\/div>\n","protected":false},"excerpt":{"rendered":"<p>Suriyeli m\u00fcltecilere vatanda\u015fl\u0131k verilmesi\u00a0ile\u00a0ilgili at\u0131lacak ad\u0131mlar\u0131n ayr\u0131nt\u0131lar\u0131 netlik kazan\u0131yor. Suriyelilerin, e\u011fitim d\u00fczeyleri ve meslek gruplar\u0131 tespit edildi. Suriyeli m\u00fcltecilerin konut ihtiyac\u0131 ise \u0130skan Kanunu h\u00fck\u00fcmleri kapsam\u0131nda kar\u015f\u0131lanacak. &nbsp; Kanuna g\u00f6re, belirlenecek yerlerde iskan edilecek Suriyeliler, bor\u00e7land\u0131rma yoluyla konutlara yerle\u015fecek. Suriyelilerin TOK\u0130\u2019nin yapt\u0131\u011f\u0131 evlere yerle\u015ftirilmeleri ve belirlenen yerlerde iskan\u0131 \u00f6ng\u00f6r\u00fcl\u00fcyor. Ba\u015fbakan Yard\u0131mc\u0131s\u0131 Nurettin Canikli, Suriyelilere toplu [&hellip;]<\/p>\n","protected":false},"author":1,"featured_media":3023,"comment_status":"open","ping_status":"open","sticky":false,"template":"","format":"standard","meta":{"ngg_post_thumbnail":0},"categories":[221,1,26,27],"tags":[11382,80,11118,2004,2005,2006,2003,2007,11230,11178,316],"_links":{"self":[{"href":"https:\/\/emlaktuel.com\/index.php?rest_route=\/wp\/v2\/posts\/3022"}],"collection":[{"href":"https:\/\/emlaktuel.com\/index.php?rest_route=\/wp\/v2\/posts"}],"about":[{"href":"https:\/\/emlaktuel.com\/index.php?rest_route=\/wp\/v2\/types\/post"}],"author":[{"embeddable":true,"href":"https:\/\/emlaktuel.com\/index.php?rest_route=\/wp\/v2\/users\/1"}],"replies":[{"embeddable":true,"href":"https:\/\/emlaktuel.com\/index.php?rest_route=%2Fwp%2Fv2%2Fcomments&post=3022"}],"version-history":[{"count":1,"href":"https:\/\/emlaktuel.com\/index.php?rest_route=\/wp\/v2\/posts\/3022\/revisions"}],"predecessor-version":[{"id":3024,"href":"https:\/\/emlaktuel.com\/index.php?rest_route=\/wp\/v2\/posts\/3022\/revisions\/3024"}],"wp:featuredmedia":[{"embeddable":true,"href":"https:\/\/emlaktuel.com\/index.php?rest_route=\/wp\/v2\/media\/3023"}],"wp:attachment":[{"href":"https:\/\/emlaktuel.com\/index.php?rest_route=%2Fwp%2Fv2%2Fmedia&parent=3022"}],"wp:term":[{"taxonomy":"category","embeddable":true,"href":"https:\/\/emlaktuel.com\/index.php?rest_route=%2Fwp%2Fv2%2Fcategories&post=3022"},{"taxonomy":"post_tag","embeddable":true,"href":"https:\/\/emlaktuel.com\/index.php?rest_route=%2Fwp%2Fv2%2Ftags&post=3022"}],"curies":[{"name":"wp","href":"https:\/\/api.w.org\/{rel}","templated":true}]}}