{"id":30182,"date":"2019-11-13T14:44:45","date_gmt":"2019-11-13T11:44:45","guid":{"rendered":"https:\/\/emlaktuel.com\/?p=30182"},"modified":"2019-11-13T14:44:45","modified_gmt":"2019-11-13T11:44:45","slug":"maris-fuzulev-yonetim-kurulu-baskani-eyup-akbali-misafir-etti","status":"publish","type":"post","link":"https:\/\/emlaktuel.com\/?p=30182","title":{"rendered":"MAR\u0130\u015e, Fuzulev Y\u00f6netim Kurulu Ba\u015fkan\u0131\u00a0Ey\u00fcp Akbal&#8217;\u0131 misafir etti"},"content":{"rendered":"<p><strong><em><u>MAR\u0130\u015e, in\u015faat sekt\u00f6r\u00fcn\u00fc masaya yat\u0131rd\u0131.\u00a0<\/u><\/em><\/strong><strong><em>Mardinli \u0130\u015f Adamlar\u0131 Derne\u011fi taraf\u0131ndan, dernek \u00fcyelerinin kat\u0131l\u0131m\u0131yla ger\u00e7ekle\u015ftirilen bulu\u015fmada in\u015faat sekt\u00f6r\u00fc masaya yat\u0131r\u0131ld\u0131. Geni\u015f kat\u0131l\u0131mla d\u00fczenlenen bulu\u015fmada Akku\u015f Grup Y\u00f6netim Kurulu Ba\u015fkan\u0131\u00a0Abd\u00fclkadir AKKU\u015e, konut sekt\u00f6r\u00fcndeki g\u00fcncel geli\u015fmeleri ve 2020 \u00f6ng\u00f6r\u00fclerini payla\u015ft\u0131.<\/em><\/strong><\/p>\n<p><strong>ABD\u00dcLKAD\u0130R AKKU\u015e<\/strong>,&#8221;Gayrimenkul ve in\u015faat sekt\u00f6r\u00fcnde y\u0131l\u0131n ilk 7 ay\u0131nda ya\u015fanan daralma, temmuz ay\u0131 ortalar\u0131nda yap\u0131lan faiz indirimiyle, yerini hareketli g\u00fcnlere b\u0131rakt\u0131. T\u00dc\u0130K\u2019in a\u00e7\u0131klad\u0131\u011f\u0131 rakamlara g\u00f6re, a\u011fustos ay\u0131nda y\u00fczde 5.1\u2019lik art\u0131\u015f\u0131n ard\u0131ndan eyl\u00fcl ay\u0131nda ya\u015fanan y\u00fczde 15.4\u2019l\u00fck art\u0131\u015f\u0131 genel olarak de\u011ferlendirdi\u011fimizde, y\u0131l\u0131n kalan d\u00f6nemi i\u00e7in bir art\u0131\u015f trendinin ba\u015flad\u0131\u011f\u0131n\u0131 s\u00f6ylemek m\u00fcmk\u00fcn. Bu noktada faiz indiriminin etkisiyle kredili sat\u0131\u015flarda ya\u015fanan art\u0131\u015f \u00e7ok ileri seviyelere ula\u015ft\u0131. Eyl\u00fcl ay\u0131 rakamlar\u0131na g\u00f6re art\u0131\u015f, y\u00fczde 410.2 gibi \u00e7ok b\u00fcy\u00fck bir oran yakalad\u0131.\u00a02019 hedefleri i\u00e7in umutlanmam\u0131z gereken \u00e7ok \u00f6nemli geli\u015fmeler i\u00e7erisindeyiz. T\u00dc\u0130K Eyl\u00fcl verilerine g\u00f6re al\u0131nan sipari\u015fler ve sekt\u00f6r\u00fcn istihdam beklentisi y\u00fckseliyor.\u00a0\u0130n\u015faat sekt\u00f6r\u00fc g\u00fcven endeksi, \u00f6nceki aya g\u00f6re y\u00fczde 8,3 art\u0131\u015fla son 16 ay\u0131n en y\u00fcksek seviyesine eri\u015fti. Yine ge\u00e7ti\u011fimiz y\u0131l\u0131n ilk 9 ay\u0131nda 24 bin civar\u0131nda seyreden yabanc\u0131 sat\u0131\u015flar, bu y\u0131l\u0131n ayn\u0131 d\u00f6neminde 32 bin olarak tezah\u00fcr etti.\u00a0Son iki ayda s\u00fcren art\u0131\u015f trendinin y\u0131l\u0131n geri kalan d\u00f6nemindeki sat\u0131\u015flar i\u00e7in bir kald\u0131ra\u00e7 etkisi yarataca\u011f\u0131na inan\u0131yorum&#8221;\u00a0diyerek sekt\u00f6rde son aylarda ya\u015fanan olumlu geli\u015fmelerin alt\u0131n\u0131 \u00e7izdi.<\/p>\n<p><strong>ABD\u00dcLKAD\u0130R AKKU\u015e:<\/strong><\/p>\n<h2><strong>\u201cTalepler \u00e7ok h\u0131zl\u0131 \u015fekilde s\u0131cak sat\u0131\u015fa d\u00f6n\u00fc\u015f\u00fcyor\u201d<\/strong><\/h2>\n<p><strong>ABD\u00dcLKAD\u0130R AKKU\u015e,\u00a0<\/strong>&#8220;Her ko\u015fulda sekt\u00f6rde g\u00fcven duyaca\u011f\u0131 \u015firketlerin projelerine yat\u0131r\u0131m yapmay\u0131 tercih eden yat\u0131r\u0131mc\u0131lar, bu s\u00fcreci bir f\u0131rsat olarak g\u00f6r\u00fcyor. Artan maliyetlere konut fiyatlar\u0131nda art\u0131\u015fa gidilmemesi, d\u00fc\u015fen faiz oran\u0131 ve uzun vadelendirme se\u00e7enekleriyle gelen talepler h\u0131zla s\u0131cak sat\u0131\u015fa d\u00f6n\u00fc\u015f\u00fcyor. Hem yat\u0131r\u0131m hem de oturum odakl\u0131 yakla\u015fan m\u00fc\u015fteriler, finansal a\u00e7\u0131dan g\u00fc\u00e7l\u00fc ve tecr\u00fcbeli \u015firketlerin kap\u0131s\u0131n\u0131 \u00e7al\u0131yor. \u0130\u00e7erisinde bulundu\u011fumuz d\u00f6nem, 2020 odakl\u0131 yeni yat\u0131r\u0131mlar i\u00e7in de \u00e7ok \u00f6nemli bir katk\u0131 sa\u011fl\u0131yor. Sekt\u00f6r\u00fcm\u00fczde mevcut konut stoklar\u0131n\u0131n t\u00fcketilerek yeni proje in\u015faatlar\u0131na ba\u015flanmas\u0131, ekonomimiz i\u00e7in \u00e7ok b\u00fcy\u00fck bir potansiyel g\u00fc\u00e7 bar\u0131nd\u0131r\u0131yor. Bu s\u00fcre\u00e7, bu potansiyelin ortaya \u00e7\u0131kar\u0131lmas\u0131 i\u00e7in \u00f6nemli bir itici g\u00fc\u00e7 sa\u011flayacak&#8221;\u00a0dedi.<\/p>\n<p>&nbsp;<\/p>\n<p><strong>ABD\u00dcLKAD\u0130R AKKU\u015e<\/strong>, s\u00f6zlerini,\u00a0&#8220;MAR\u0130\u015e \u00fcyelerinin \u00fc\u00e7te birini olu\u015fturan konut sekt\u00f6r\u00fcndeki Mardinli giri\u015fimciler olarak bizler, 2020 y\u0131l\u0131nda ve sonras\u0131nda da t\u00fcketim al\u0131\u015fkanl\u0131klar\u0131 ve talepleri istikrar kazanm\u0131\u015f orta s\u0131n\u0131f\u0131 ve b\u00f6lgesindeki g\u00fcvenli konumuyla yabanc\u0131lar\u0131n ilgisini cezbeden bir \u00fclkede, bu g\u00fc\u00e7l\u00fc reel talebe dayanarak yat\u0131r\u0131mlar\u0131m\u0131z\u0131 s\u00fcrd\u00fcrece\u011fiz&#8221;\u00a0diyerek tamamlad\u0131.<\/p>\n<p><strong>\u00a0<\/strong><\/p>\n<p><strong>Ey\u00fcp AKBAL<\/strong>:<\/p>\n<h2><strong>\u201c\u015eimdi konut alman\u0131n tam zaman\u0131\u201d<\/strong><\/h2>\n<p>Bulu\u015fmada,FPK (faizsiz, pe\u015finats\u0131z, kefilsiz) sistemiyle y\u0131llar i\u00e7erisinde bir\u00e7ok alt- orta gelirli aileyi konut sahibi yapan\u00a0<strong>Fuzulev&#8217;in Y\u00f6netim Kurulu Ba\u015fkan\u0131 Ey\u00fcp AKBAL<\/strong>, Fuzuloto ile ba\u015flad\u0131klar\u0131 T\u00fcrkiye&#8217;nin toplumsal dokusu ve tercihleriyle\u00a0uyumlu bir sistemi konut sekt\u00f6r\u00fcne de getirdiklerini\u00a0belirterek, y\u0131ll\u0131k 1 milyon konut ihtiyac\u0131n\u0131n oldu\u011fu ve Yeni Ekonomi Program\u0131&#8217;nda b\u00fcy\u00fcmenin \u00fczerine kurguland\u0131\u011f\u0131 in\u015faat sekt\u00f6r\u00fc i\u00e7in y\u00fckseli\u015f ivmesinin s\u00f6z konusu oldu\u011funu s\u00f6yledi. Konut sekt\u00f6r\u00fcn\u00fcn spek\u00fcle edildi\u011fi gibi bir &#8220;balon&#8221; olmad\u0131\u011f\u0131n\u0131 s\u00f6yleyen\u00a0<strong>AKBAL<\/strong>, &#8220;\u015eimdi konut alman\u0131n tam s\u0131ras\u0131. T\u00fcrk insan\u0131 r\u00fc\u015fd\u00fcn\u00fc ispatlam\u0131\u015f\u00a0markal\u0131 konutlara g\u00fcvenmeli&#8221;\u00a0diyerek s\u00f6zlerini bitirdi.<\/p>\n<p>&nbsp;<\/p>\n","protected":false},"excerpt":{"rendered":"<p>MAR\u0130\u015e, in\u015faat sekt\u00f6r\u00fcn\u00fc masaya yat\u0131rd\u0131.\u00a0Mardinli \u0130\u015f Adamlar\u0131 Derne\u011fi taraf\u0131ndan, dernek \u00fcyelerinin kat\u0131l\u0131m\u0131yla ger\u00e7ekle\u015ftirilen bulu\u015fmada in\u015faat sekt\u00f6r\u00fc masaya yat\u0131r\u0131ld\u0131. Geni\u015f kat\u0131l\u0131mla d\u00fczenlenen bulu\u015fmada Akku\u015f Grup Y\u00f6netim Kurulu Ba\u015fkan\u0131\u00a0Abd\u00fclkadir AKKU\u015e, konut sekt\u00f6r\u00fcndeki g\u00fcncel geli\u015fmeleri ve 2020 \u00f6ng\u00f6r\u00fclerini payla\u015ft\u0131. ABD\u00dcLKAD\u0130R AKKU\u015e,&#8221;Gayrimenkul ve in\u015faat sekt\u00f6r\u00fcnde y\u0131l\u0131n ilk 7 ay\u0131nda ya\u015fanan daralma, temmuz ay\u0131 ortalar\u0131nda yap\u0131lan faiz indirimiyle, yerini hareketli [&hellip;]<\/p>\n","protected":false},"author":1,"featured_media":30183,"comment_status":"open","ping_status":"open","sticky":false,"template":"","format":"standard","meta":{"ngg_post_thumbnail":0},"categories":[5388],"tags":[3470,2935,13476,13966],"_links":{"self":[{"href":"https:\/\/emlaktuel.com\/index.php?rest_route=\/wp\/v2\/posts\/30182"}],"collection":[{"href":"https:\/\/emlaktuel.com\/index.php?rest_route=\/wp\/v2\/posts"}],"about":[{"href":"https:\/\/emlaktuel.com\/index.php?rest_route=\/wp\/v2\/types\/post"}],"author":[{"embeddable":true,"href":"https:\/\/emlaktuel.com\/index.php?rest_route=\/wp\/v2\/users\/1"}],"replies":[{"embeddable":true,"href":"https:\/\/emlaktuel.com\/index.php?rest_route=%2Fwp%2Fv2%2Fcomments&post=30182"}],"version-history":[{"count":1,"href":"https:\/\/emlaktuel.com\/index.php?rest_route=\/wp\/v2\/posts\/30182\/revisions"}],"predecessor-version":[{"id":30184,"href":"https:\/\/emlaktuel.com\/index.php?rest_route=\/wp\/v2\/posts\/30182\/revisions\/30184"}],"wp:featuredmedia":[{"embeddable":true,"href":"https:\/\/emlaktuel.com\/index.php?rest_route=\/wp\/v2\/media\/30183"}],"wp:attachment":[{"href":"https:\/\/emlaktuel.com\/index.php?rest_route=%2Fwp%2Fv2%2Fmedia&parent=30182"}],"wp:term":[{"taxonomy":"category","embeddable":true,"href":"https:\/\/emlaktuel.com\/index.php?rest_route=%2Fwp%2Fv2%2Fcategories&post=30182"},{"taxonomy":"post_tag","embeddable":true,"href":"https:\/\/emlaktuel.com\/index.php?rest_route=%2Fwp%2Fv2%2Ftags&post=30182"}],"curies":[{"name":"wp","href":"https:\/\/api.w.org\/{rel}","templated":true}]}}