{"id":30073,"date":"2019-11-05T11:36:44","date_gmt":"2019-11-05T08:36:44","guid":{"rendered":"https:\/\/emlaktuel.com\/?p=30073"},"modified":"2019-11-05T11:36:44","modified_gmt":"2019-11-05T08:36:44","slug":"yalitim-ve-dayanikliligin-liderleri-bulusuyor","status":"publish","type":"post","link":"https:\/\/emlaktuel.com\/?p=30073","title":{"rendered":"Yal\u0131t\u0131m ve dayan\u0131kl\u0131l\u0131\u011f\u0131n liderleri bulu\u015fuyor"},"content":{"rendered":"<h4>T\u00fcrkiye\u2019nin 2023 hedeflerine ula\u015fmak i\u00e7in ba\u015flatt\u0131\u011f\u0131 \u201cmilli teknoloji hamlesi\u201dnde kritik \u00f6neme sahip sekt\u00f6rlerden poli\u00fcretan ve kompozitin liderleri 28-30 Kas\u0131m\u2019da PUTECH EURASIA ve EURASIAN COMPOSITES SHOW fuarlar\u0131nda bulu\u015fuyor.<\/h4>\n<p>Poli\u00fcretan u\u00e7aktan yap\u0131lara, ayakkab\u0131dan elektroni\u011fe, otomobilden, savunma sanayine medikalden spora pek \u00e7ok alanda,ta\u015f\u0131m\u0131\u015f oldu\u011fu yal\u0131t\u0131m, \u015fekillendirilebilirlik ve yanmazl\u0131k gibi benzersiz \u00f6zellikleriyle, &#8220;hayat\u0131n her alan\u0131nda&#8221; olma mottosunu koruyor.<\/p>\n<p>T\u00fcrkiye\u2019nin savunma sanayiindeki h\u0131zl\u0131 geli\u015fimi ile dikkat \u00e7eken kompozit, in\u015faattan yenilenebilir enerjiye, kara, deniz, hava ve demiryollar\u0131na kadar sa\u011flam\u0131\u015f oldu\u011fu e\u015fsiz dayan\u0131kl\u0131l\u0131k sayesinde, her ge\u00e7en g\u00fcn daha fazla tercih ediliyor.<\/p>\n<p><strong><i>T\u00fcrkiye\u2019nin milli teknoloji hamlesi i\u00e7in \u00e7ok \u00f6nemli olan iki sekt\u00f6r\u00fcn b\u00f6lgesel bulu\u015fmas\u0131\u00a0<\/i><\/strong><i>anlam\u0131na gelen fuarlar,\u00a0<strong>12.000 metrekarelik alanda 200\u2019\u00fcn \u00fczerinde kat\u0131l\u0131mc\u0131s\u0131yla, Poli\u00fcretan ve Kompozit \u015fovuna d\u00f6n\u00fc\u015fecek.<\/strong><\/i><i><\/i><\/p>\n<p><strong>SEKT\u00d6R\u00dcN L\u0130DERLER\u0130 PANELDE BULU\u015eUYOR<\/strong><\/p>\n<p>Poli\u00fcretan ve Kompozit sekt\u00f6r\u00fcn\u00fcn \u00f6nemli isimleri, Putech Eurasia ve Eurasian Composites Show\u2019da d\u00fczenlenecek olan panellerle bug\u00fcn\u00fc de\u011ferlendirecek, gelece\u011fe \u0131\u015f\u0131k tutacaklar. End\u00fcstrideki yeniliklerin odakta olaca\u011f\u0131 panellerde, T\u00fcrkiye\u2019nin milli teknoloji hamlesinde kompozit ve poli\u00fcretan\u0131n yeri ve \u00f6neminden bahsedilerek, ba\u015far\u0131 hikayeri konu\u015fulacak.<\/p>\n<p>Putech Eurasia ve Eurasian Composite Show fuarlar organizat\u00f6r\u00fc\u00a0<strong>ARTK\u0130M Fuarc\u0131l\u0131k&#8217;\u0131n Genel Direkt\u00f6r\u00fc Cengiz Yaman<\/strong>, poli\u00fcretan ve kompozitin T\u00fcrkiye i\u00e7in en kritik sekt\u00f6rlerden oldu\u011funun alt\u0131n\u0131 \u00e7izerek, \u201c<i>T\u00fcrkiye\u2019nin ba\u015flatt\u0131\u011f\u0131 Milli Teknoloji Hamlesi\u2019nin bayraktarl\u0131\u011f\u0131n\u0131 yapan \u0130HA ve S\u0130HA\u2019lar i\u00e7in poli\u00fcretan ve kompozit kritik \u00f6neme sahiptir. \u00dclkemizin ba\u015flatt\u0131\u011f\u0131 bu hamlede, T\u00fcrkiye\u2019nin poli\u00fcretan ve kompozit gibi stratejik end\u00fcstrilerde bu misyonunu ger\u00e7ekle\u015ftirmesine katk\u0131 sunmak i\u00e7in b\u00f6lgenin en \u00f6nemli bulu\u015fmas\u0131n\u0131 \u0130stanbul\u2019da yap\u0131yoruz.<\/i>\u201d \u015feklinde konu\u015ftu.<\/p>\n<p><strong>T\u00dcRK\u0130YE\u2019Y\u0130 ALANINDA D\u00dcNYA L\u0130DERL\u0130\u011e\u0130NE TA\u015eIYACAK \u0130K\u0130 SEKT\u00d6R B\u0130R ARADA<\/strong><\/p>\n<p>Milli teknoloji hamlesi \u00e7er\u00e7evesinde \u00f6zellikle savunma sanayiinin en \u00f6nemli bile\u015fenlerinden olan poli\u00fcretan ve kompozit, sekt\u00f6rel bak\u0131mdan T\u00fcrkiye\u2019nin d\u00fcnya liderli\u011fine giden yolda en \u00f6nemli ara\u00e7lar\u0131ndan olma iddias\u0131n\u0131 s\u00fcrd\u00fcr\u00fcyor.<\/p>\n<p>Poli\u00fcretan ve kompozit kullan\u0131larak yap\u0131lan yerli \u0130HA ve S\u0130HA ile d\u00fcnyan\u0131n dikkatini \u00e7eken T\u00fcrkiye, bir \u00e7ok yerli ve milli \u00fcr\u00fcnde bu bile\u015fenlerle y\u00fcksek katma de\u011fer \u00fcretiyor.<\/p>\n<p><strong>HAYATIN HER ALANINDA POL\u0130\u00dcRETAN SEKT\u00d6R\u00dc<\/strong><\/p>\n<p>Yatak ve mobilya, yap\u0131 ve in\u015faat, elektronik, havac\u0131l\u0131k, savunma, otomotiv ve ula\u015f\u0131m, ayakkab\u0131, ambalaj, tekstil, beyaz e\u015fya, iklimlendirme, medikal gibi bir \u00e7ok sekt\u00f6rde, poli\u00fcretan\u0131n kullan\u0131m\u0131 her ge\u00e7en g\u00fcn art\u0131yor. En \u00e7ok bilinen yal\u0131t\u0131m \u00f6zelli\u011finin yan\u0131 s\u0131ra, \u015fekillendirilebilir ve hafif olmas\u0131 nedeniyle, pek \u00e7ok alanda maliyetleri d\u00fc\u015f\u00fcr\u00fcyor. Bununla birlikte, ek i\u015flemle yap\u0131labilen yanmazl\u0131k \u00f6zelli\u011fiyle benzersiz f\u0131rsatlar sunuyor.<\/p>\n<p>Enerji verimlili\u011finin artmas\u0131 nedeniyle poli\u00fcretan sekt\u00f6r\u00fcne nihai kullan\u0131m sekt\u00f6rlerinden gelen talep, her ge\u00e7en g\u00fcn art\u0131yor. Poli\u00fcretan end\u00fcstrisi de, farkl\u0131 ve yenilik\u00e7i kullan\u0131mlar i\u00e7in yo\u011fun ARGE \u00e7al\u0131\u015fmalar\u0131n\u0131 s\u00fcrd\u00fcr\u00fcyor.<\/p>\n<p><strong>\u0130ST\u0130KRARLI B\u00dcY\u00dcME \u0130LE GELECE\u011e\u0130N SEKT\u00d6R\u00dc: KOMPOZ\u0130T<\/strong><\/p>\n<p>Karbon fiber uygulamalar\u0131, CTP boru uygulamalar\u0131, otomotiv ve ula\u015f\u0131m, yenilenebilir enerji, denizcilik, yap\u0131-in\u015faat ve m\u00fchendislik plastikleri gibi pek \u00e7ok sekt\u00f6r\u00fcn b\u00fcy\u00fcmesinde \u00f6nc\u00fc g\u00f6revi g\u00f6ren kompozit sekt\u00f6r\u00fcn\u00fcn gelecek 5 y\u0131lda, d\u00fcnya \u00f6l\u00e7e\u011finde hacimsel olarak % 4\u2019l\u00fck bir b\u00fcy\u00fcme ile 10 milyon tonluk bir hacme ula\u015fmas\u0131 \u00f6ng\u00f6r\u00fclmektedir. T\u00fcrkiye\u2019de ise sekt\u00f6r\u00fcn 2019 y\u0131l\u0131nda % 5 civar\u0131nda bir b\u00fcy\u00fcme g\u00f6stermesi beklenmektedir.<\/p>\n<p>Avrupa\u2019n\u0131n 6\u2019nc\u0131 b\u00fcy\u00fck \u00fcreticisi olan T\u00fcrkiye Kompozit Sekt\u00f6r\u00fc, d\u00fcnya ve Avrupa&#8217;n\u0131n \u00fczerinde bir b\u00fcy\u00fcme g\u00f6steriyor. Ge\u00e7ti\u011fimiz y\u0131llarda T\u00fcrkiye\u2019de % 8 &#8211; % 12 aras\u0131 bir b\u00fcy\u00fcme kaydeden sekt\u00f6r\u00fcn bu y\u0131l\u0131 % 5 b\u00fcy\u00fcmeyle kapataca\u011f\u0131 bekleniyor.<\/p>\n<p><strong>28- 30 KASIM<\/strong>\u00a0<strong>2019<\/strong>\u00a0tarihleri aras\u0131nda\u00a0<strong>3 g\u00fcn<\/strong>\u00a0s\u00fcreyle\u00a0<strong>10:00<\/strong>\u00a0ile\u00a0<strong>18:00<\/strong>\u00a0saatleri aras\u0131nda\u00a0<strong>\u0130stanbul Fuar Merkezi<\/strong>\u2019nde ziyarete a\u00e7\u0131k olacak olan fuarlar\u0131n internet siteleri \u00fczerinden fuar ve fuar kapsam\u0131ndaki etkinlikler ile ilgili detayl\u0131 bilgi edinilebiliyor ve\u00a0<strong>\u00fccretsiz online ziyaret\u00e7i kayd\u0131<\/strong>\u00a0yap\u0131labiliyor.<\/p>\n<p><strong>PUETCH EURASIA VE EURASIAN COMPOSITES SHOW 2019\u2019A G\u00dcM\u00dc\u015e SPONSOR \u201cGRACO\u201d<\/strong><\/p>\n<p>1926 y\u0131l\u0131nda kurulan ve ak\u0131\u015fkan y\u00f6netim sistemleri ve bile\u015fenleri alan\u0131nda bir d\u00fcnya markas\u0131 olan GRACO BVBA, 6. Uluslararas\u0131 Poli\u00fcretan Sanayi Fuar\u0131 (Putech Eurasia) ve 4. Uluslararas\u0131 Kompozit Hammaddeleri, Yar\u0131 Mam\u00fclleri, \u00dcr\u00fcnleri ve Teknolojileri Fuar\u0131 (Eurasian Composites Show)\u2019un 2019 y\u0131l\u0131 G\u00fcm\u00fc\u015f Sponsoru oldu.\u00a0graco.com\/tr<\/p>\n","protected":false},"excerpt":{"rendered":"<p>T\u00fcrkiye\u2019nin 2023 hedeflerine ula\u015fmak i\u00e7in ba\u015flatt\u0131\u011f\u0131 \u201cmilli teknoloji hamlesi\u201dnde kritik \u00f6neme sahip sekt\u00f6rlerden poli\u00fcretan ve kompozitin liderleri 28-30 Kas\u0131m\u2019da PUTECH EURASIA ve EURASIAN COMPOSITES SHOW fuarlar\u0131nda bulu\u015fuyor. Poli\u00fcretan u\u00e7aktan yap\u0131lara, ayakkab\u0131dan elektroni\u011fe, otomobilden, savunma sanayine medikalden spora pek \u00e7ok alanda,ta\u015f\u0131m\u0131\u015f oldu\u011fu yal\u0131t\u0131m, \u015fekillendirilebilirlik ve yanmazl\u0131k gibi benzersiz \u00f6zellikleriyle, &#8220;hayat\u0131n her alan\u0131nda&#8221; olma mottosunu koruyor. T\u00fcrkiye\u2019nin [&hellip;]<\/p>\n","protected":false},"author":1,"featured_media":30074,"comment_status":"open","ping_status":"open","sticky":false,"template":"","format":"standard","meta":{"ngg_post_thumbnail":0},"categories":[26],"tags":[],"_links":{"self":[{"href":"https:\/\/emlaktuel.com\/index.php?rest_route=\/wp\/v2\/posts\/30073"}],"collection":[{"href":"https:\/\/emlaktuel.com\/index.php?rest_route=\/wp\/v2\/posts"}],"about":[{"href":"https:\/\/emlaktuel.com\/index.php?rest_route=\/wp\/v2\/types\/post"}],"author":[{"embeddable":true,"href":"https:\/\/emlaktuel.com\/index.php?rest_route=\/wp\/v2\/users\/1"}],"replies":[{"embeddable":true,"href":"https:\/\/emlaktuel.com\/index.php?rest_route=%2Fwp%2Fv2%2Fcomments&post=30073"}],"version-history":[{"count":1,"href":"https:\/\/emlaktuel.com\/index.php?rest_route=\/wp\/v2\/posts\/30073\/revisions"}],"predecessor-version":[{"id":30075,"href":"https:\/\/emlaktuel.com\/index.php?rest_route=\/wp\/v2\/posts\/30073\/revisions\/30075"}],"wp:featuredmedia":[{"embeddable":true,"href":"https:\/\/emlaktuel.com\/index.php?rest_route=\/wp\/v2\/media\/30074"}],"wp:attachment":[{"href":"https:\/\/emlaktuel.com\/index.php?rest_route=%2Fwp%2Fv2%2Fmedia&parent=30073"}],"wp:term":[{"taxonomy":"category","embeddable":true,"href":"https:\/\/emlaktuel.com\/index.php?rest_route=%2Fwp%2Fv2%2Fcategories&post=30073"},{"taxonomy":"post_tag","embeddable":true,"href":"https:\/\/emlaktuel.com\/index.php?rest_route=%2Fwp%2Fv2%2Ftags&post=30073"}],"curies":[{"name":"wp","href":"https:\/\/api.w.org\/{rel}","templated":true}]}}