{"id":30030,"date":"2019-11-01T21:29:08","date_gmt":"2019-11-01T18:29:08","guid":{"rendered":"https:\/\/emlaktuel.com\/?p=30030"},"modified":"2019-11-01T21:29:08","modified_gmt":"2019-11-01T18:29:08","slug":"konut-ve-otomobilde-saglam-tasarruf-donemi-basladi","status":"publish","type":"post","link":"https:\/\/emlaktuel.com\/?p=30030","title":{"rendered":"Konut ve otomobilde\u00a0 \u2018Sa\u011flam Tasarruf&#8217; d\u00f6nemi ba\u015flad\u0131!"},"content":{"rendered":"<div><strong><a href=\"http:\/\/kampanya.folkart.com.tr\/?utm_source=Emlaktuel&amp;utm_medium=Banner&amp;utm_campaign=Faiz\"><img loading=\"lazy\" class=\"size-full wp-image-29761 alignleft\" src=\"https:\/\/emlaktuel.com\/wp-content\/uploads\/2019\/10\/emlaktuel.com-_300-250-copy-3.png\" alt=\"\" width=\"301\" height=\"251\" \/><\/a>Y\u0131ll\u0131k 25 milyar TL\u2019lik hacme ula\u015fan faizsiz konut ve ara\u00e7 edindirme sekt\u00f6r\u00fcnde \u2018Sa\u011flam Tasarruf\u2019la birlikte kat\u0131l\u0131m bedeli iadeli d\u00f6nem ba\u015flad\u0131. Sekt\u00f6r\u00fcn en yenilik\u00e7i konut ve ara\u00e7 edindirme \u015firketi Vak\u0131fevim, kat\u0131l\u0131mc\u0131lara sistemden istedi\u011fi zaman ayr\u0131lma \u00f6zg\u00fcrl\u00fc\u011f\u00fc tan\u0131rken k\u00fc\u00e7\u00fck ihtiya\u00e7lar i\u00e7in 5 bin liraya kadar mini tasarruf imkan\u0131 sunuyor. Vak\u0131fevim konut, otomobil ve mini ihtiya\u00e7lar i\u00e7in sundu\u011fu faizsiz \u00e7\u00f6z\u00fcmlerle 2020\u2019de 200 milyon TL\u2019lik s\u00f6zle\u015fme hacmine ula\u015fmay\u0131 hedefliyor\u2026\u00a0<\/strong><\/div>\n<div><\/div>\n<div>Faizsiz konut ve ara\u00e7 edindirme sekt\u00f6r\u00fcnde hacim 25 milyar TL\u2019ye ula\u015f\u0131rken sekt\u00f6r \u00f6nemli yeniliklere de ev sahipli\u011fi yap\u0131yor. Sekt\u00f6rde en yenilik\u00e7i \u015firket olmay\u0131 hedefleyen Vak\u0131fevim,\u00a0<strong>kat\u0131l\u0131m bedeli iadesi<\/strong>,\u00a0<strong>diledi\u011fin teslimat tarihini se\u00e7<\/strong>,\u00a0<strong>mini tasarruf<\/strong>\u00a0gibi \u00e7\u00f6z\u00fcmleri ilk kez sekt\u00f6re kazand\u0131r\u0131yor. Konut ve otomobil al\u0131m\u0131nda kat\u0131l\u0131mc\u0131lara istedi\u011fi zaman ayr\u0131labilme \u00f6zg\u00fcrl\u00fc\u011f\u00fc tan\u0131yan sistemle art\u0131k kat\u0131l\u0131m bedelini geri almak m\u00fcmk\u00fcn. Ayr\u0131ca ilk kez 5 bin TL\u2019ye kadar herkese k\u00fc\u00e7\u00fck ihtiya\u00e7lar\u0131 i\u00e7in \u00e7\u00f6z\u00fcmler sunuluyor.<\/div>\n<h2><strong>Finansevim\u2019in kurucular\u0131ndan<\/strong><\/h2>\n<div>Vak\u0131fevim\u2019in sekt\u00f6re getirdi\u011fi yenilikler Vak\u0131fevim Kurucu Orta\u011f\u0131 ve Y\u00f6netim Kurulu Ba\u015fkan\u0131\u00a0<strong>Serdar Kolo<\/strong><strong>\u00a0ve Vak\u0131fevim Genel M\u00fcd\u00fcr\u00fc\u00a0<\/strong><strong>Nurullah G\u00fcnay\u2019\u0131n<\/strong>\u00a0kat\u0131ld\u0131\u011f\u0131 toplant\u0131yla tan\u0131t\u0131ld\u0131. Finans ve konut sekt\u00f6r\u00fcnde 10 y\u0131ll\u0131k deneyime sahip dinamik giri\u015fimciler taraf\u0131ndan kurulan Vak\u0131fevim\u2019in yenilikleriyle tan\u0131naca\u011f\u0131n\u0131 belirten Serdar Kolo hedeflerini \u015f\u00f6yle anlatt\u0131: \u201cSekt\u00f6rde 2 y\u0131lda Finansevim markas\u0131yla 300 \u00e7al\u0131\u015fan ve 35 \u015fubeye ula\u015ft\u0131k. \u015eimdi de konut, otomobil ve dar gelirli ailelerin mini ihtiya\u00e7lar\u0131 i\u00e7in Vak\u0131fevim\u2019le hizmet verece\u011fiz. 50 ki\u015filik kadroyla yoluna ba\u015flayan Vak\u0131fevim, 2020 sonunda 200 ki\u015filik ekip ve 41 \u015fubeye ula\u015facak. K\u00fc\u00e7\u00fck ve b\u00fcy\u00fck tasarruflar\u0131n birle\u015fmesine te\u015fvik etmek ve \u00fclke ekonomisine katk\u0131 sa\u011flayarak istihdam yaratmak i\u00e7in \u00e7al\u0131\u015faca\u011f\u0131z. 2020\u2019yi 200 milyon TL\u2019lik s\u00f6zle\u015fme hacmiyle tamamlayaca\u011f\u0131z.\u201d<\/div>\n<h2><strong>\u2018Sa\u011flam tasarruf\u2019 yapt\u0131racak<\/strong><\/h2>\n<div><img loading=\"lazy\" class=\"wp-image-30032 alignleft\" src=\"https:\/\/emlaktuel.com\/wp-content\/uploads\/2019\/11\/Serdar_Kolo_vakifevim-750x500.jpg\" alt=\"\" width=\"213\" height=\"204\" \/><strong>Serdar Kolo<\/strong>, sekt\u00f6rde ilk olacak bir\u00e7ok yenili\u011fi de 1 Kas\u0131m itibariyle sunduklar\u0131n\u0131 vurgulad\u0131. Kat\u0131l\u0131m bedeli iadesi, murabaha y\u00f6ntemiyle sat\u0131\u015f, mini tasarruf sistemi ve taksit se\u00e7iminin bu yeniliklerin ba\u015f\u0131nda geldi\u011fini anlatt\u0131. Kolo, rekabet nedeniyle verilen d\u00fc\u015f\u00fck tutarl\u0131 kat\u0131l\u0131m paylar\u0131n\u0131n sekt\u00f6re zarar verdi\u011fini belirterek \u2018sa\u011flam tasarrufu\u2019 \u015f\u00f6yle anlatt\u0131: \u201cBu i\u015fi sa\u011flam yapaca\u011f\u0131z. M\u00fc\u015fteri istedi\u011fi konut ya da otomobili ileri tarihli almak isterse normal maliyetle alacak. Ancak erken tarihte almak isterse maliyetleri artacak. Bu sistemle altyap\u0131m\u0131z\u0131 sa\u011flam tutarak g\u00fc\u00e7l\u00fc finansal yap\u0131m\u0131z\u0131 koruyaca\u011f\u0131z. S\u00fcrd\u00fcr\u00fclebilir bir sistemle yolumuza sa\u011flam ad\u0131mlarla devam edece\u011fiz.\u201d<\/div>\n<div><\/div>\n<div><strong>Vak\u0131fevim\u2019in sekt\u00f6rde dengeleri de\u011fi\u015ftirecek yenilikleri ise \u015f\u00f6yle:<\/strong><\/div>\n<div><strong>\u00a0<\/strong><\/div>\n<div><strong>Kat\u0131l\u0131m Bedeli \u0130adesi<\/strong><strong>:\u00a0<\/strong>Sekt\u00f6rde ilk kez kat\u0131l\u0131m bedeli iadesini Vak\u0131fevim sunacak. Bu bedel sadece sistemde kal\u0131nd\u0131\u011f\u0131 s\u00fcre boyunca al\u0131nacak. M\u00fc\u015fteri \u00e7\u0131kmak isterse masraflar\u0131 hari\u00e7 tutularak iadesi yap\u0131lacak.<\/div>\n<div><strong>\u00a0<\/strong><\/div>\n<div><strong>Taksit Art\u0131\u015f\u0131na M\u00fc\u015fteri Karar Verecek<\/strong><strong>:\u00a0<\/strong>Taksit art\u0131\u015flar\u0131 m\u00fc\u015fteri teslimat\u0131n\u0131 ald\u0131\u011f\u0131nda de\u011fil kendi belirleyece\u011fi tarihte olacak. Sekt\u00f6rde ilk kez sunulan bu hizmetle kat\u0131l\u0131mc\u0131lara taksit tutar\u0131yla ilgili bir \u00f6zg\u00fcrl\u00fck tan\u0131nacak.<\/div>\n<div><strong>\u00a0<\/strong><\/div>\n<div><strong>Mini Tasarruf Sistemi<\/strong><strong>:\u00a0<\/strong>Sekt\u00f6rde ilk kez sunulan hizmetle kat\u0131l\u0131mc\u0131lar 5.000 TL\u2019ye kadar tutarlar i\u00e7in sisteme girebilecek. S\u00f6zle\u015fmeden sonraki ay istedi\u011fi tutar\u0131 alarak sa\u011fl\u0131k, e\u011fitim veya \u00f6zel ihtiya\u00e7lar\u0131n\u0131 kar\u015f\u0131layabilecek. Kat\u0131l\u0131mc\u0131lar geri \u00f6demesini ise 12 ayl\u0131k e\u015fit taksitle yapabilecek.<\/div>\n<div><\/div>\n<div><strong>\u00a0<\/strong><\/div>\n<div><strong>Murabaha Y\u00f6ntemiyle Sat\u0131\u015f<\/strong><strong>:\u00a0<\/strong>Sekt\u00f6rde hi\u00e7bir kurumda uygulanmayan murabaha y\u00f6ntemiyle (pe\u015fin al\u0131m, vadeli sat\u0131\u015f) al\u0131m-sat\u0131mlar ger\u00e7ekle\u015ftirilecek.<\/div>\n<div><\/div>\n<div><strong>\u00a0<\/strong><\/div>\n<div><strong>Hedef 10 bin kat\u0131l\u0131mc\u0131<\/strong><\/div>\n<div>Serdar Kolo, 2020 i\u00e7in 10 bin kat\u0131l\u0131mc\u0131 hedeflediklerini anlatt\u0131. T\u00fcm T\u00fcrkiye\u2019deki 41 \u015fube ile 5 binden fazla konut, otomobil ve di\u011fer ihtiya\u00e7larla ilgili s\u00f6zle\u015fmeye imza atacaklar\u0131n\u0131 belirtti. Bu rakamlarla Vak\u0131fevim\u2019in en b\u00fcy\u00fck 5 tasarrufa dayal\u0131 konut ve ara\u00e7 edindirme kurumundan biri olaca\u011f\u0131n\u0131 ifade etti.<\/div>\n<div><\/div>\n<div>Y\u00fczde 100 T\u00fcrkiye sermayeli bir \u015firket olan Vak\u0131fevim\u2019in birikimini \u00fclkeye yat\u0131r\u0131m olarak kazand\u0131raca\u011f\u0131n\u0131 s\u00f6yleyen Kolo, \u201c\u015eartlar ne olursa olsun \u00fclkemize yat\u0131r\u0131m yapmaktan vazge\u00e7medik, vazge\u00e7miyoruz. \u00dclkemizin yat\u0131r\u0131ma en \u00e7ok ihtiya\u00e7 duydu\u011fu \u015fu g\u00fcnlerde elimizi ta\u015f\u0131n alt\u0131na koymaktan asla \u00e7ekinmedik, \u00e7ekinmiyoruz. Yat\u0131r\u0131mlar\u0131m\u0131z birka\u00e7 b\u00fcy\u00fck ili de\u011fil t\u00fcm T\u00fcrkiye&#8217;yi kaps\u0131yor. Enerjimizi kamu kurumlar\u0131 ile i\u015fbirli\u011fi i\u00e7erisinde hem sekt\u00f6r\u00fcm\u00fcz\u00fcn hem de \u00fclke ekonomimizin geli\u015fimi i\u00e7in kullanmaya devam ediyoruz\u201d dedi.<\/div>\n<div><strong>\u00a0<\/strong><\/div>\n<div><strong>25 milyar dolarl\u0131k dev bir sekt\u00f6r\u00a0<\/strong><\/div>\n<div><\/div>\n<div>Faizsiz konut ve ara\u00e7 edindirme sisteminde sekt\u00f6r\u00fcn b\u00fcy\u00fckl\u00fc\u011f\u00fc y\u0131ll\u0131k 25 milyar TL\u2019ye ula\u015ft\u0131. 2019 y\u0131l\u0131 sekt\u00f6r\u00fcn b\u00fcy\u00fcmesinde en verimli y\u0131llardan biri oldu. \u00d6zellikle y\u00fcksek faizler nedeniyle sekt\u00f6r y\u00fczde 120 b\u00fcy\u00fcd\u00fc. 2020 y\u0131l\u0131nda ise y\u00fczde 50 b\u00fcy\u00fcmesi bekleniyor. 5 bin ki\u015fiye istihdam sa\u011flayan ve 700 \u015fubeye ula\u015fan sistemle kat\u0131l\u0131mc\u0131lar son 1 y\u0131lda 40 bine yak\u0131n konut ve otomobil sat\u0131n ald\u0131.<\/div>\n<div><\/div>\n<div><strong><i><u>\u00a0<\/u><\/i><\/strong><\/div>\n<div><strong><i><u>Vak\u0131fevim hakk\u0131nda:<\/u><\/i><\/strong><\/div>\n<div><i>T\u00fcrkiye\u2019nin en yenilik\u00e7i tasarrufa dayal\u0131 konut ve ara\u00e7 edindirme kurumu olan Vak\u0131fevim, b\u00fcy\u00fck veya k\u00fc\u00e7\u00fck tasarruflar\u0131n birle\u015fmesini te\u015fvik etmek ve ekonomiye de\u011fer kazand\u0131rma ilkesiyle faaliyetlerini s\u00fcrd\u00fcr\u00fcyor. Hayallerindeki ev ve otomobile kredi kullanmadan tamamen faizsiz \u015fekilde kavu\u015fmak isteyen kat\u0131l\u0131mc\u0131lara avantajl\u0131 se\u00e7enekler sunan Vak\u0131fevim, sekt\u00f6rde ilk kez k\u00fc\u00e7\u00fck ihtiya\u00e7lar i\u00e7in mini tasarruf hizmeti de veriyor. T\u00fcm T\u00fcrkiye\u2019de 41 \u015fube ile faaliyet g\u00f6sterecek olan Vak\u0131fevim 10 bin kat\u0131l\u0131mc\u0131ya hayallerini ger\u00e7ekle\u015ftirme f\u0131rsat\u0131 sunacak.\u00a0<\/i><\/div>\n<div><\/div>\n<div><\/div>\n<div><\/div>\n","protected":false},"excerpt":{"rendered":"<p>Y\u0131ll\u0131k 25 milyar TL\u2019lik hacme ula\u015fan faizsiz konut ve ara\u00e7 edindirme sekt\u00f6r\u00fcnde \u2018Sa\u011flam Tasarruf\u2019la birlikte kat\u0131l\u0131m bedeli iadeli d\u00f6nem ba\u015flad\u0131. Sekt\u00f6r\u00fcn en yenilik\u00e7i konut ve ara\u00e7 edindirme \u015firketi Vak\u0131fevim, kat\u0131l\u0131mc\u0131lara sistemden istedi\u011fi zaman ayr\u0131lma \u00f6zg\u00fcrl\u00fc\u011f\u00fc tan\u0131rken k\u00fc\u00e7\u00fck ihtiya\u00e7lar i\u00e7in 5 bin liraya kadar mini tasarruf imkan\u0131 sunuyor. Vak\u0131fevim konut, otomobil ve mini ihtiya\u00e7lar i\u00e7in sundu\u011fu [&hellip;]<\/p>\n","protected":false},"author":1,"featured_media":30031,"comment_status":"open","ping_status":"open","sticky":false,"template":"","format":"standard","meta":{"ngg_post_thumbnail":0},"categories":[5388],"tags":[62,13666,13927,13475,13925,13926,3197,13924],"_links":{"self":[{"href":"https:\/\/emlaktuel.com\/index.php?rest_route=\/wp\/v2\/posts\/30030"}],"collection":[{"href":"https:\/\/emlaktuel.com\/index.php?rest_route=\/wp\/v2\/posts"}],"about":[{"href":"https:\/\/emlaktuel.com\/index.php?rest_route=\/wp\/v2\/types\/post"}],"author":[{"embeddable":true,"href":"https:\/\/emlaktuel.com\/index.php?rest_route=\/wp\/v2\/users\/1"}],"replies":[{"embeddable":true,"href":"https:\/\/emlaktuel.com\/index.php?rest_route=%2Fwp%2Fv2%2Fcomments&post=30030"}],"version-history":[{"count":1,"href":"https:\/\/emlaktuel.com\/index.php?rest_route=\/wp\/v2\/posts\/30030\/revisions"}],"predecessor-version":[{"id":30033,"href":"https:\/\/emlaktuel.com\/index.php?rest_route=\/wp\/v2\/posts\/30030\/revisions\/30033"}],"wp:featuredmedia":[{"embeddable":true,"href":"https:\/\/emlaktuel.com\/index.php?rest_route=\/wp\/v2\/media\/30031"}],"wp:attachment":[{"href":"https:\/\/emlaktuel.com\/index.php?rest_route=%2Fwp%2Fv2%2Fmedia&parent=30030"}],"wp:term":[{"taxonomy":"category","embeddable":true,"href":"https:\/\/emlaktuel.com\/index.php?rest_route=%2Fwp%2Fv2%2Fcategories&post=30030"},{"taxonomy":"post_tag","embeddable":true,"href":"https:\/\/emlaktuel.com\/index.php?rest_route=%2Fwp%2Fv2%2Ftags&post=30030"}],"curies":[{"name":"wp","href":"https:\/\/api.w.org\/{rel}","templated":true}]}}