{"id":29954,"date":"2019-10-25T10:52:09","date_gmt":"2019-10-25T07:52:09","guid":{"rendered":"https:\/\/emlaktuel.com\/?p=29954"},"modified":"2019-10-25T10:52:09","modified_gmt":"2019-10-25T07:52:09","slug":"fuzulev1453-engelliler-spor-kulubunun-isim-sponsoru-oldu","status":"publish","type":"post","link":"https:\/\/emlaktuel.com\/?p=29954","title":{"rendered":"FuzulEv,1453 Engelliler Spor Kul\u00fcb\u00fc\u2019n\u00fcn isim sponsoru oldu"},"content":{"rendered":"<h3>T\u00fcrk sporuna deste\u011fini s\u00fcrd\u00fcren FuzulEv, Tekerlekli Sandalye Basketbol B\u00f6lgesel Ligi&#8217;nde m\u00fccadele eden 1453 Engelliler Spor Kul\u00fcb\u00fc\u2019n\u00fcn isim sponsoru oldu. Anla\u015fmaya g\u00f6re; FuzulEv, 1453 Engelliler Spor Kul\u00fcb\u00fc Basketbol Tak\u0131m\u0131&#8217;n\u0131n 1 y\u0131l boyunca isim sponsorlu\u011funu \u00fcstlenecek.<\/h3>\n<p>T\u00fcrkiye\u2019de tasarrufa dayal\u0131 faizsiz ev alma sisteminin \u00f6nc\u00fc firmas\u0131 olan FuzulEv, T\u00fcrk sporuna olan deste\u011fini s\u00fcrd\u00fcr\u00fcyor. Bu kapsamda \u00e7al\u0131\u015fmalar\u0131na h\u0131z kesmeden devam eden FuzulEv, Tekerlekli Sandalye Basketbol B\u00f6lgesel Ligi ekiplerinden 1453 Engelliler Spor Kul\u00fcb\u00fc ile 2019-2020 sezonu i\u00e7in sponsorluk anla\u015fmas\u0131 imzalad\u0131.<\/p>\n<p>Anla\u015fmaya g\u00f6re mavi beyazl\u0131 tak\u0131m bir y\u0131l boyunca Tekerlekli Sandalye Basketbol B\u00f6lgesel Ligi\u2019nde \u2018\u2019FuzulEv 1453 Engelliler Spor Kul\u00fcb\u00fc\u2019\u2019 ad\u0131yla m\u00fccadele edecek. FuzulEv Y\u00f6netim Kurulu Ba\u015fkan\u0131 Ey\u00fcp Akbal ile 1453 Engelliler Spor Kul\u00fcb\u00fc Ba\u015fkan\u0131 Say\u0131n Cemal \u00d6z\u00e7elik\u2019in ve Fuzul Grup y\u00f6neticilerinin kat\u0131l\u0131m\u0131yla ger\u00e7ekle\u015ftirilen imza t\u00f6reninde a\u00e7\u0131l\u0131\u015f konu\u015fmas\u0131 yapan FuzulEv Y\u00f6netim Kurulu Ba\u015fkan\u0131 Ey\u00fcp Akbal, \u2019Kuruldu\u011fumuz g\u00fcnden bu yana Fuzul Grup olarak toplumsal ya\u015fam\u0131n geli\u015fimine katk\u0131 sa\u011flama sorumlulu\u011fuyla \u00e7al\u0131\u015fmalar\u0131m\u0131z\u0131 s\u00fcrd\u00fcr\u00fcyoruz. Bu \u00e7er\u00e7evede, ba\u015fta basketbol olmak \u00fczere, hepimizi ayn\u0131 co\u015fku ve heyecan \u00e7emberine alan sporun \u00e7e\u015fitli dallar\u0131na ve sporculara destek oluyoruz. 2017 y\u0131l\u0131ndan bu yana 1453 Engelliler Spor Kul\u00fcb\u00fc\u2019n\u00fc destekliyoruz. Kul\u00fcb\u00fcn sponsorlu\u011funu ilk kez \u00fcstlendi\u011fimizde kamuoyunun engelli sporlar\u0131n\u0131 daha fazla desteklemesini ve \u2018\u2019Tekerlekli Sandalye Basketbol B\u00f6lgesel Ligi\u2019\u2019nden daha fazla haberdar olmas\u0131n\u0131 hedefledik.1453 Engelliler Spor Kul\u00fcb\u00fc ile olan i\u015f birli\u011fimiz bizim i\u00e7in \u00e7ok de\u011ferli ve anlaml\u0131. Umut ediyorum ki \u00f6n\u00fcm\u00fczdeki d\u00f6nemde bu bran\u015f dal\u0131na kamuoyunun daha fazla ilgisini \u00e7ekip bir fark\u0131ndal\u0131k yaratmay\u0131 ba\u015faraca\u011f\u0131z\u2019 \u2019dedi.<\/p>\n<p>T\u00fcrk sporunu desteklemekten gurur ve mutluluk duyduklar\u0131n\u0131 ifade eden Akbal, \u2018\u2019FuzulEv 1453 Engelliler Spor Kul\u00fcb\u00fc\u2019n\u00fcn \u00e7ok ba\u015far\u0131l\u0131 bir sezon ge\u00e7irece\u011fine inan\u0131yorum. Y\u00f6netimimize ve sporcular\u0131m\u0131za ba\u015far\u0131lar diliyorum. Burada herkesin huzurunda her zaman yanlar\u0131nda olaca\u011f\u0131m\u0131z\u0131n s\u00f6z\u00fcn\u00fc veriyorum\u201d \u015feklinde konu\u015ftu.<\/p>\n<p>Yap\u0131lan anla\u015fmadan duydu\u011fu memnuniyeti dile getiren 1453 Engelliler Spor Kul\u00fcb\u00fc Ba\u015fkan\u0131 Say\u0131n Cemal \u00d6z\u00e7elik ise,\u2019\u2019 Bug\u00fcn bizim i\u00e7in de \u00e7ok anlaml\u0131 bir g\u00fcn. Kuruldu\u011fumuz g\u00fcnden bu yana kul\u00fcb\u00fcm\u00fcz\u00fc destekleyen FuzulEv\u2019e ve Y\u00f6netim Kurulu Ba\u015fkan\u0131m\u0131z Say\u0131n Ey\u00fcp Akbal\u2019a te\u015fekk\u00fcrlerimi sunuyorum. Ge\u00e7en y\u0131l yaln\u0131zca tek bir ma\u011flubiyetle ligi bitirmeyi ba\u015fard\u0131k, bu sezonu ise FuzulEv\u2019in de de\u011ferli deste\u011fiyle nama\u011flup kapatarak \u015fampiyon olmay\u0131 ve 1. lige \u00e7\u0131kmay\u0131 hedefliyoruz.\u2019\u2019 ifadelerini kulland\u0131.<\/p>\n","protected":false},"excerpt":{"rendered":"<p>T\u00fcrk sporuna deste\u011fini s\u00fcrd\u00fcren FuzulEv, Tekerlekli Sandalye Basketbol B\u00f6lgesel Ligi&#8217;nde m\u00fccadele eden 1453 Engelliler Spor Kul\u00fcb\u00fc\u2019n\u00fcn isim sponsoru oldu. Anla\u015fmaya g\u00f6re; FuzulEv, 1453 Engelliler Spor Kul\u00fcb\u00fc Basketbol Tak\u0131m\u0131&#8217;n\u0131n 1 y\u0131l boyunca isim sponsorlu\u011funu \u00fcstlenecek. T\u00fcrkiye\u2019de tasarrufa dayal\u0131 faizsiz ev alma sisteminin \u00f6nc\u00fc firmas\u0131 olan FuzulEv, T\u00fcrk sporuna olan deste\u011fini s\u00fcrd\u00fcr\u00fcyor. Bu kapsamda \u00e7al\u0131\u015fmalar\u0131na h\u0131z kesmeden [&hellip;]<\/p>\n","protected":false},"author":1,"featured_media":29955,"comment_status":"open","ping_status":"open","sticky":false,"template":"","format":"standard","meta":{"ngg_post_thumbnail":0},"categories":[5388],"tags":[11970,13476],"_links":{"self":[{"href":"https:\/\/emlaktuel.com\/index.php?rest_route=\/wp\/v2\/posts\/29954"}],"collection":[{"href":"https:\/\/emlaktuel.com\/index.php?rest_route=\/wp\/v2\/posts"}],"about":[{"href":"https:\/\/emlaktuel.com\/index.php?rest_route=\/wp\/v2\/types\/post"}],"author":[{"embeddable":true,"href":"https:\/\/emlaktuel.com\/index.php?rest_route=\/wp\/v2\/users\/1"}],"replies":[{"embeddable":true,"href":"https:\/\/emlaktuel.com\/index.php?rest_route=%2Fwp%2Fv2%2Fcomments&post=29954"}],"version-history":[{"count":1,"href":"https:\/\/emlaktuel.com\/index.php?rest_route=\/wp\/v2\/posts\/29954\/revisions"}],"predecessor-version":[{"id":29956,"href":"https:\/\/emlaktuel.com\/index.php?rest_route=\/wp\/v2\/posts\/29954\/revisions\/29956"}],"wp:featuredmedia":[{"embeddable":true,"href":"https:\/\/emlaktuel.com\/index.php?rest_route=\/wp\/v2\/media\/29955"}],"wp:attachment":[{"href":"https:\/\/emlaktuel.com\/index.php?rest_route=%2Fwp%2Fv2%2Fmedia&parent=29954"}],"wp:term":[{"taxonomy":"category","embeddable":true,"href":"https:\/\/emlaktuel.com\/index.php?rest_route=%2Fwp%2Fv2%2Fcategories&post=29954"},{"taxonomy":"post_tag","embeddable":true,"href":"https:\/\/emlaktuel.com\/index.php?rest_route=%2Fwp%2Fv2%2Ftags&post=29954"}],"curies":[{"name":"wp","href":"https:\/\/api.w.org\/{rel}","templated":true}]}}