{"id":29947,"date":"2019-10-25T09:56:40","date_gmt":"2019-10-25T06:56:40","guid":{"rendered":"https:\/\/emlaktuel.com\/?p=29947"},"modified":"2019-10-25T09:56:40","modified_gmt":"2019-10-25T06:56:40","slug":"peli-ihracat-payini-yuzde-50-arttirdi","status":"publish","type":"post","link":"https:\/\/emlaktuel.com\/?p=29947","title":{"rendered":"Peli ihracat pay\u0131n\u0131 y\u00fczde 50 artt\u0131rd\u0131"},"content":{"rendered":"<p><strong>Sekt\u00f6r \u00f6nc\u00fclerinin, yeni tasar\u0131mlar\u0131n, d\u00fcnya markalar\u0131n\u0131n bulu\u015ftu\u011fu \u0130ntermob Fuar\u0131 12-16 Ekim 2019 tarihleri aras\u0131nda T\u00dcYAP\u2019ta ger\u00e7ekle\u015fti. Ev dekorasyon markas\u0131 olan PEL\u0130,\u00a0<\/strong><strong>parke, laminant parke, kap\u0131, duvar ka\u011f\u0131d\u0131, dolap ve mutfak dolaplar\u0131na y\u00f6nelik t\u00fcm yenilikleriyle fuarda tam not ald\u0131.<\/strong><\/p>\n<p>Ah\u015fap, orman \u00fcr\u00fcnleri ve teknolojileri sekt\u00f6r\u00fcn\u00fcn en son tasar\u0131mlar\u0131n\u0131n, trendlerinin yan\u0131 s\u0131ra mobilya yan sanayi firmalar\u0131n\u0131n \u00fcr\u00fcn ve hizmetlerinin sergilendi\u011fi \u0130NTERMOB\u2019a kat\u0131lan Turanlar Grup markas\u0131 PEL\u0130, fuarda yeniliklerini tan\u0131tt\u0131. 12-16 Ekim tarihleri aras\u0131nda T\u00fcyap Kongre Merkezi\u2019nde d\u00fczenlenen fuar yerli ve yabanc\u0131 ziyaret\u00e7i a\u00e7\u0131s\u0131ndan etkili bir pazarlama alt yap\u0131s\u0131 olu\u015fturuyor.<\/p>\n<p>Fuarda yap\u0131 ve mobilya sekt\u00f6r\u00fcne, ev dekorasyonuna y\u00f6nelik \u00fcr\u00fcn gruplar\u0131yla yer alan Turanlar Grup, en yeni teknoloji ile \u00fcretti\u011fi \u00fcr\u00fcnleri sekt\u00f6r profesyonelleri ve nihai t\u00fcketicilerle bulu\u015fturdu.<\/p>\n<p><strong>PEL\u0130\u2019DEN \u0130HRACAT ATA\u011eI<\/strong><\/p>\n<p>4 g\u00fcn s\u00fcren fuarla ilgili konu\u015fan Turanlar Grup Y\u00f6netim Kurulu \u00dcyesi ve Vezirk\u00f6pr\u00fc Orman \u00dcr\u00fcnleri Genel M\u00fcd\u00fcr\u00fc Murat Turan kurumla ilgili \u2018\u2019PEL\u0130 bir ev dekorasyon markas\u0131d\u0131r. Bu markadaki ana \u00fcr\u00fcnler parke, laminant parke, kap\u0131, duvar ka\u011f\u0131d\u0131, dolap, mutfak dolaplar\u0131, vestiyerlerdir. T\u00fcm bu \u00fcr\u00fcn yelpazesiyle birlikte PEL\u0130\u2019nin b\u00fct\u00fcnsel bak\u0131\u015f a\u00e7\u0131s\u0131 \u00f6zellikle mimarlar taraf\u0131ndan tercih edilen bir konsept. PEL\u0130 bu anlay\u0131\u015fla sekt\u00f6rde olmayan\u0131 sunuyor. \u00dcr\u00fcn ve hizmetlerimizin sekt\u00f6re farkl\u0131 bir tarz getirdi\u011fine inan\u0131yoruz. Ev dekorasyon markas\u0131 olarak ihtiyaca en \u00fcst seviyede hizmet vermeyi ama\u00e7layarak \u00fcr\u00fcn geli\u015ftiren bir markay\u0131z\u2019\u2019 dedi.<\/p>\n<p>T\u00fcrkiye\u2019de \u00fcretilen toplam parkenin %20\u2019sini \u00fcreten PEL\u0130, ihracat oran\u0131n\u0131 da %30 a \u00e7\u0131kard\u0131\u011f\u0131n\u0131 a\u00e7\u0131klad\u0131. 2018 y\u0131l\u0131nda %20 ihracat pay\u0131 olan PEL\u0130, bu y\u0131l ihracata y\u00f6nelik yapt\u0131\u011f\u0131 at\u0131l\u0131mlarla bu oran\u0131 %30\u2019a \u00e7\u0131kard\u0131. \u0130ntermob Fuar\u0131\u2019nda ihracat y\u00f6n\u00fcnden de olduk\u00e7a verimli anla\u015fmalara imza atan PEL\u0130, \u00f6n\u00fcm\u00fczdeki d\u00f6nem ihracat pay\u0131n\u0131 daha da yukar\u0131ya \u00e7ekmeyi hedefliyor.<\/p>\n<p><strong>PEL\u0130, FUARDA YABANCI YATIRIMCILARIN D\u0130KKAT\u0130N\u0130 \u00c7EKT\u0130<\/strong><\/p>\n<p>PEL\u0130 yeni tasar\u0131mlar\u0131n\u0131 lanse etti\u011fi fuarda, 7\u2019nci holde 721\/A no\u2019lu stantta 260 m2\u2019lik alanda yerini ald\u0131.<\/p>\n<p>Turanlar Grup Y\u00f6netim Kurulu Ba\u015fkan\u0131 Fuat Turan, Y\u00f6netim Kurulu \u00dcyeleri Murat Turan, Meltem Turan\u2019\u0131n yan\u0131 s\u0131ra t\u00fcm y\u00f6netim kadrosunun yer ald\u0131\u011f\u0131 fuar\u0131, Vezirk\u00f6pr\u00fc Orman \u00dcr\u00fcnleri \u00e7al\u0131\u015fanlar\u0131 ve grubun t\u00fcm bayileri de ziyaret etti.<\/p>\n","protected":false},"excerpt":{"rendered":"<p>Sekt\u00f6r \u00f6nc\u00fclerinin, yeni tasar\u0131mlar\u0131n, d\u00fcnya markalar\u0131n\u0131n bulu\u015ftu\u011fu \u0130ntermob Fuar\u0131 12-16 Ekim 2019 tarihleri aras\u0131nda T\u00dcYAP\u2019ta ger\u00e7ekle\u015fti. Ev dekorasyon markas\u0131 olan PEL\u0130,\u00a0parke, laminant parke, kap\u0131, duvar ka\u011f\u0131d\u0131, dolap ve mutfak dolaplar\u0131na y\u00f6nelik t\u00fcm yenilikleriyle fuarda tam not ald\u0131. Ah\u015fap, orman \u00fcr\u00fcnleri ve teknolojileri sekt\u00f6r\u00fcn\u00fcn en son tasar\u0131mlar\u0131n\u0131n, trendlerinin yan\u0131 s\u0131ra mobilya yan sanayi firmalar\u0131n\u0131n \u00fcr\u00fcn ve [&hellip;]<\/p>\n","protected":false},"author":1,"featured_media":20455,"comment_status":"open","ping_status":"open","sticky":false,"template":"","format":"standard","meta":{"ngg_post_thumbnail":0},"categories":[26],"tags":[7386],"_links":{"self":[{"href":"https:\/\/emlaktuel.com\/index.php?rest_route=\/wp\/v2\/posts\/29947"}],"collection":[{"href":"https:\/\/emlaktuel.com\/index.php?rest_route=\/wp\/v2\/posts"}],"about":[{"href":"https:\/\/emlaktuel.com\/index.php?rest_route=\/wp\/v2\/types\/post"}],"author":[{"embeddable":true,"href":"https:\/\/emlaktuel.com\/index.php?rest_route=\/wp\/v2\/users\/1"}],"replies":[{"embeddable":true,"href":"https:\/\/emlaktuel.com\/index.php?rest_route=%2Fwp%2Fv2%2Fcomments&post=29947"}],"version-history":[{"count":1,"href":"https:\/\/emlaktuel.com\/index.php?rest_route=\/wp\/v2\/posts\/29947\/revisions"}],"predecessor-version":[{"id":29948,"href":"https:\/\/emlaktuel.com\/index.php?rest_route=\/wp\/v2\/posts\/29947\/revisions\/29948"}],"wp:featuredmedia":[{"embeddable":true,"href":"https:\/\/emlaktuel.com\/index.php?rest_route=\/wp\/v2\/media\/20455"}],"wp:attachment":[{"href":"https:\/\/emlaktuel.com\/index.php?rest_route=%2Fwp%2Fv2%2Fmedia&parent=29947"}],"wp:term":[{"taxonomy":"category","embeddable":true,"href":"https:\/\/emlaktuel.com\/index.php?rest_route=%2Fwp%2Fv2%2Fcategories&post=29947"},{"taxonomy":"post_tag","embeddable":true,"href":"https:\/\/emlaktuel.com\/index.php?rest_route=%2Fwp%2Fv2%2Ftags&post=29947"}],"curies":[{"name":"wp","href":"https:\/\/api.w.org\/{rel}","templated":true}]}}