{"id":29930,"date":"2019-10-23T13:38:24","date_gmt":"2019-10-23T10:38:24","guid":{"rendered":"https:\/\/emlaktuel.com\/?p=29930"},"modified":"2019-10-23T13:38:24","modified_gmt":"2019-10-23T10:38:24","slug":"29930","status":"publish","type":"post","link":"https:\/\/emlaktuel.com\/?p=29930","title":{"rendered":""},"content":{"rendered":"<p>Konut almak isteyenlere kritik uyar\u0131 geldi. Elinizi \u00e7abuk tutun \u00e7\u00fcnk\u00fc in\u015faat maliyetleri s\u00fcrekli y\u00fckselmeye devam ederken konutlar\u0131n fiyatlar\u0131 da merak konusu olmaya ba\u015flad\u0131. Konut almay\u0131 istiyorum diyen herkese kritik uyar\u0131 geldi. Konut alman\u0131n art\u0131k tam zaman\u0131, yak\u0131n d\u00f6nemde konut fiyatlar\u0131 \u00e7ok h\u0131zl\u0131 bir \u015fekilde y\u00fckselecek!<\/p>\n<p>Konut sekt\u00f6r\u00fc temsilcileri ileriki d\u00f6nem i\u00e7in beklentilerini payla\u015ft\u0131. Konut sat\u0131n almak isteyenlere zam uyar\u0131s\u0131 yap\u0131l\u0131rken ev fiyatlar\u0131na \u00f6n\u00fcm\u00fczdeki yak\u0131n d\u00f6nemde y\u00fczde 40 ile y\u00fczde 50 aras\u0131nda zam gelebilece\u011fi belirtildi.<\/p>\n<h2>Konut Fiyatlar\u0131na Zamm\u0131 Gelecek?<\/h2>\n<p>Konut fiyatlar\u0131na zam konusunda a\u00e7\u0131klamada bulunan\u00a0G\u00f6zde Grubu Y\u00f6n. Kur. B\u015fk. Op. Dr. Kenan Kal\u0131 yapm\u0131\u015f oldu\u011fu de\u011ferlendirmede konut fiyatlar\u0131na zamm\u0131n ka\u00e7\u0131n\u0131lmaz oldu\u011funu s\u00f6ylerek\u00a0\u201cYat\u0131r\u0131mc\u0131lar, bankadaki paras\u0131n\u0131n fazla bir getirisi olmad\u0131\u011f\u0131n\u0131 g\u00f6r\u00fcnce konut yat\u0131rm\u0131na y\u00f6neldiler. 2 senedir konut fiyatlar\u0131 zam g\u00f6rmeyen sekt\u00f6rde son aylarda bir sat\u0131\u015f patlamas\u0131 ya\u015fand\u0131. Fakat bu s\u00fcre\u00e7 uzun s\u00fcrmeyecek. Konuta talebin artmas\u0131 ile ve bitmi\u015f konutlar\u0131n sat\u0131lmas\u0131 ile birlikte \u00f6n\u00fcm\u00fczde 3 ayl\u0131k bir zaman dilimi ard\u0131ndan fiyatlar yakla\u015f\u0131k y\u00fczde 40 ila 50 oran\u0131nda artacak. Yat\u0131r\u0131m olarak Buca ve \u00c7i\u011fli \u00f6nemli konumda. Tavsiyem, ev almak isteyen ki\u015filer \u00e7ok iyi analiz edip, 3 ay i\u00e7erisinde karar versinler. Bu saatten sonra da fiyatlar\u0131n d\u00fc\u015fece\u011fini beklemesinler. Aksine h\u0131zla y\u00fckselecek bir d\u00f6neme giriyoruz\u201d diyerek zam uyar\u0131s\u0131 yapt\u0131.\u00a0 Tanyer Yap\u0131 Genel Koordinat\u00f6r\u00fc Taylan Tanyer ise yapm\u0131\u015f oldu\u011fu de\u011ferlendirmesinde \u201cBu bekleyi\u015fin ard\u0131ndan gerek konut kredisi ve mevduat faizlerindeki d\u00fc\u015f\u00fc\u015f gerekse d\u00f6vizin de\u011ferlenmemesi yat\u0131r\u0131mc\u0131y\u0131 harekete ge\u00e7irdi. Vatanda\u015flar\u0131m\u0131z \u00f6n\u00fcm\u00fczdeki 3-4 ayl\u0131k s\u00fcreyi iyi de\u011ferlendirmeli ve faizlerin daha fazla d\u00fc\u015fmeyece\u011fini de g\u00f6z \u00f6n\u00fcne alarak al\u0131m yapmal\u0131\u201d diye konu\u015ftu. Ev fiyatlar\u0131na zam gelece\u011fi konusu belirtilirken konut almay\u0131 isteyenlere beklemede kalmadan hemen al\u0131ma y\u00f6nelmeleri tavsiye edildi.<\/p>\n","protected":false},"excerpt":{"rendered":"<p>Konut almak isteyenlere kritik uyar\u0131 geldi. Elinizi \u00e7abuk tutun \u00e7\u00fcnk\u00fc in\u015faat maliyetleri s\u00fcrekli y\u00fckselmeye devam ederken konutlar\u0131n fiyatlar\u0131 da merak konusu olmaya ba\u015flad\u0131. Konut almay\u0131 istiyorum diyen herkese kritik uyar\u0131 geldi. Konut alman\u0131n art\u0131k tam zaman\u0131, yak\u0131n d\u00f6nemde konut fiyatlar\u0131 \u00e7ok h\u0131zl\u0131 bir \u015fekilde y\u00fckselecek! Konut sekt\u00f6r\u00fc temsilcileri ileriki d\u00f6nem i\u00e7in beklentilerini payla\u015ft\u0131. Konut sat\u0131n [&hellip;]<\/p>\n","protected":false},"author":1,"featured_media":29931,"comment_status":"open","ping_status":"open","sticky":false,"template":"","format":"standard","meta":{"ngg_post_thumbnail":0},"categories":[5388],"tags":[972,13899,3514,10999],"_links":{"self":[{"href":"https:\/\/emlaktuel.com\/index.php?rest_route=\/wp\/v2\/posts\/29930"}],"collection":[{"href":"https:\/\/emlaktuel.com\/index.php?rest_route=\/wp\/v2\/posts"}],"about":[{"href":"https:\/\/emlaktuel.com\/index.php?rest_route=\/wp\/v2\/types\/post"}],"author":[{"embeddable":true,"href":"https:\/\/emlaktuel.com\/index.php?rest_route=\/wp\/v2\/users\/1"}],"replies":[{"embeddable":true,"href":"https:\/\/emlaktuel.com\/index.php?rest_route=%2Fwp%2Fv2%2Fcomments&post=29930"}],"version-history":[{"count":1,"href":"https:\/\/emlaktuel.com\/index.php?rest_route=\/wp\/v2\/posts\/29930\/revisions"}],"predecessor-version":[{"id":29932,"href":"https:\/\/emlaktuel.com\/index.php?rest_route=\/wp\/v2\/posts\/29930\/revisions\/29932"}],"wp:featuredmedia":[{"embeddable":true,"href":"https:\/\/emlaktuel.com\/index.php?rest_route=\/wp\/v2\/media\/29931"}],"wp:attachment":[{"href":"https:\/\/emlaktuel.com\/index.php?rest_route=%2Fwp%2Fv2%2Fmedia&parent=29930"}],"wp:term":[{"taxonomy":"category","embeddable":true,"href":"https:\/\/emlaktuel.com\/index.php?rest_route=%2Fwp%2Fv2%2Fcategories&post=29930"},{"taxonomy":"post_tag","embeddable":true,"href":"https:\/\/emlaktuel.com\/index.php?rest_route=%2Fwp%2Fv2%2Ftags&post=29930"}],"curies":[{"name":"wp","href":"https:\/\/api.w.org\/{rel}","templated":true}]}}