{"id":29856,"date":"2019-10-21T11:52:03","date_gmt":"2019-10-21T08:52:03","guid":{"rendered":"https:\/\/emlaktuel.com\/?p=29856"},"modified":"2019-10-21T11:52:03","modified_gmt":"2019-10-21T08:52:03","slug":"29-ekimde-sehirden-kacis-icin-7-oneri","status":"publish","type":"post","link":"https:\/\/emlaktuel.com\/?p=29856","title":{"rendered":"29 Ekim\u2019de \u015eehirden Ka\u00e7\u0131\u015f i\u00e7in 7 \u00d6neri"},"content":{"rendered":"<p><strong>2019 y\u0131l\u0131nda sal\u0131 g\u00fcn\u00fcne denk gelen 29 Ekim, bir\u00e7ok ki\u015fi i\u00e7in Pazartesi g\u00fcn\u00fcn\u00fc de izin al\u0131p 4 g\u00fcnl\u00fck tatil yapmak anlam\u0131na geliyor. Peki 29 Ekim tatilini nas\u0131l de\u011ferlendirebiliriz derseniz\u00a0biletall.com\u00a0son blog yaz\u0131s\u0131nda her zevke uygun \u00f6nerileri s\u0131ralad\u0131.<\/strong><\/p>\n<h2><strong>Salda G\u00f6l\u00fc<\/strong><\/h2>\n<p>Son y\u0131llarda ismini bolca duymaya al\u0131\u015ft\u0131\u011f\u0131m\u0131z Salda G\u00f6l\u00fc, \u015fehirden ka\u00e7\u0131p huzura doyaca\u011f\u0131n\u0131z bir mekan. Salda G\u00f6l\u00fc i\u00e7in bir g\u00fcn ay\u0131rman\u0131z yeterli, bir yere ge\u00e7erken yolda uzun bir mola verip burada vakit ge\u00e7irebilirsiniz. Buna bir alternatif de kamp yaparak Salda G\u00f6l\u00fc\u2019nde birka\u00e7 g\u00fcn ge\u00e7irmek. 29 Ekim tatilinde bu mavi g\u00fczelli\u011fe ka\u00e7arak \u015fehir stresini b\u00fcnyenizden atabilirsiniz.<\/p>\n<h2><strong>Ala\u00e7at\u0131<\/strong><\/h2>\n<p>Sokaklar\u0131nda dola\u015f\u0131rken rengarenk manzaralar\u0131n ruhunuzu e\u011flendirece\u011fi Ala\u00e7at\u0131, \u015fehirden ka\u00e7\u0131\u015f i\u00e7in harika bir durak. Sokaklarda kaybolmak eyleminin en keyiflisi Ala\u00e7at\u0131 sokaklar\u0131nda ger\u00e7ekle\u015fiyor. Bisikletle dola\u015fabilece\u011finiz, adalar\u0131n\u0131 ziyaret edebilece\u011finiz ve yeni lezzetlerle tan\u0131\u015fabilece\u011finiz Alacat\u0131, ekim ay\u0131nda ayr\u0131 g\u00fczel.<\/p>\n<h2><strong>Cunda Adas\u0131<\/strong><\/h2>\n<p>Ala\u00e7at\u0131\u2019y\u0131 g\u00f6rd\u00fcm diyenlere \u00f6nerimiz ise Cunda Adas\u0131. Yaz aylar\u0131n\u0131n kalabal\u0131\u011f\u0131ndan s\u0131yr\u0131l\u0131nca daha g\u00fczel bir hale gelen Cunda, birbirinden farkl\u0131 bir\u00e7ok lezzete sahip. Cunda Adas\u0131 ziyaretinizde deniz \u00fcr\u00fcnleri, kabak \u00e7i\u00e7e\u011fi dolmas\u0131, Cunda\u2019n\u0131n \u00f6zel lokmas\u0131, damla sak\u0131zl\u0131 kahvesi ve kurabiyesini tatmay\u0131 unutmay\u0131n.<\/p>\n<h2><strong>Akyaka<\/strong><\/h2>\n<p>T\u00fcrkiye\u2019nin en sakin \u015fehirleri listesinde yer alan Akyaka, Mu\u011fla, ekim ay\u0131n\u0131n en g\u00fczel tatil destinasyonlar\u0131ndan biri. Azmak Nehri, Akyaka Plaj\u0131, Sedir Adas\u0131 ve De\u011firmen B\u00fck\u00fc Akyaka\u2019da gezebilece\u011finiz yerler aras\u0131nda. Mu\u011fla merkez ve Marmaris de Akyaka\u2019n\u0131n yak\u0131nlar\u0131nda gidebilece\u011finiz yerler aras\u0131nda.<\/p>\n<h2><strong>Kapadokya<\/strong><\/h2>\n<p>Bu kadar deniz kenar\u0131 \u00f6neri yeter, biraz da do\u011fa harikas\u0131 \u00f6nerelim. D\u00fcnyada asl\u0131nda birka\u00e7 yerde kar\u015f\u0131m\u0131za \u00e7\u0131kan peri bacalar\u0131n\u0131n en g\u00fczel hali Kapadokya\u2019da. Times\u2019\u0131n belirledi\u011fi D\u00fcnyan\u0131n Yeni 25 Harikas\u0131 listesinde 5. s\u0131rada olmas\u0131 da bunun kan\u0131t\u0131. Cumhuriyet Bayram\u0131 tatilini bu muhte\u015fem adreste ge\u00e7irebilirsiniz.<\/p>\n<h2><strong>Mardin<\/strong><\/h2>\n<p>29 Ekim tatilini 4 g\u00fcnl\u00fck tatile \u00e7evirseniz bile Mardin\u2019in tamam\u0131n\u0131 gezmeye yetmez asl\u0131nda ama belli ba\u015fl\u0131 yerlerini gezip birbirinden lezzetli yemeklerini tad\u0131p \u00fc\u00e7 d\u00f6rt kilo al\u0131p d\u00f6nmek m\u00fcmk\u00fcn! Mardin Kalesi, Zinciriye Medresesi, Mardin Ulu Cami, Dara Antik Kenti; Mardin gezinize ba\u015flayabilece\u011finiz yerlerden birka\u00e7\u0131 sadece.<\/p>\n<h2><strong>Diyarbak\u0131r<\/strong><\/h2>\n<p>Muhte\u015fem bir \u015fehir ve harika lezzetler! S\u00fcl\u00fckl\u00fc Han, Surlar, Hasan Pa\u015fa Han\u0131, Gazi K\u00f6\u015fk\u00fc, Cahit S\u0131tk\u0131 Taranc\u0131 Evi ve On G\u00f6zl\u00fc K\u00f6pr\u00fc d\u00f6nmeden g\u00f6rmemeniz gereken yerleri aras\u0131nda. 29 Ekim tatilini Diyarbak\u0131r gezisi yaparak dolu dolu ge\u00e7irebilirsiniz<\/p>\n","protected":false},"excerpt":{"rendered":"<p>2019 y\u0131l\u0131nda sal\u0131 g\u00fcn\u00fcne denk gelen 29 Ekim, bir\u00e7ok ki\u015fi i\u00e7in Pazartesi g\u00fcn\u00fcn\u00fc de izin al\u0131p 4 g\u00fcnl\u00fck tatil yapmak anlam\u0131na geliyor. Peki 29 Ekim tatilini nas\u0131l de\u011ferlendirebiliriz derseniz\u00a0biletall.com\u00a0son blog yaz\u0131s\u0131nda her zevke uygun \u00f6nerileri s\u0131ralad\u0131. Salda G\u00f6l\u00fc Son y\u0131llarda ismini bolca duymaya al\u0131\u015ft\u0131\u011f\u0131m\u0131z Salda G\u00f6l\u00fc, \u015fehirden ka\u00e7\u0131p huzura doyaca\u011f\u0131n\u0131z bir mekan. Salda G\u00f6l\u00fc i\u00e7in [&hellip;]<\/p>\n","protected":false},"author":1,"featured_media":29857,"comment_status":"open","ping_status":"open","sticky":false,"template":"","format":"standard","meta":{"ngg_post_thumbnail":0},"categories":[5388],"tags":[12299,13876,152,1553,1532,13875,159],"_links":{"self":[{"href":"https:\/\/emlaktuel.com\/index.php?rest_route=\/wp\/v2\/posts\/29856"}],"collection":[{"href":"https:\/\/emlaktuel.com\/index.php?rest_route=\/wp\/v2\/posts"}],"about":[{"href":"https:\/\/emlaktuel.com\/index.php?rest_route=\/wp\/v2\/types\/post"}],"author":[{"embeddable":true,"href":"https:\/\/emlaktuel.com\/index.php?rest_route=\/wp\/v2\/users\/1"}],"replies":[{"embeddable":true,"href":"https:\/\/emlaktuel.com\/index.php?rest_route=%2Fwp%2Fv2%2Fcomments&post=29856"}],"version-history":[{"count":1,"href":"https:\/\/emlaktuel.com\/index.php?rest_route=\/wp\/v2\/posts\/29856\/revisions"}],"predecessor-version":[{"id":29858,"href":"https:\/\/emlaktuel.com\/index.php?rest_route=\/wp\/v2\/posts\/29856\/revisions\/29858"}],"wp:featuredmedia":[{"embeddable":true,"href":"https:\/\/emlaktuel.com\/index.php?rest_route=\/wp\/v2\/media\/29857"}],"wp:attachment":[{"href":"https:\/\/emlaktuel.com\/index.php?rest_route=%2Fwp%2Fv2%2Fmedia&parent=29856"}],"wp:term":[{"taxonomy":"category","embeddable":true,"href":"https:\/\/emlaktuel.com\/index.php?rest_route=%2Fwp%2Fv2%2Fcategories&post=29856"},{"taxonomy":"post_tag","embeddable":true,"href":"https:\/\/emlaktuel.com\/index.php?rest_route=%2Fwp%2Fv2%2Ftags&post=29856"}],"curies":[{"name":"wp","href":"https:\/\/api.w.org\/{rel}","templated":true}]}}