{"id":29741,"date":"2019-10-16T13:19:58","date_gmt":"2019-10-16T10:19:58","guid":{"rendered":"https:\/\/emlaktuel.com\/?p=29741"},"modified":"2019-10-16T13:19:58","modified_gmt":"2019-10-16T10:19:58","slug":"faizlerin-dusmesiyle-konut-stogu-eridi","status":"publish","type":"post","link":"https:\/\/emlaktuel.com\/?p=29741","title":{"rendered":"Faizlerin d\u00fc\u015fmesiyle konut sto\u011fu eridi!"},"content":{"rendered":"<p><b>Faizlerin d\u00fc\u015fmesiyle konut sto\u011fu eridi. Faizlerin y\u00fczde 1&#8217;in alt\u0131na inmeye ba\u015flamas\u0131yla hareketli g\u00fcnler ya\u015fayan gayrimenkul sekt\u00f6r\u00fcnde, konut sto\u011fu erime h\u0131z\u0131 Eyl\u00fcl ay\u0131nda y\u00fczde 5.02 ile son senenin en y\u00fcksek d\u00fczeyinde oldu. <\/b>Bankalar\u0131n\u00a0faizleri y\u00fczde 1&#8217;in alt\u0131na d\u00fc\u015fmesiyle gayrimenkul sekt\u00f6r\u00fcnde olu\u015fan\u00a0stok erime h\u0131z\u0131 bu y\u0131l\u0131n zirvesine ula\u015ft\u0131. &#8216;REIDIN- GYODER Yeni Konut Fiyat Endeksi&#8217; Eyl\u00fcl 2019 verisine g\u00f6re;\u00a0Eyl\u00fcl ay\u0131 i\u00e7erisinde y\u00fczde 5.02 olarak kaydedilen stok erime h\u0131z\u0131nda, son bir senede en y\u00fcksek seviyeye gelindi. 2019 Eyl\u00fcl ay\u0131nda pe\u015finat kullan\u0131m\u0131 y\u00fczde 59, banka kredisi kullan\u0131m\u0131 ise y\u00fczde 19, senetle kullan\u0131m ise y\u00fczde 22 oran\u0131nda ya\u015fand\u0131.<\/p>\n<h2>Faizlerin d\u00fc\u015fme etkisiyle<\/h2>\n<p>GYODER Ba\u015fkan\u0131 Do\u00e7. Dr. Feyzullah Yetgin, &#8220;Faizlerin d\u00fc\u015fmeye devam etmesiyle konut kredisi kullan\u0131m\u0131 y\u00fckselmeye devam edecektir. Ve ayn\u0131 zamanda 2019 Eyl\u00fcl ay\u0131 stok erime h\u0131z\u0131n\u0131n, son bir y\u0131l\u0131n en y\u00fcksek seviyesinde ger\u00e7ekle\u015fmesinde konut kredisi faiz indiriminin pay\u0131 oldu\u011funu rahatl\u0131kla s\u00f6yleyebiliriz&#8221; diye konu\u015ftu.\u00a0REIDIN Genel M\u00fcd\u00fcr\u00fc Alp \u00c7apa, markal\u0131 konut projelerinde sat\u0131\u015flar\u0131n y\u00fczde 5.32&#8217;lik k\u0131sm\u0131n\u0131n yabanc\u0131 yat\u0131r\u0131mc\u0131lara yap\u0131ld\u0131\u011f\u0131n\u0131, bu sat\u0131\u015flar\u0131n a\u011f\u0131rl\u0131kl\u0131 olarak 1+1 \u00f6zellikteki konutlar\u0131n se\u00e7ildi\u011fini belirtti.<\/p>\n<h2>Pe\u015finatl\u0131 sat\u0131\u015f ve banka kredili sat\u0131\u015fta art\u0131\u015f<\/h2>\n<p>Markal\u0131 konut projelerinin sat\u0131\u015flar\u0131nda 2019 Eyl\u00fcl ay\u0131nda pe\u015finatl\u0131 sat\u0131\u015f y\u00fczde 59, banka kredili sat\u0131\u015f y\u00fczde 19 oldu. 2019 A\u011fustos ay\u0131nda pe\u015finat kullan\u0131m\u0131 y\u00fczde 41, senet kullan\u0131m\u0131 y\u00fczde 44, banka kredisi kullan\u0131m\u0131 y\u00fczde 15 oldu. Ge\u00e7ti\u011fimiz A\u011fustos ay\u0131nda stok erime h\u0131z\u0131 y\u00fczde 3.18 olmu\u015ftu. 2019 Eyl\u00fcl&#8217;de sat\u0131\u015f\u0131 olan konutlar\u0131n y\u00fczde 76&#8217;s\u0131 bitmi\u015f, y\u00fczde 24&#8217;\u00fc bitmemi\u015f konut stoklar\u0131ndan olu\u015fuyor.<\/p>\n<h2>Genel sat\u0131\u015flar y\u00fckseldi<\/h2>\n<p>\u0130ZKA \u0130n\u015faat Y\u00f6netim Kurulu Ba\u015fkan\u0131 Azat Ye\u015fil, konut stoklar\u0131ndaki azalman\u0131n \u00f6neminden bahsetti. Ye\u015fil,\u00a0&#8220;Bankalar\u0131n faizleri d\u00fc\u015f\u00fcrmesinin ard\u0131ndan yap\u0131lan kampanyalar\u0131n da etkisi ile konut sekt\u00f6r\u00fcndeki sat\u0131\u015f oranlar\u0131nda \u00f6nemli art\u0131\u015flar oldu. Son g\u00fcnlerde konut stok fazlas\u0131 faizlerin d\u00fc\u015fmesi ile birlikte \u00f6nemli oranda eridi&#8221; \u015feklinde konu\u015ftu.<\/p>\n<div class=\"reklam\"><\/div>\n","protected":false},"excerpt":{"rendered":"<p>Faizlerin d\u00fc\u015fmesiyle konut sto\u011fu eridi. Faizlerin y\u00fczde 1&#8217;in alt\u0131na inmeye ba\u015flamas\u0131yla hareketli g\u00fcnler ya\u015fayan gayrimenkul sekt\u00f6r\u00fcnde, konut sto\u011fu erime h\u0131z\u0131 Eyl\u00fcl ay\u0131nda y\u00fczde 5.02 ile son senenin en y\u00fcksek d\u00fczeyinde oldu. Bankalar\u0131n\u00a0faizleri y\u00fczde 1&#8217;in alt\u0131na d\u00fc\u015fmesiyle gayrimenkul sekt\u00f6r\u00fcnde olu\u015fan\u00a0stok erime h\u0131z\u0131 bu y\u0131l\u0131n zirvesine ula\u015ft\u0131. &#8216;REIDIN- GYODER Yeni Konut Fiyat Endeksi&#8217; Eyl\u00fcl 2019 verisine g\u00f6re;\u00a0Eyl\u00fcl [&hellip;]<\/p>\n","protected":false},"author":1,"featured_media":22450,"comment_status":"open","ping_status":"open","sticky":false,"template":"","format":"standard","meta":{"ngg_post_thumbnail":0},"categories":[5388],"tags":[2434,6521],"_links":{"self":[{"href":"https:\/\/emlaktuel.com\/index.php?rest_route=\/wp\/v2\/posts\/29741"}],"collection":[{"href":"https:\/\/emlaktuel.com\/index.php?rest_route=\/wp\/v2\/posts"}],"about":[{"href":"https:\/\/emlaktuel.com\/index.php?rest_route=\/wp\/v2\/types\/post"}],"author":[{"embeddable":true,"href":"https:\/\/emlaktuel.com\/index.php?rest_route=\/wp\/v2\/users\/1"}],"replies":[{"embeddable":true,"href":"https:\/\/emlaktuel.com\/index.php?rest_route=%2Fwp%2Fv2%2Fcomments&post=29741"}],"version-history":[{"count":1,"href":"https:\/\/emlaktuel.com\/index.php?rest_route=\/wp\/v2\/posts\/29741\/revisions"}],"predecessor-version":[{"id":29742,"href":"https:\/\/emlaktuel.com\/index.php?rest_route=\/wp\/v2\/posts\/29741\/revisions\/29742"}],"wp:featuredmedia":[{"embeddable":true,"href":"https:\/\/emlaktuel.com\/index.php?rest_route=\/wp\/v2\/media\/22450"}],"wp:attachment":[{"href":"https:\/\/emlaktuel.com\/index.php?rest_route=%2Fwp%2Fv2%2Fmedia&parent=29741"}],"wp:term":[{"taxonomy":"category","embeddable":true,"href":"https:\/\/emlaktuel.com\/index.php?rest_route=%2Fwp%2Fv2%2Fcategories&post=29741"},{"taxonomy":"post_tag","embeddable":true,"href":"https:\/\/emlaktuel.com\/index.php?rest_route=%2Fwp%2Fv2%2Ftags&post=29741"}],"curies":[{"name":"wp","href":"https:\/\/api.w.org\/{rel}","templated":true}]}}