{"id":29646,"date":"2019-10-13T12:42:53","date_gmt":"2019-10-13T09:42:53","guid":{"rendered":"https:\/\/emlaktuel.com\/?p=29646"},"modified":"2019-10-13T12:42:53","modified_gmt":"2019-10-13T09:42:53","slug":"guvenli-bolgede-kac-milyon-suriyeli-yasayacak","status":"publish","type":"post","link":"https:\/\/emlaktuel.com\/?p=29646","title":{"rendered":"G\u00fcvenli b\u00f6lgede ka\u00e7 milyon Suriyeli ya\u015fayacak"},"content":{"rendered":"<div class=\"panel-title\">\n<p class=\"font-medium mb-0\">\u00c7evre ve \u015eehircilik Bakan\u0131 Murat Kurum, Suriye&#8217;de ger\u00e7ekle\u015ftirilen Bar\u0131\u015f P\u0131nar\u0131 Harekat\u0131 sonras\u0131nda olu\u015fturulacak g\u00fcvenli b\u00f6lge hakk\u0131nda \u015f\u00f6yle dedi &#8220;Bu k\u00f6ylerde yakla\u015f\u0131k olarak 700 bin n\u00fcfus bar\u0131nd\u0131raca\u011f\u0131z. \u0130l\u00e7e olarak da bakt\u0131\u011f\u0131n\u0131zda bizim her il\u00e7emizde ortalama olarak 30 bin n\u00fcfus olacak. 300 bin n\u00fcfusu il\u00e7e merkezlerinde bar\u0131nd\u0131raca\u011f\u0131z&#8221;.<\/p>\n<p>Baz\u0131 temaslarda bulunmak i\u00e7in\u00a0<strong class=\"klink\">Ad\u0131yaman<\/strong>&#8216;a giden \u00c7evre ve \u015eehircilik Bakan\u0131\u00a0<strong class=\"klink\">Murat Kurum<\/strong>, \u00f6nce Valili\u011fi ziyaret etti. Bakan Murat Kurum&#8217;u, Vali Aykut Pekmez, Ad\u0131yaman Milletvekilleri Ahmet Ayd\u0131n, Halil F\u0131rat, Yakup Ta\u015f, Muhammed Fatih Toprak, Belediye Ba\u015fkan\u0131 S\u00fcleyman K\u0131l\u0131n\u00e7, siyasi parti ve STK temsilcileri kar\u015f\u0131lad\u0131lar. Valilik \u015feref defterini imzalayan Banak Murat Kurum, Vali Pekmez&#8217;le yakla\u015f\u0131k olarak 2 saatlik bir toplant\u0131 yap\u0131p kent hakk\u0131nda bilgiler ald\u0131. Toplant\u0131n\u0131n sonras\u0131nda Bakan Murat Kurum bas\u0131na a\u00e7\u0131klamalarda bulundu.<\/p>\n<h2><strong>&#8216;Sefer bizden, zafer ise Allah&#8217;tand\u0131r&#8217;<\/strong><\/h2>\n<p>Bakan Murat Kurum,\u00a0<strong class=\"klink\">Suriye<\/strong>&#8216;de F\u0131rat&#8217;\u0131n do\u011fusunda ger\u00e7ekle\u015ftirilen Bar\u0131\u015f P\u0131nar\u0131 Harekat\u0131m\u0131z b\u00f6lgeyi ter\u00f6r \u00f6rg\u00fctlerinden temizlenmesi\u00a0ile bar\u0131\u015f sa\u011flamak i\u00e7in ger\u00e7ekle\u015ftirildi\u011fini s\u00f6yleyerek konu\u015fmas\u0131n\u0131\u00a0\u015f\u00f6yle devam etti:<\/p>\n<p>&#8216;B\u00f6lgeye, bar\u0131\u015f ve huzur getirmek amac\u0131yla d\u00fczenlenmi\u015f bu operasyonda, 30 kilometrelik bir koridor ve bu koridor i\u00e7inde,\u00a0<strong class=\"klink\">g\u00fcvenli b\u00f6lge<\/strong>\u00a0dedi\u011fimiz alan i\u00e7ine 1 milyon n\u00fcfusun yerle\u015ftirilece\u011fi, Suriyeli karde\u015flerimizin vatan topraklar\u0131na d\u00f6necekleri proje i\u00e7in Bar\u0131\u015f P\u0131nar\u0131 Harekat\u0131 ba\u015flam\u0131\u015f bulunmakta. Mehmet\u00e7iklerimiz hem havadan hem de karadan \u00fclkemizin istiklali, istikbali i\u00e7in b\u00f6lgenin huzuru i\u00e7in kararl\u0131 bir \u015fekilde ter\u00f6r \u00f6rg\u00fct\u00fcn\u00fcn \u00fczerine gitmektedir. \u0130n\u015fallah bundan \u00f6nce oldu\u011fu gibi F\u0131rat Kalkan\u0131 ve Zeytin Dal\u0131 Harekatlar\u0131nda oldu\u011fu gibi yine Bar\u0131\u015f P\u0131nar\u0131 Harekat\u0131&#8217;nda da ayn\u0131 ba\u015far\u0131y\u0131 yakalayaca\u011f\u0131z. Allah&#8217;\u0131n izniyle b\u00f6lgeyi ter\u00f6ristlerden temizleyece\u011fiz. Sefer bizden zafer Allah&#8217;tan. Allah ordumuzu muzaffer eylesin, Allah Mehmet\u00e7ik&#8217;imizin aya\u011f\u0131na ta\u015f de\u011fdirmesin. T\u00fcm dualar\u0131m\u0131z onlarla.&#8217;<\/p>\n<h2><strong>&#8216;K\u00f6y n\u00fcfuslar\u0131 700 bin, il\u00e7e n\u00fcfuslar\u0131 300 bin olacak&#8217;<\/strong><\/h2>\n<p>Bakan Murat Kurum Suriye&#8217;de Bar\u0131\u015f P\u0131nar\u0131 Harekat\u0131ndan sonra olu\u015fturulacak g\u00fcvenli b\u00f6lge ile ilgili bilgiler verdi. Operasyon sonras\u0131nda b\u00f6lgede olu\u015fturulacak olan g\u00fcvenli b\u00f6lgede toplam 1 milyon n\u00fcfusu bar\u0131nd\u0131racak proje planland\u0131\u011f\u0131n\u0131 belirten Bakan Murat Kurum, &#8216;B\u00f6lgede belli il\u00e7eler, 140&#8217;a yak\u0131n da k\u00f6y olmacak \u015fekilde, 5 bin n\u00fcfuslu k\u00f6ylerimiz olacak. K\u00f6ylerde yakla\u015f\u0131k olarak 700 bin insan bar\u0131nd\u0131raca\u011f\u0131z. \u0130l\u00e7e olarak da her il\u00e7ede 30 bin n\u00fcfus olacak. Yine toplam 10 il\u00e7ede 300 bin n\u00fcfusu bar\u0131nd\u0131raca\u011f\u0131z. Bizim amac\u0131m\u0131z oran\u0131n Suriye&#8217;nin \u00f6z\u00fcne, yap\u0131s\u0131na, do\u011fas\u0131na uygun proje yapabilmek. Bu projelerin detaylar\u0131n\u0131 Say\u0131n Cumhurba\u015fkan\u0131m\u0131z BM&#8217;de di\u011fer \u00fclke liderleri ile payla\u015ft\u0131. Bu projeler bititrildi\u011finde di\u011fer \u00fclkelerle ortakla\u015fa bir \u00e7\u00f6z\u00fcm bulundu\u011fu zaman in\u015fallah bizler de \u00fclkemiz ad\u0131na her t\u00fcrl\u00fc proje ve teknik deste\u011fi vererek g\u00fcvenli b\u00f6lgedeki yerle\u015fim alanlar\u0131n\u0131n in\u015fa edilmesini istiyoruz. Suriyeli karde\u015flerimizi de bu olu\u015fturulan g\u00fcvenli b\u00f6lgede yerle\u015ftirmek, iskan etmek suretiyle de o g\u00fcvenli koridoru fiilen ya\u015fatm\u0131\u015f ve \u00e7al\u0131\u015ft\u0131rm\u0131\u015f olaca\u011f\u0131z&#8221; \u015feklinde konu\u015ftu.<\/p>\n<div class=\"clearfix\"><\/div>\n<\/div>\n","protected":false},"excerpt":{"rendered":"<p>\u00c7evre ve \u015eehircilik Bakan\u0131 Murat Kurum, Suriye&#8217;de ger\u00e7ekle\u015ftirilen Bar\u0131\u015f P\u0131nar\u0131 Harekat\u0131 sonras\u0131nda olu\u015fturulacak g\u00fcvenli b\u00f6lge hakk\u0131nda \u015f\u00f6yle dedi &#8220;Bu k\u00f6ylerde yakla\u015f\u0131k olarak 700 bin n\u00fcfus bar\u0131nd\u0131raca\u011f\u0131z. \u0130l\u00e7e olarak da bakt\u0131\u011f\u0131n\u0131zda bizim her il\u00e7emizde ortalama olarak 30 bin n\u00fcfus olacak. 300 bin n\u00fcfusu il\u00e7e merkezlerinde bar\u0131nd\u0131raca\u011f\u0131z&#8221;. Baz\u0131 temaslarda bulunmak i\u00e7in\u00a0Ad\u0131yaman&#8216;a giden \u00c7evre ve \u015eehircilik Bakan\u0131\u00a0Murat Kurum, [&hellip;]<\/p>\n","protected":false},"author":1,"featured_media":29647,"comment_status":"open","ping_status":"open","sticky":false,"template":"","format":"standard","meta":{"ngg_post_thumbnail":0},"categories":[5388],"tags":[13823,13824],"_links":{"self":[{"href":"https:\/\/emlaktuel.com\/index.php?rest_route=\/wp\/v2\/posts\/29646"}],"collection":[{"href":"https:\/\/emlaktuel.com\/index.php?rest_route=\/wp\/v2\/posts"}],"about":[{"href":"https:\/\/emlaktuel.com\/index.php?rest_route=\/wp\/v2\/types\/post"}],"author":[{"embeddable":true,"href":"https:\/\/emlaktuel.com\/index.php?rest_route=\/wp\/v2\/users\/1"}],"replies":[{"embeddable":true,"href":"https:\/\/emlaktuel.com\/index.php?rest_route=%2Fwp%2Fv2%2Fcomments&post=29646"}],"version-history":[{"count":1,"href":"https:\/\/emlaktuel.com\/index.php?rest_route=\/wp\/v2\/posts\/29646\/revisions"}],"predecessor-version":[{"id":29648,"href":"https:\/\/emlaktuel.com\/index.php?rest_route=\/wp\/v2\/posts\/29646\/revisions\/29648"}],"wp:featuredmedia":[{"embeddable":true,"href":"https:\/\/emlaktuel.com\/index.php?rest_route=\/wp\/v2\/media\/29647"}],"wp:attachment":[{"href":"https:\/\/emlaktuel.com\/index.php?rest_route=%2Fwp%2Fv2%2Fmedia&parent=29646"}],"wp:term":[{"taxonomy":"category","embeddable":true,"href":"https:\/\/emlaktuel.com\/index.php?rest_route=%2Fwp%2Fv2%2Fcategories&post=29646"},{"taxonomy":"post_tag","embeddable":true,"href":"https:\/\/emlaktuel.com\/index.php?rest_route=%2Fwp%2Fv2%2Ftags&post=29646"}],"curies":[{"name":"wp","href":"https:\/\/api.w.org\/{rel}","templated":true}]}}