{"id":29626,"date":"2019-10-10T17:17:03","date_gmt":"2019-10-10T14:17:03","guid":{"rendered":"https:\/\/emlaktuel.com\/?p=29626"},"modified":"2019-10-10T17:17:03","modified_gmt":"2019-10-10T14:17:03","slug":"yeni-golf-ortaya-cikmaya-basladi","status":"publish","type":"post","link":"https:\/\/emlaktuel.com\/?p=29626","title":{"rendered":"Yeni Golf ortaya \u00e7\u0131kmaya ba\u015flad\u0131"},"content":{"rendered":"<div class=\"description\">Volkswagen Golf 8. nesli ile \u00f6n\u00fcm\u00fczdeki g\u00fcnlerde tan\u0131t\u0131lacak. Volkswagen Golf, ilk resmi g\u00f6rselleri ilede kar\u015f\u0131m\u0131zda.<\/div>\n<div class=\"content clearfix\">8. nesil Volkswagen Golf&#8217;\u00fcn resmi tan\u0131t\u0131m\u0131 i\u00e7in uzun bir s\u00fcredir bekledik, g\u00fcn\u00fcm\u00fcze kadar olan s\u00fcre\u00e7te pek \u00e7ok kez prototipi \u00fczerinden g\u00fcndeme oturdu. Golf her ne kadar olsada \u00fczerinde az denilebilecek kadar kamuflaj bar\u0131nd\u0131rsa da seri \u00fcretim karakteri ile ilgili tasar\u0131m\u0131n\u0131 g\u00f6rme f\u0131rsat\u0131n\u0131 yakalad\u0131\u011f\u0131m\u0131z yeni jenerasyonun bu noktada biraz hayal k\u0131r\u0131kl\u0131\u011f\u0131 yaratt\u0131\u011f\u0131n\u0131 s\u00f6ylemek m\u00fcmk\u00fcn. Uzun bir zamand\u0131r resmi kaynaklardan modelin detaylar\u0131 hakk\u0131nda bilgi gelmesini de bekledi\u011fimiz Golf i\u00e7in tan\u0131t\u0131m\u0131na az bir zaman kald\u0131.<\/div>\n<div>\n<p><img loading=\"lazy\" class=\"aligncenter size-large wp-image-29629\" src=\"https:\/\/emlaktuel.com\/wp-content\/uploads\/2019\/10\/yeni_golf-750x443.jpg\" alt=\"\" width=\"600\" height=\"354\" \/><\/p>\n<p>Beklentilere cevap verilmeye ba\u015fland\u0131. \u0130pu\u00e7lar\u0131 tasar\u0131m \u00e7izimlerinin \u00fczerinden vermeye ba\u015flayan Volkswagen Golf bu sanal g\u00f6rselleri \u00fczerinden yeniden ilgi \u00e7ekece\u011fini s\u00f6ylemek m\u00fcmk\u00fcn. Nitekim Yeni Golf\u2019\u00fcn \u00f6n b\u00f6l\u00fcm\u00fcnde kullan\u0131lan ve prototip versiyonda da benzerini g\u00f6rd\u00fc\u011f\u00fcm\u00fcz yap\u0131n\u0131n, elektronik ortamda \u00e7ok daha etkileyici g\u00f6r\u00fcn\u00fcyor olmas\u0131 dikkat \u00e7ekiyor.<\/p>\n<p>Volkswagen, Golf modelinde yeni jenerasyonun d\u0131\u015f tasar\u0131m\u0131n\u0131n yan\u0131 s\u0131ra i\u00e7erisinde de anahtar diyebilece\u011fimiz noktalardan detaylar payla\u015fmay\u0131 ihmal etmiyor. Dijital entr\u00fcmanlara yer verilen kokpit ve ana konsol yap\u0131lar\u0131n\u0131n ne denli de\u011fi\u015ferek modernize edildi\u011fini g\u00f6rebiliyoruz. Bir \u00f6nceki jenerasyona oranla hissedilir olsa da devrimsel bir de\u011fi\u015fimi beklememekte fayda var. Yeni konsolla birlikte tasar\u0131m\u0131 de\u011fi\u015fen direksiyonu ve dijital ekranlar\u0131n g\u00fcncellenen versiyonlar\u0131n\u0131 farkl\u0131l\u0131k yaratacak deneyimler listesinde \u00fcste yazabiliriz. Sekizinci nesil olacak olan Volkswagen Golf, 24 Ekim&#8217;de \u015firketin Wolfsburg, Almanya&#8217;daki merkezinde tan\u0131t\u0131lacak.<\/p>\n<div class=\"related-news clearfix\"><\/div>\n<\/div>\n","protected":false},"excerpt":{"rendered":"<p>Volkswagen Golf 8. nesli ile \u00f6n\u00fcm\u00fczdeki g\u00fcnlerde tan\u0131t\u0131lacak. Volkswagen Golf, ilk resmi g\u00f6rselleri ilede kar\u015f\u0131m\u0131zda. 8. nesil Volkswagen Golf&#8217;\u00fcn resmi tan\u0131t\u0131m\u0131 i\u00e7in uzun bir s\u00fcredir bekledik, g\u00fcn\u00fcm\u00fcze kadar olan s\u00fcre\u00e7te pek \u00e7ok kez prototipi \u00fczerinden g\u00fcndeme oturdu. Golf her ne kadar olsada \u00fczerinde az denilebilecek kadar kamuflaj bar\u0131nd\u0131rsa da seri \u00fcretim karakteri ile ilgili tasar\u0131m\u0131n\u0131 [&hellip;]<\/p>\n","protected":false},"author":1,"featured_media":29628,"comment_status":"open","ping_status":"open","sticky":false,"template":"","format":"standard","meta":{"ngg_post_thumbnail":0},"categories":[5215],"tags":[13820,13821],"_links":{"self":[{"href":"https:\/\/emlaktuel.com\/index.php?rest_route=\/wp\/v2\/posts\/29626"}],"collection":[{"href":"https:\/\/emlaktuel.com\/index.php?rest_route=\/wp\/v2\/posts"}],"about":[{"href":"https:\/\/emlaktuel.com\/index.php?rest_route=\/wp\/v2\/types\/post"}],"author":[{"embeddable":true,"href":"https:\/\/emlaktuel.com\/index.php?rest_route=\/wp\/v2\/users\/1"}],"replies":[{"embeddable":true,"href":"https:\/\/emlaktuel.com\/index.php?rest_route=%2Fwp%2Fv2%2Fcomments&post=29626"}],"version-history":[{"count":1,"href":"https:\/\/emlaktuel.com\/index.php?rest_route=\/wp\/v2\/posts\/29626\/revisions"}],"predecessor-version":[{"id":29630,"href":"https:\/\/emlaktuel.com\/index.php?rest_route=\/wp\/v2\/posts\/29626\/revisions\/29630"}],"wp:featuredmedia":[{"embeddable":true,"href":"https:\/\/emlaktuel.com\/index.php?rest_route=\/wp\/v2\/media\/29628"}],"wp:attachment":[{"href":"https:\/\/emlaktuel.com\/index.php?rest_route=%2Fwp%2Fv2%2Fmedia&parent=29626"}],"wp:term":[{"taxonomy":"category","embeddable":true,"href":"https:\/\/emlaktuel.com\/index.php?rest_route=%2Fwp%2Fv2%2Fcategories&post=29626"},{"taxonomy":"post_tag","embeddable":true,"href":"https:\/\/emlaktuel.com\/index.php?rest_route=%2Fwp%2Fv2%2Ftags&post=29626"}],"curies":[{"name":"wp","href":"https:\/\/api.w.org\/{rel}","templated":true}]}}