{"id":29607,"date":"2019-10-10T14:34:39","date_gmt":"2019-10-10T11:34:39","guid":{"rendered":"https:\/\/emlaktuel.com\/?p=29607"},"modified":"2019-10-10T14:34:39","modified_gmt":"2019-10-10T11:34:39","slug":"avcilar-exclusive-projesini-taniyalim","status":"publish","type":"post","link":"https:\/\/emlaktuel.com\/?p=29607","title":{"rendered":"Avc\u0131lar exclusive projesi&#8217;ni tan\u0131yal\u0131m"},"content":{"rendered":"<p>Avc\u0131lar\u00a0\u0130n\u015faat, Ege&#8217;nin incisi \u0130zmir&#8217;de\u00a0Bayrakl\u0131&#8217;n\u0131n Mansuro\u011flu Mahallesi&#8217;nde hayata ge\u00e7irdi\u011fi yeni projesi 8 katl\u0131 bloktan ve 274 daireden olu\u015fuyor. Projede ticari olarak ta 33 adet d\u00fckkan yer al\u0131yor. Avc\u0131lar Exclusive projesi 53 bin 731 metrekare in\u015faat alan\u0131na sahip, Avc\u0131lar\u00a0\u0130n\u015faat\u00a0Bayrakl\u0131\u00a0projesi 10 bin 409 metrekare arsa \u00fczerinde y\u00fckseliyor.\u00a0Avc\u0131lar Exclusive projesinde 3+1&#8217;ler 100 ile 148 metrekare, 4+1&#8217;ler 167 ile 173 metrekare aras\u0131nda, ofisler ise 60 ile 239 metrekare, d\u00fckkanlar 32 ile 477 metrekare aras\u0131nda b\u00fcy\u00fckl\u00fc\u011fe sahip.<\/p>\n<h3 class=\"text-color\"><b>Projede \u00f6deme se\u00e7enekleri<\/b><\/h3>\n<p>Avc\u0131lar\u00a0Exclusive projesinde al\u0131nacak konut i\u00e7in pe\u015fin \u00f6demelerde y\u00fczde 30 indirim uygulan\u0131yor. Projede 72 aya kadar s\u0131f\u0131r faiz imkan\u0131 ile ev sahibi olma imkan\u0131 da sunuluyor. Projede ayr\u0131ca y\u00fczde 0,98 faiz oran\u0131 ile 120 ay vade ile banka kredisi de kullan\u0131labiliyor.<\/p>\n<p>\u0130zmir\u2019de en de\u011ferli b\u00f6lgelerden birinde, 55 bin metrekare in\u015faat alan\u0131 \u00fcserinde konumlanan Avc\u0131lar Exclusive,\u00a0Bayrakl\u0131\u00a0Manhattan b\u00f6lgesinde y\u00fcskeliyor. I\u015f\u0131lt\u0131l\u0131 ve de yatay bir mimari\u00a0ile \u0130zmir\u2019de yeni g\u00f6zde olacak\u00a0Avc\u0131lar\u00a0Exclusive, \u015fehrin merkezine yak\u0131n t\u00fcm ula\u015f\u0131m akslar\u0131na,\u00a0\u0130zmir\u00a0Adliyesi&#8217;ne metro, \u0130zban ve otob\u00fcs duraklar\u0131na; al\u0131\u015fveri\u015f merkezlerine, hastane ve e\u011fitim kurumlar\u0131na yak\u0131n bir konumda yer al\u0131yor. \u0130zmir\u2019in l\u00fcks\u00fcn\u00fc, modernizmini ve konforunu bu yatay mimaride ya\u015fatan ilk projesinde, Business ve Home konseptlerinin birlikteli\u011fi ile\u00a0Avc\u0131lar\u00a0Exclusive\u2019de ayr\u0131cal\u0131kl\u0131 bir ya\u015fam sizleri bekliyor.<\/p>\n<p>Avc\u0131lar\u00a0\u0130n\u015faat\u00a0Bayrakl\u0131\u00a0projesinin in\u015faat alan\u0131nda zemin kat baza g\u00f6revi \u00fcstleniyor. A ve B bloklar 1. kattan itibaren ayr\u0131l\u0131yor. Ortak zeminin alt\u0131nda 2 adet\u00a0bodrum\u00a0kat\u00a0 yer al\u0131yor. Yap\u0131lmas\u0131 planlanan ticar anlamda 33 adet d\u00fckkan ise zemin katta yer alacak. D\u00fckkanlar\u0131n 8&#8217;inde asma kat olacak. Zemin kat \u00fczerinde 7 kat yer var. Ve zemin kat alt\u0131nda ise -1 ve -2 katlar\u0131nda\u00a0bodrum olacak. -2. katta otopark ve s\u0131\u011f\u0131nak ile -1. katta otopark ve depo olacak.<\/p>\n<p><strong>Konutlar\u0131n en d\u00fc\u015f\u00fck fiyatlar\u0131:\u00a0395 bin TL&#8217;den ba\u015fl\u0131yor<\/strong><\/p>\n<p>&nbsp;<\/p>\n","protected":false},"excerpt":{"rendered":"<p>Avc\u0131lar\u00a0\u0130n\u015faat, Ege&#8217;nin incisi \u0130zmir&#8217;de\u00a0Bayrakl\u0131&#8217;n\u0131n Mansuro\u011flu Mahallesi&#8217;nde hayata ge\u00e7irdi\u011fi yeni projesi 8 katl\u0131 bloktan ve 274 daireden olu\u015fuyor. Projede ticari olarak ta 33 adet d\u00fckkan yer al\u0131yor. Avc\u0131lar Exclusive projesi 53 bin 731 metrekare in\u015faat alan\u0131na sahip, Avc\u0131lar\u00a0\u0130n\u015faat\u00a0Bayrakl\u0131\u00a0projesi 10 bin 409 metrekare arsa \u00fczerinde y\u00fckseliyor.\u00a0Avc\u0131lar Exclusive projesinde 3+1&#8217;ler 100 ile 148 metrekare, 4+1&#8217;ler 167 ile 173 [&hellip;]<\/p>\n","protected":false},"author":1,"featured_media":29608,"comment_status":"open","ping_status":"open","sticky":false,"template":"","format":"standard","meta":{"ngg_post_thumbnail":0},"categories":[219],"tags":[13809,13812,13811,13810,13813],"_links":{"self":[{"href":"https:\/\/emlaktuel.com\/index.php?rest_route=\/wp\/v2\/posts\/29607"}],"collection":[{"href":"https:\/\/emlaktuel.com\/index.php?rest_route=\/wp\/v2\/posts"}],"about":[{"href":"https:\/\/emlaktuel.com\/index.php?rest_route=\/wp\/v2\/types\/post"}],"author":[{"embeddable":true,"href":"https:\/\/emlaktuel.com\/index.php?rest_route=\/wp\/v2\/users\/1"}],"replies":[{"embeddable":true,"href":"https:\/\/emlaktuel.com\/index.php?rest_route=%2Fwp%2Fv2%2Fcomments&post=29607"}],"version-history":[{"count":1,"href":"https:\/\/emlaktuel.com\/index.php?rest_route=\/wp\/v2\/posts\/29607\/revisions"}],"predecessor-version":[{"id":29609,"href":"https:\/\/emlaktuel.com\/index.php?rest_route=\/wp\/v2\/posts\/29607\/revisions\/29609"}],"wp:featuredmedia":[{"embeddable":true,"href":"https:\/\/emlaktuel.com\/index.php?rest_route=\/wp\/v2\/media\/29608"}],"wp:attachment":[{"href":"https:\/\/emlaktuel.com\/index.php?rest_route=%2Fwp%2Fv2%2Fmedia&parent=29607"}],"wp:term":[{"taxonomy":"category","embeddable":true,"href":"https:\/\/emlaktuel.com\/index.php?rest_route=%2Fwp%2Fv2%2Fcategories&post=29607"},{"taxonomy":"post_tag","embeddable":true,"href":"https:\/\/emlaktuel.com\/index.php?rest_route=%2Fwp%2Fv2%2Ftags&post=29607"}],"curies":[{"name":"wp","href":"https:\/\/api.w.org\/{rel}","templated":true}]}}