{"id":29468,"date":"2019-10-06T13:10:19","date_gmt":"2019-10-06T10:10:19","guid":{"rendered":"https:\/\/emlaktuel.com\/?p=29468"},"modified":"2019-10-06T13:10:19","modified_gmt":"2019-10-06T10:10:19","slug":"polat-holding-macaristanda-duna-pearl-projesine-basladi","status":"publish","type":"post","link":"https:\/\/emlaktuel.com\/?p=29468","title":{"rendered":"Polat Holding Macaristan\u2019da \u201cDuna Pearl\u201d projesine ba\u015flad\u0131"},"content":{"rendered":"<p class=\"td-post-sub-title\">64 y\u0131ll\u0131k bir ge\u00e7mi\u015fe sahip olan Polat Holding, Avrupa&#8217;n\u0131n ortas\u0131nda Macaristan&#8217;\u0131n ba\u015fkenti olan Budape\u015fte&#8217;de gayrimenkul sekt\u00f6r\u00fcnde ilk yurt d\u0131\u015f\u0131 projesi olan Duna Pearl\u2019u hayata ge\u00e7iriyor.<\/p>\n<div class=\"td-module-meta-info\">\n<p>Polat Holding Avrupa\u2019da Macaristan\u2019\u0131n ba\u015fkenti Budape\u015fte\u2019de y\u00fckseltece\u011fi Duna Pearl Projesi&#8217;nde toplam 200 konut ve 100 odal\u0131 i\u015f oteli ile ma\u011fazalar yer alacak. Toplamda 60 milyon euro yat\u0131r\u0131mla hayata ge\u00e7ececek olan projenin 2022 Nisan ay\u0131nda bitirilmesi planlan\u0131yor.<\/p>\n<p>Polat Hoding Y\u00f6netim Kurulu Ba\u015fkan\u0131 Adnan Polat\u2019\u0131n kat\u0131l\u0131m\u0131 ile Macaristan&#8217;\u0131n ba\u015fkenti Budape\u015fte\u2019de ger\u00e7ekle\u015ftirilen lansmanda Hagyomanyok Haza\u2019da (Macaristan Miras\u0131 Evi) yap\u0131lan toplant\u0131ya T\u00fcrkiye\u2019nin Budape\u015fte B\u00fcy\u00fckel\u00e7isi Ahmet Akif Oktay, Macaristan D\u0131\u015fi\u015fleri ve D\u0131\u015f Ticaret Bakanl\u0131\u011f\u0131 yetkilileri ile bas\u0131n mensuplar\u0131 kat\u0131ld\u0131.<\/p>\n<p>Duna Pearl Projesi hakk\u0131nda\u00a0<strong>Polat Holding Y\u00f6netim Kurulu Ba\u015fkan\u0131 Adnan Polat <\/strong>\u015funlar\u0131 anlatt\u0131\u00a0\u201c2020&#8217;de 65.y\u0131l\u0131n\u0131 kutlayacak olan Polat markas\u0131 bug\u00fcne kadar \u00fclkemize ve sekt\u00f6r\u00fcm\u00fcze hep hizmet etti, etmeye de devam ediyor. Bug\u00fcn burada gayrimenkul sekt\u00f6r\u00fcndeki ilk yurt d\u0131\u015f\u0131 projemiz Duna Pearl\u2019\u00fc duyurmaktan b\u00fcy\u00fck bir mutluluk duyuyoruz. \u00dclkemizde hayata ge\u00e7irdi\u011fimiz projelerden elde etti\u011fimiz bilgi ve derin tecr\u00fcbeyi yurt d\u0131\u015f\u0131ndaki projelerimizde kullan\u0131yoruz. Bildi\u011finiz \u00fczere Polat markas\u0131 olarak \u00fclkemizde de bir\u00e7ok \u00f6nemli projeyi bir arada y\u00fcr\u00fct\u00fcyoruz. Bu anlamda T\u00fcrkiye\u2019deki yat\u0131r\u0131mlar\u0131m\u0131za da h\u0131z kesmeden devam ediyoruz. 64 y\u0131ll\u0131k k\u00f6kl\u00fc bir firma olarak olarak Macaristan\u2019\u0131 Avrupa\u2019da bir \u00fcs olarak g\u00f6r\u00fcyoruz. Bu nedenle gayrimenkul sekt\u00f6r\u00fcnde ilk yurt d\u0131\u015f\u0131 projemiz Duna Pearl\u2019\u00fc Macaristan&#8217;da hayata ge\u00e7iriyoruz. Gerek gayrimenkul sekt\u00f6r\u00fcnde gerekse di\u011fer sekt\u00f6rlerde kazand\u0131klar\u0131m\u0131z\u0131 \u00fclkemizin kalk\u0131nmas\u0131 ad\u0131na kullanmaya devam edece\u011fiz\u201d \u015feklinde konu\u015ftu.<\/p>\n<h2><strong>Projemiz Budape\u015fte\u2019nin en de\u011ferli yerinde<\/strong><\/h2>\n<p>Adnan Polat, \u201c\u0130smini \u0130ngilizce anlam\u0131 pearl olan inciden alan Duna Pearl projemiz, benzersiz bir lokasyonda hayata ge\u00e7iriyoruz. Projemiz, Budape\u015fte\u2019nin en i\u015flek b\u00f6lgelerinden 13. b\u00f6lge\u2019nin en de\u011ferli lokasyonlar\u0131ndan little manhattan olarak da an\u0131lan ujlipatvaros\u2019ta y\u00fckseliyor. Projemiz Margaret Adas\u0131\u2019n\u0131n tam kar\u015f\u0131s\u0131nda; \u015fehir merkezi, metro ve \u00f6nemli i\u015f merkezlerinin bulundu\u011fu V\u00e1ci\u00fat\u2019a ise y\u00fcr\u00fcy\u00fc\u015f mesafesinde bulunuyor. Margaret Adas\u0131\u2019n\u0131n kar\u015f\u0131s\u0131nda, b\u00f6lgenin en b\u00fcy\u00fck park\u0131 SzentIstvan\u2019a kom\u015fu konumunda yer alan Duna Pearl, \u00f6zel tasarlanan konut ve ye\u015fil \u00e7at\u0131 bah\u00e7eleriyle Tuna Nehri\u2019nin k\u0131y\u0131s\u0131nda hayat bulacak\u201d diye konu\u015ftu.<\/p>\n<h2><strong>Tuna nehrinin \u0130ncisi<\/strong><\/h2>\n<p><strong><em>\u00a0Duna Pearl\u00a0<\/em><\/strong>projesinin teknik detaylar\u0131 hakk\u0131nda detayl\u0131 bilgi veren\u00a0<strong>PD Real EstateDevelopment\u2019\u0131n Genel M\u00fcd\u00fcr\u00fc Murat Aysan <\/strong>ise\u015funlar\u0131 s\u00f6yledi; \u201cKonut, otel ve ma\u011fazalardan olu\u015fan karma bir proje olarak hayata ge\u00e7irdi\u011fimiz Duna Pearl\u2019de,200 daire ve 100 odal\u0131 i\u015f oteli var. Projemiz 1+1 daireler 47-72 metrekare; 2+1 daireler 80-85 metrekare; 3+1 daireler ise 99-109 metrekare aral\u0131\u011f\u0131nda olacak. Duna Pearl\u2019de metrekare fiyatlar\u0131 lansmana \u00f6zel s\u0131n\u0131rl\u0131 say\u0131da daire i\u00e7in 4 bin 500 Euro\u2019dan ba\u015flayan fiyatlarla sat\u0131\u015fa sunuyoruz..Yat\u0131r\u0131mc\u0131lara y\u0131l sonuna kadar y\u00fczde 17\u2019ye varan lansman indirimi avantaj\u0131 sa\u011fl\u0131yoruz. Projemizi 2022 Nisan&#8217;da tamamlamay\u0131 planl\u0131yoruz.\u201d<\/p>\n<p>Duna Pearl Projesi i\u00e7erisinde olacak olan otel ve ticari alanlar\u0131 ile \u015fehrin yeni \u00e7ekim merkezi olacak. Geni\u015f i\u00e7 mekanl\u0131 ferah daireleri, B\u00f6lgenin en g\u00fczel do\u011fal harikas\u0131 olan Tuna Nehri manzaras\u0131ndan en y\u00fcksek seviyede faydalan\u0131lmas\u0131n\u0131 sa\u011flayan \u00f6zel tasar\u0131m teras ve balkonlar\u0131, projenin merkezinde yer alan yemye\u015fil avlusu ve sosyal alanlar\u0131 ile Duna Pearl yat\u0131r\u0131mc\u0131lar\u0131na Budape\u015fte standartlar\u0131n\u0131n \u00e7ok \u00e7ok \u00fcst\u00fcnde bir ya\u015fam vadediyor.<\/p>\n<p>Adnan Polat konu\u015fmas\u0131nda, Macaristan Ba\u015fbakan\u0131 Viktor Orban\u2019\u0131n &#8216;T\u00fcrklerle Macarlar\u0131n soyda\u015f olduklar\u0131&#8217; ifadesini hat\u0131rlatarak, &#8216;Macarlar burada b\u00fct\u00fcn T\u00fcrkleri her daim b\u00fcy\u00fck sevgi, h\u00fcrmet ve sempati ile kar\u015f\u0131l\u0131yorlar, her zaman iyi ev sahipli\u011fi yap\u0131yorlar.&#8217; dedi. Avrupa\u2019n\u0131n tam ortas\u0131nda yer alan ve Macaristan\u2019a ilk olarak 30 y\u0131l \u00f6nce geldiklerinde ihracatlar\u0131n\u0131 daha da artt\u0131rmak i\u00e7in bir \u015firketle birlikte lojistik bir merkez kurduklar\u0131n\u0131 s\u00f6yleyen Adnan Polat, bu \u00fclkenin d\u00f6rt yol a\u011fz\u0131n\u0131n tam birle\u015fti\u011fi noktada yer ald\u0131\u011f\u0131n\u0131, Fransa, Almanya, \u0130ngiltere ve \u0130talya gibi \u00fclkelere yak\u0131n mesafede oldu\u011funa dikkati \u00e7ekti.<\/p>\n<p>T\u00fcrkiye ile Macaristan aras\u0131nda 2013 y\u0131l\u0131nda imzalanan stratejik i\u015fbirli\u011fi anla\u015fmas\u0131nda iki \u00fclke aras\u0131nda yat\u0131r\u0131m, ticaret ve turizmin art\u0131r\u0131lmas\u0131n\u0131n \u00f6ng\u00f6r\u00fcld\u00fc\u011f\u00fcn\u00fc hat\u0131rlatan Polat, \u201cMacaristanla d\u0131\u015f ticaret hacmimiz 4-5 sene \u00f6nce 1.5 milyar dolar civar\u0131ndayd\u0131, Macaristan D\u0131\u015fi\u015fleri ve D\u0131\u015f Ticaret Bakan\u0131 Peter Szijjarto\u2019nun a\u00e7\u0131klad\u0131\u011f\u0131na g\u00f6re \u015fu anda 3.6 milyar dolara \u00e7\u0131kt\u0131. 4 senede y\u00fczde 100\u2019den fazla art\u0131rm\u0131\u015f\u0131z.\u201d de\u011ferlendirmesini yapt\u0131.<\/p>\n<p>T\u00fcrkiye-Macaristan \u0130\u015f Konseyi Ba\u015fkanl\u0131\u011f\u0131 g\u00f6revini de y\u00fcr\u00fcten Adnan Polat, Macaristan\u2019daki yat\u0131r\u0131mlar\u0131n 80 milyon avrodan 1 milyar avronun \u00fczerine \u00e7\u0131kt\u0131\u011f\u0131n\u0131, T\u00fcrkiye ile Macaristan aras\u0131ndaki u\u00e7ak seferlerinin haftada 3\u2019ten, g\u00fcnde 5\u2019e \u00e7\u0131kt\u0131\u011f\u0131n\u0131 ve u\u00e7aklarda yer bulunamad\u0131\u011f\u0131n\u0131 s\u00f6yledi.<\/p>\n<p>G\u00fcl Baba Vakf\u0131\u2019n\u0131n \u00e7al\u0131\u015fmalar\u0131na da de\u011finen Polat, \u201cMacaristan ile bizim g\u00f6n\u00fcl ba\u011f\u0131m\u0131z var. Yakla\u015f\u0131k 25 y\u0131ld\u0131r faaliyet g\u00f6sterdi\u011fimiz sekt\u00f6rler dolay\u0131s\u0131yla buraday\u0131z. T\u00fcrkiye ve Macaristan, ge\u00e7mi\u015fleriyle, de\u011ferleriyle, gelece\u011fe bak\u0131\u015flar\u0131yla pek \u00e7ok ortak noktaya sahip iki k\u00fclt\u00fcr, iki \u00fclke.\u201d \u015feklinde konu\u015ftu.<\/p>\n<h3>G\u00fcl Baba T\u00fcrbesi&#8217;ni ziyaret<\/h3>\n<p>Yap\u0131lan bu etkinlik i\u00e7erisinde daha sonra T\u00fcrkiye ve Macaristan h\u00fckumetlerinin i\u015f birli\u011fi ile restorasyonu yap\u0131lan G\u00fcl Baba T\u00fcrbesi ve burada yer alan m\u00fcze de gezildi.<\/p>\n<p>&nbsp;<\/p>\n<div class=\"td-a-rec td-a-rec-id-content_bottom  td_uid_2_5d986a0c41142_rand td_block_template_1\">\n<div id=\"wpcf7-f167807-p225955-o1\" class=\"wpcf7\" dir=\"ltr\" lang=\"tr-TR\" role=\"form\"><\/div>\n<\/div>\n<\/div>\n","protected":false},"excerpt":{"rendered":"<p>64 y\u0131ll\u0131k bir ge\u00e7mi\u015fe sahip olan Polat Holding, Avrupa&#8217;n\u0131n ortas\u0131nda Macaristan&#8217;\u0131n ba\u015fkenti olan Budape\u015fte&#8217;de gayrimenkul sekt\u00f6r\u00fcnde ilk yurt d\u0131\u015f\u0131 projesi olan Duna Pearl\u2019u hayata ge\u00e7iriyor. Polat Holding Avrupa\u2019da Macaristan\u2019\u0131n ba\u015fkenti Budape\u015fte\u2019de y\u00fckseltece\u011fi Duna Pearl Projesi&#8217;nde toplam 200 konut ve 100 odal\u0131 i\u015f oteli ile ma\u011fazalar yer alacak. Toplamda 60 milyon euro yat\u0131r\u0131mla hayata ge\u00e7ececek olan [&hellip;]<\/p>\n","protected":false},"author":1,"featured_media":29469,"comment_status":"open","ping_status":"open","sticky":false,"template":"","format":"standard","meta":{"ngg_post_thumbnail":0},"categories":[5388],"tags":[13755,12426,6474,13756],"_links":{"self":[{"href":"https:\/\/emlaktuel.com\/index.php?rest_route=\/wp\/v2\/posts\/29468"}],"collection":[{"href":"https:\/\/emlaktuel.com\/index.php?rest_route=\/wp\/v2\/posts"}],"about":[{"href":"https:\/\/emlaktuel.com\/index.php?rest_route=\/wp\/v2\/types\/post"}],"author":[{"embeddable":true,"href":"https:\/\/emlaktuel.com\/index.php?rest_route=\/wp\/v2\/users\/1"}],"replies":[{"embeddable":true,"href":"https:\/\/emlaktuel.com\/index.php?rest_route=%2Fwp%2Fv2%2Fcomments&post=29468"}],"version-history":[{"count":1,"href":"https:\/\/emlaktuel.com\/index.php?rest_route=\/wp\/v2\/posts\/29468\/revisions"}],"predecessor-version":[{"id":29470,"href":"https:\/\/emlaktuel.com\/index.php?rest_route=\/wp\/v2\/posts\/29468\/revisions\/29470"}],"wp:featuredmedia":[{"embeddable":true,"href":"https:\/\/emlaktuel.com\/index.php?rest_route=\/wp\/v2\/media\/29469"}],"wp:attachment":[{"href":"https:\/\/emlaktuel.com\/index.php?rest_route=%2Fwp%2Fv2%2Fmedia&parent=29468"}],"wp:term":[{"taxonomy":"category","embeddable":true,"href":"https:\/\/emlaktuel.com\/index.php?rest_route=%2Fwp%2Fv2%2Fcategories&post=29468"},{"taxonomy":"post_tag","embeddable":true,"href":"https:\/\/emlaktuel.com\/index.php?rest_route=%2Fwp%2Fv2%2Ftags&post=29468"}],"curies":[{"name":"wp","href":"https:\/\/api.w.org\/{rel}","templated":true}]}}