{"id":29462,"date":"2019-10-05T12:46:46","date_gmt":"2019-10-05T09:46:46","guid":{"rendered":"https:\/\/emlaktuel.com\/?p=29462"},"modified":"2019-10-05T12:46:46","modified_gmt":"2019-10-05T09:46:46","slug":"ege-bolgesinin-ihracata-katkisi-5-milyon-dolar","status":"publish","type":"post","link":"https:\/\/emlaktuel.com\/?p=29462","title":{"rendered":"Ege B\u00f6lgesi\u2019nin ihracata katk\u0131s\u0131 5 milyon dolar"},"content":{"rendered":"<p><strong>PERY\u00d6N Ege&#8217;nin d\u00fczenledi\u011fi \u00c7al\u0131\u015ftay, \u0130zmir&#8217;in \u00f6nde gelen \u0130nsan Kaynaklar\u0131 y\u00f6neticilerinin kat\u0131l\u0131m\u0131yla \u0130zmir&#8217;de ger\u00e7ekle\u015ftirildi. \u00c7al\u0131\u015ftayda Ege B\u00f6lgesi&#8217;nde yer alan \u015firketlerin ekonomiye katk\u0131s\u0131 ve g\u00fcven k\u00fclt\u00fcr\u00fc konu\u015fuldu.<\/strong><\/p>\n<p>T\u00fcrkiye \u0130statistik Kurumu (TU\u0130K) ve T\u00fcrkiye \u0130hracat\u00e7\u0131lar Meclisi verilerine g\u00f6re, Ege B\u00f6lgesi, 2019&#8217;un ilk \u00e7eyre\u011finde 1,8 milyar dolarl\u0131k d\u0131\u015f ticaret fazlas\u0131 verdi. B\u00f6lgede 3 milyar 177 milyon dolarl\u0131k ithalata kar\u015f\u0131l\u0131k 4 milyar 908 milyon dolar ihracat yap\u0131ld\u0131. \u0130hracat\u0131n ithalat\u0131 kar\u015f\u0131lama oran\u0131 ise %157&#8217;ye y\u00fckseldi. \u0130zmir, 1 milyar 914 milyon dolarl\u0131k ithalata kar\u015f\u0131l\u0131k, 2 milyar 486 milyon dolar ihracat ger\u00e7ekle\u015ftirirken Ege B\u00f6lgesi&#8217;nin ihracat\u0131n\u0131n yar\u0131s\u0131ndan fazlas\u0131n\u0131 tek ba\u015f\u0131na ger\u00e7ekle\u015ftirdi. \u015eehrin ihracat\u0131n\u0131n ithalat\u0131n\u0131 kar\u015f\u0131lama oran\u0131 ise %130&#8217;a y\u00fckseldi.<\/p>\n<h2><strong>G\u00fcven k\u00fclt\u00fcr\u00fcn\u00fc in\u015fa eden \u015firketler bir ad\u0131m \u00f6nde olacak<\/strong><\/h2>\n<p>Marmara&#8217;n\u0131n ard\u0131ndan ihracat\u0131n en fazla ger\u00e7ekle\u015fti\u011fi b\u00f6lge olan Ege B\u00f6lgesi&#8217;nde yer alan \u015firketlerin insan kaynaklar\u0131 y\u00f6neticilerinin kat\u0131ld\u0131\u011f\u0131 \u00e7al\u0131\u015ftayda \u201cGelece\u011fin Organizasyonu Olmak \u0130\u00e7in G\u00fcven K\u00fclt\u00fcr\u00fcn\u00fc \u0130n\u015fa Etmek&#8221; kavram\u0131 derinlemesine tart\u0131\u015f\u0131ld\u0131. Yuvarlak masa \u00e7al\u0131\u015ftay\u0131n\u0131n ard\u0131ndan, &#8220;Ege B\u00f6lgesi&#8217;nde gelece\u011fin \u015firketlerini in\u015fa etmek i\u00e7in neler yap\u0131labilir?&#8221; sorusuna dair bir manifesto yay\u0131mland\u0131.<\/p>\n<h2><strong>\u0130nsan en \u00f6nemli de\u011fer<\/strong><\/h2>\n<p>Teknolojinin h\u0131zl\u0131 ilerlemesine ra\u011fmen insan ekonomisinin \u00f6neminin kritik oldu\u011funa de\u011finilen ve yuvarlak masa konseptinde ger\u00e7ekle\u015ftirilen toplant\u0131n\u0131n a\u00e7\u0131l\u0131\u015f konu\u015fmas\u0131n\u0131 Great Place to Work T\u00fcrkiye M\u00fcd\u00fcr\u00fc Ey\u00fcp Toprak yapt\u0131. Toprak, &#8220;Gelece\u011fin Organizasyonu Olmak \u0130\u00e7in G\u00fcven K\u00fclt\u00fcr\u00fcn\u00fc \u0130n\u015fa Etmek&#8221; ba\u015fl\u0131kl\u0131 sunumunda g\u00fcven k\u00fclt\u00fcr\u00fcn\u00fcn i\u015fveren \u00e7al\u0131\u015fan ili\u015fkisindeki \u00f6neminin yan\u0131 s\u0131ra k\u00e2rl\u0131l\u0131\u011fa etkisini de kat\u0131l\u0131mc\u0131lara aktard\u0131. Great Place to Work T\u00fcrkiye Ege B\u00f6lge Sorumlusu Tar\u0131k Ba\u015fay ise 22&#8217;si insan kaynaklar\u0131 olmak \u00fczere 25 kat\u0131l\u0131mc\u0131n\u0131n yer ald\u0131\u011f\u0131 toplant\u0131da &#8220;Gelece\u011fin Organizasyonu Olmak \u0130\u00e7in Kararl\u0131l\u0131k&#8221; manifestosunu geli\u015ftirmek \u00fczere grubu modere etti.<\/p>\n<h2><strong>S\u00fcrd\u00fcr\u00fclebilir ve g\u00fcvenli bir gelecek in\u015fa etmek m\u00fcmk\u00fcn<\/strong><\/h2>\n<p>Manifestoda: &#8220;Teknolojiye uyum g\u00fcc\u00fcm\u00fcz, verimli \u00e7al\u0131\u015fma k\u00fclt\u00fcr\u00fcm\u00fcz ve farkl\u0131l\u0131klara duydu\u011fumuz sayg\u0131yla s\u00fcrd\u00fcr\u00fclebilir ve g\u00fcvenli bir gelecek in\u015fa ediyoruz. Liderler \u00f6nc\u00fcl\u00fc\u011f\u00fcnde yenilik\u00e7i ve stratejik ortaklar\u0131m\u0131zla birlikte de\u011fer yarat\u0131yoruz. Yar\u0131n i\u00e7in profesyonel y\u00f6netim anlay\u0131\u015f\u0131yla s\u00fcrd\u00fcr\u00fclebilir, yenilik\u00e7i ve g\u00fcvenli bir gelecek in\u015fa ediyoruz.&#8221; denildi. Toplant\u0131da \u0130\u015fveren Markas\u0131 Dan\u0131\u015fman\u0131 Dr. Engin Baran, &#8220;Employer Value Proposition&#8221; sunumu ile Ege B\u00f6lgesi&#8217;nin y\u00fcksek insan potansiyeline dikkat \u00e7ekti. B\u00f6lgenin bir cazibe merkezi haline getirilmesi i\u00e7in i\u015fveren markas\u0131 analiz ve raporlama \u00e7al\u0131\u015fmalar\u0131 ile ilgili bilgi verdi.<\/p>\n<h2><strong>Ege B\u00f6lgesi T\u00fcrkiye ekonomisine g\u00fc\u00e7 kat\u0131yor<\/strong><\/h2>\n<p>PERY\u00d6N T\u00fcrkiye \u0130nsan Y\u00f6netimi Derne\u011fi Ege \u015eubesi&#8217;nin d\u00fczenledi\u011fi Yuvarlak Masa Toplant\u0131s\u0131&#8217;n\u0131 de\u011ferlendiren Tar\u0131k Ba\u015fay \u015funlar\u0131 s\u00f6yledi: \u201cEge B\u00f6lgesi&#8217;nin T\u00fcrkiye&#8217;nin y\u00fckselen de\u011feri oldu\u011funu ihracat rakamlar\u0131ndan g\u00f6r\u00fcyoruz. \u0130lk \u00e7eyrekte al\u0131nan ihracat fazlas\u0131 sonu\u00e7lar\u0131n\u0131n yan\u0131 s\u0131ra, b\u00f6lgenin tar\u0131m \u00fcr\u00fcnleri ihracat\u0131nda 2018 y\u0131l\u0131nda 5 milyar dolar\u0131 a\u015fmas\u0131, ayr\u0131ca b\u00f6lgenin turizm a\u00e7\u0131s\u0131ndan da verimli olmas\u0131 ekonomik alanda b\u00f6lgenin potansiyel hakk\u0131nda fikir veriyor.\u201d<\/p>\n<h2><strong>&#8220;En \u0130yi \u0130\u015fveren&#8221; unvanl\u0131 \u015firketler<\/strong><\/h2>\n<p>Ba\u015fay, Ege B\u00f6lgesi&#8217;nde yer alan \u015firketlerin ba\u015far\u0131s\u0131yla ilgili ise \u015fu detaylar\u0131 kat\u0131l\u0131mc\u0131lara aktard\u0131: &#8220;Great Place to Work T\u00fcrkiye&#8217;nin her y\u0131l ger\u00e7ekle\u015ftirdi\u011fi T\u00fcrkiye\u2019nin En \u0130yi \u0130\u015fverenleri listesinde Ege B\u00f6lgesi&#8217;nden Socar, Petkim, Star Rafineri, Stechpole ve Viessmann, T\u00fcrkiye genelinde &#8216;En \u0130yi \u0130\u015fveren&#8217; unvan\u0131 almaya hak kazand\u0131lar. Bu be\u015f \u015firketin ba\u015far\u0131s\u0131 Ege B\u00f6lgesi&#8217;nin y\u00fckselen bir dinami\u011fe sahip oldu\u011funu g\u00f6steriyor. Viesmann ayr\u0131ca Ege B\u00f6lgesi i\u00e7erisinde 2019 y\u0131l\u0131n\u0131n En \u0130yi \u0130\u015fveren&#8217;i oldu. B\u00f6lgemizde \u015firketlerin g\u00fcven k\u00fclt\u00fcr\u00fcne dayal\u0131, daha profesyonel bir bak\u0131\u015f a\u00e7\u0131s\u0131na sahip olmas\u0131, s\u00f6z konusu rakamlar\u0131n daha da artmas\u0131na yol a\u00e7acakt\u0131r. &#8221;<\/p>\n<h2><strong>Ege gelecek vaat ediyor<\/strong><\/h2>\n<p>Great Place to Work T\u00fcrkiye M\u00fcd\u00fcr\u00fc Ey\u00fcp Toprak ise d\u00fczenlenen \u00e7al\u0131\u015ftayla ilgili olarak, &#8220;T\u00fcrkiye&#8217;nin En \u0130yi \u0130\u015fverenleri 2019 Benchmark ara\u015ft\u0131rmam\u0131zda y\u00f6netici-\u00e7al\u0131\u015fan aras\u0131ndaki g\u00fcven ili\u015fkisinde %80 oran\u0131n\u0131n a\u015f\u0131lamad\u0131\u011f\u0131 g\u00f6rd\u00fck. Globalde ise bu oran y\u00fczde 90 dolaylar\u0131nda. Yapt\u0131\u011f\u0131m\u0131z \u00e7al\u0131\u015ftay\u0131n \u00f6nce Ege B\u00f6lgesi&#8217;nde g\u00fcven unsurunu yukar\u0131ya ta\u015f\u0131yaca\u011f\u0131n\u0131 ve bu geli\u015fmenin \u00fclke ortalamas\u0131n\u0131 da y\u00fckseltece\u011fini umut ediyoruz. G\u00fcven k\u00fclt\u00fcr\u00fcn\u00fc in\u015fa eden markalar\u0131n g\u00f6sterdi\u011fi ba\u015far\u0131lar hem Ege B\u00f6lgesi hem de T\u00fcrkiye genelinde ger\u00e7ekle\u015ftirdi\u011fimiz uygulamalar\u0131n ne kadar verimli oldu\u011funu ortaya koyuyor&#8221; dedi.<\/p>\n<h2><strong>\u00c7al\u0131\u015ftaylar devam edecek<\/strong><\/h2>\n<p>PERY\u00d6N T\u00fcrkiye \u0130nsan Y\u00f6netimi Derne\u011fi Ege \u015eubesi Ba\u015fkan\u0131 Serdar Kalayc\u0131o\u011flu organizasyonla ilgili \u015fu noktalar\u0131n alt\u0131n\u0131 \u00e7izdi: &#8220;B\u00f6lgenin se\u00e7kin \u015firketlerini davet etti\u011fimiz 9. Yuvarlak Masa \u00c7al\u0131\u015ftay\u0131&#8217;nda bu sefer Great Place To Work Enstit\u00fcs\u00fc&#8217;n\u00fc konuk ettik ve b\u00f6lgemiz i\u00e7in \u00f6nemli bir konu oldu\u011funu d\u00fc\u015f\u00fcnd\u00fc\u011f\u00fcm\u00fcz &#8216;\u015firketlerin ekonomiye katk\u0131s\u0131 ve g\u00fcven k\u00fclt\u00fcr\u00fcn\u00fc&#8217; 24 \u015firketimizin insan kaynaklar\u0131 y\u00f6neticileri ile ele ald\u0131k. Olduk\u00e7a verimli ge\u00e7ti\u011fini d\u00fc\u015f\u00fcnd\u00fc\u011f\u00fcm\u00fcz \u00e7al\u0131\u015ftaylar\u0131m\u0131z bundan sonrada de\u011ferli konuk ve konular ile her ay devam edecek.&#8221; Ayr\u0131ca 17-18 Ekim 2019&#8217;da d\u00fczenlenecek olan 16. Ege \u0130nsan Y\u00f6netimi Zirvesi hakk\u0131nda bilgi veren Kalayc\u0131o\u011flu \u201cBir Y\u00f6netim Yolculu\u011fu\u201d temas\u0131 ile \u00d6zg\u00fcr Demirta\u015f, U\u011fur D\u00fcndar, Sedef Kaba\u015f, Evrim Kuran, Ali Haydar Bozkurt, Mert Karaibrahimo\u011flu gibi toplam 19 konu\u011fun kat\u0131laca\u011f\u0131 ve krizle ba\u015fa \u00e7\u0131kmak ile de\u011ferli \u015firket uygulamalar\u0131n\u0131n anlat\u0131laca\u011f\u0131n\u0131 s\u00f6yledi. 16. Ege \u0130nsan Y\u00f6netimi Zirvesi kat\u0131l\u0131mc\u0131lar\u0131 aras\u0131nda Great Place to Work Enstit\u00fcs\u00fc de yer al\u0131yor.<\/p>\n","protected":false},"excerpt":{"rendered":"<p>PERY\u00d6N Ege&#8217;nin d\u00fczenledi\u011fi \u00c7al\u0131\u015ftay, \u0130zmir&#8217;in \u00f6nde gelen \u0130nsan Kaynaklar\u0131 y\u00f6neticilerinin kat\u0131l\u0131m\u0131yla \u0130zmir&#8217;de ger\u00e7ekle\u015ftirildi. \u00c7al\u0131\u015ftayda Ege B\u00f6lgesi&#8217;nde yer alan \u015firketlerin ekonomiye katk\u0131s\u0131 ve g\u00fcven k\u00fclt\u00fcr\u00fc konu\u015fuldu. T\u00fcrkiye \u0130statistik Kurumu (TU\u0130K) ve T\u00fcrkiye \u0130hracat\u00e7\u0131lar Meclisi verilerine g\u00f6re, Ege B\u00f6lgesi, 2019&#8217;un ilk \u00e7eyre\u011finde 1,8 milyar dolarl\u0131k d\u0131\u015f ticaret fazlas\u0131 verdi. B\u00f6lgede 3 milyar 177 milyon dolarl\u0131k ithalata kar\u015f\u0131l\u0131k [&hellip;]<\/p>\n","protected":false},"author":1,"featured_media":29463,"comment_status":"open","ping_status":"open","sticky":false,"template":"","format":"standard","meta":{"ngg_post_thumbnail":0},"categories":[5213],"tags":[9345],"_links":{"self":[{"href":"https:\/\/emlaktuel.com\/index.php?rest_route=\/wp\/v2\/posts\/29462"}],"collection":[{"href":"https:\/\/emlaktuel.com\/index.php?rest_route=\/wp\/v2\/posts"}],"about":[{"href":"https:\/\/emlaktuel.com\/index.php?rest_route=\/wp\/v2\/types\/post"}],"author":[{"embeddable":true,"href":"https:\/\/emlaktuel.com\/index.php?rest_route=\/wp\/v2\/users\/1"}],"replies":[{"embeddable":true,"href":"https:\/\/emlaktuel.com\/index.php?rest_route=%2Fwp%2Fv2%2Fcomments&post=29462"}],"version-history":[{"count":1,"href":"https:\/\/emlaktuel.com\/index.php?rest_route=\/wp\/v2\/posts\/29462\/revisions"}],"predecessor-version":[{"id":29464,"href":"https:\/\/emlaktuel.com\/index.php?rest_route=\/wp\/v2\/posts\/29462\/revisions\/29464"}],"wp:featuredmedia":[{"embeddable":true,"href":"https:\/\/emlaktuel.com\/index.php?rest_route=\/wp\/v2\/media\/29463"}],"wp:attachment":[{"href":"https:\/\/emlaktuel.com\/index.php?rest_route=%2Fwp%2Fv2%2Fmedia&parent=29462"}],"wp:term":[{"taxonomy":"category","embeddable":true,"href":"https:\/\/emlaktuel.com\/index.php?rest_route=%2Fwp%2Fv2%2Fcategories&post=29462"},{"taxonomy":"post_tag","embeddable":true,"href":"https:\/\/emlaktuel.com\/index.php?rest_route=%2Fwp%2Fv2%2Ftags&post=29462"}],"curies":[{"name":"wp","href":"https:\/\/api.w.org\/{rel}","templated":true}]}}