{"id":2929,"date":"2016-07-11T11:58:52","date_gmt":"2016-07-11T08:58:52","guid":{"rendered":"http:\/\/emlaktuel.com\/?p=2929"},"modified":"2018-07-05T14:16:54","modified_gmt":"2018-07-05T11:16:54","slug":"cilgin-projeler-arsa-fiyatlarini-ucurdu","status":"publish","type":"post","link":"https:\/\/emlaktuel.com\/?p=2929","title":{"rendered":"\u00c7\u0131lg\u0131n projeler arsa fiyatlar\u0131n\u0131 u\u00e7urdu!"},"content":{"rendered":"<h1 class=\"news-detail-title selectionShareable\"><\/h1>\n<p class=\"topP\">\u00c7\u0131lg\u0131n projeler arsa fiyatlar\u0131n\u0131 da \u2018\u00e7\u0131ld\u0131rtt\u0131\u2019. K\u00f6pr\u00fcler, havalimanlar\u0131, kanallar ve t\u00fcnellere kadar bir\u00e7ok mega projenin \u00e7evresindeki arsalar y\u00fczde 100 ila 250 aras\u0131nda de\u011fer kazand\u0131.<\/p>\n<div class=\"soc2 nmobilw\"><\/div>\n<div class=\"centerAd\"><\/div>\n<div class=\"clear-01\"><strong>Y\u00fczde 250 de\u011fer kazand\u0131<\/strong><\/div>\n<div class=\"clear\">\n<div id=\"socialNetwork\"><\/div>\n<\/div>\n<div class=\"centerAd\">T\u00fcrkiye&#8217;nin mega projeleri b\u00f6lgede bulunan arsa ve konut fiyatlar\u0131n\u0131 adeta u\u00e7uruyor. Cumhuriyet tarihinin en b\u00fcy\u00fck yat\u0131r\u0131mlar\u0131ndan biri olan ve 76 milyon 500 bin metrekarelik in\u015faat alan\u0131n\u0131 kapsayan yeni havaliman\u0131 projesinin ilk etab\u0131n\u0131n 2018&#8217;de hizmete a\u00e7\u0131lmas\u0131 hedefleniyor. Karadeniz sahiline Terkos g\u00f6l\u00fcne yak\u0131n Arnavutk\u00f6y- G\u00f6kt\u00fcrk-\u00c7atalca kav\u015fa\u011f\u0131nda 7 bin 700 hektar alanl\u0131k Akp\u0131nar ve Yenik\u00f6y k\u00f6yleri aras\u0131na yap\u0131lacak havaalan\u0131 ile de\u011ferlenecek b\u00f6lgeye ilgi y\u00fcksek. Son 2 y\u0131lda \u00f6zellikle Arnavutk\u00f6y ve \u00c7atalca il\u00e7elerine olan ilgi ve bu ilgiye ba\u011fl\u0131 olarak artan fiyatlar\u0131 de\u011ferlendiren Keller Williams T\u00fcrkiye \u00dclke Direkt\u00f6r\u00fc Emre Erol, &#8220;Yeni havaliman\u0131 \u00e7al\u0131\u015fmalar\u0131 s\u00fcrerken bir yandan da rayl\u0131 sistem ba\u011flant\u0131 projesinde gerekli ad\u0131mlar at\u0131lmaya ba\u015fland\u0131. Proje bedeli toplam 4 milyar 845 milyon 600 bin TL olarak a\u00e7\u0131klanan ve 13 istasyondan olu\u015fan metro hatt\u0131 ile kent merkeziyle havaliman\u0131 aras\u0131nda ula\u015f\u0131m 30 dakika gibi k\u0131sa bir s\u00fcreye inecek. Toplu ula\u015f\u0131m a\u011f\u0131n\u0131n geli\u015fmesine paralel olarak b\u00f6lgedeki fiyatlar da artacak. Yeni havaliman\u0131 projesi konu\u015fulmaya ba\u015flanmadan \u00f6nce b\u00f6lgede metrekaresi 80 TL&#8217;den al\u0131c\u0131 bulan arsa fiyatlar\u0131 bug\u00fcn 250-300 TL&#8217;ye kadar \u00e7\u0131k\u0131yor&#8221; dedi. Emre Erol, &#8220;Arnavutk\u00f6y&#8217;de Tayakad\u0131n, Yenik\u00f6y, Durusu G\u00f6l\u00fc ve Karaburun mevkilerinde y\u00fczde 30 ila 50 oran\u0131nda art\u0131\u015f s\u00f6z konusu. \u00c7atalca da de\u011ferlenen il\u00e7elerden. Ge\u00e7ti\u011fimiz ekim ay\u0131nda metrekare fiyatlar\u0131 1.500 TL civar\u0131nda seyrederken \u015fuan 2 bin TL&#8217;ye kadar y\u00fckseldi. Bu y\u00fckseli\u015flerin devam\u0131 da muhtemel, talep artacak ve \u0130stanbul geni\u015flemeye devam edecek&#8221; dedi.<\/div>\n<div>\n<h2><img loading=\"lazy\" class=\"alignnone  wp-image-2930\" src=\"http:\/\/emlaktuel.com\/wp-content\/uploads\/2016\/07\/MTk3MTMzMT-cilgin-projeler-arsa-fiyatlarini-artirdi-300x192.jpg\" alt=\"MTk3MTMzMT-cilgin-projeler-arsa-fiyatlarini-artirdi\" width=\"519\" height=\"332\" \/><\/h2>\n<h2>4 M\u0130LYON K\u0130\u015e\u0130 G\u00d6\u00c7 EDECEK<\/h2>\n<p>Yeni havaliman\u0131 projesi \u00e7evresinin tapuda \u015fu an tarla olarak ge\u00e7ti\u011fine dikkat \u00e7eken Emre Erol, &#8220;Projenin \u00e7evresinde bulunan b\u00f6lgelerin zamanla imara a\u00e7\u0131lmas\u0131 planlan\u0131yor. \u0130mar izinlerinin al\u0131nmas\u0131 beklenen 325 bin d\u00f6n\u00fcml\u00fck arazi \u00fczerine kurulacak yeni \u015fehirlerde 4 milyon ki\u015finin ik\u00e2met etmesi bekleniyor. B\u00f6lgede sadece konut de\u011fil, otel, ofis, al\u0131\u015fveri\u015f merkezi, sanayi ve lojistik yat\u0131r\u0131mlar\u0131 da yer alacak. Suudi Arabistan, L\u00fcbnan, Katar ve Kuveytli yat\u0131r\u0131mc\u0131lar\u0131n ilgilendi\u011fini s\u00f6yleyebiliriz&#8221; dedi.<\/p>\n<h2><img loading=\"lazy\" class=\"alignnone  wp-image-2931\" src=\"http:\/\/emlaktuel.com\/wp-content\/uploads\/2016\/07\/NTM2MTU2Mz-cilgin-projeler-arsa-fiyatlarini-artirdi-300x192.jpg\" alt=\"NTM2MTU2Mz-cilgin-projeler-arsa-fiyatlarini-artirdi\" width=\"528\" height=\"338\" \/><\/h2>\n<h2>\u00dc\u00c7\u00dcNC\u00dc K\u00d6PR\u00dc \u015e\u0130LE F\u0130YATLARINI DA U\u00c7URDU<\/h2>\n<p>RE\/MAX T\u00fcrkiye Operasyon Ba\u015fkan\u0131 G\u00f6khan Karahan, konuttaki art\u0131\u015f\u0131n s\u00fcrece\u011fini belirterek, &#8220;\u0130stanbul&#8217;daki sat\u0131l\u0131k emlak fiyatlar\u0131 bir y\u0131lda ortalama y\u00fczde 22 y\u00fckseldi. Gayrimenkullerdeki art\u0131\u015flar mega projelerden kaynaklan\u0131yor. Silivri&#8217;de fiyatlar son bir y\u0131lda y\u00fczde 29 art\u0131\u015f g\u00f6sterdi. Kanal \u0130stanbul i\u00e7in g\u00f6zler tekrar Silivri&#8217;ye \u00e7evrilmi\u015f durumda. De\u011fer kazanan bir ba\u015fka il\u00e7emiz ise \u015eile. \u015eile&#8217;de gayrimenkul fiyatlar\u0131 son bir y\u0131lda ortalama y\u00fczde 28 artt\u0131. 3. k\u00f6pr\u00fc ve ba\u011flant\u0131 yollar\u0131n\u0131n yap\u0131lmas\u0131na ba\u011fl\u0131 olarak \u015eile yat\u0131r\u0131m alan\u0131 oldu&#8221; dedi.<\/p>\n<h2><img loading=\"lazy\" class=\"alignnone  wp-image-2932\" src=\"http:\/\/emlaktuel.com\/wp-content\/uploads\/2016\/07\/NjYyNTY0OT-cilgin-projeler-arsa-fiyatlarini-artirdi-300x192.jpg\" alt=\"NjYyNTY0OT-cilgin-projeler-arsa-fiyatlarini-artirdi\" width=\"477\" height=\"305\" \/><\/h2>\n<h2>OSMANGAZ\u0130 K\u00d6PR\u00dcS\u00dc Y\u00dcZDE 150 ARTIRDI<\/h2>\n<p>Eva Gayrimenkul De\u011ferleme Genel M\u00fcd\u00fcr\u00fc Cansel Turgut Yaz\u0131c\u0131, \u015fimdilerde Yalova ve Bursa&#8217;n\u0131n k\u00f6ylerinde ciddi bir hareketlilik oldu\u011funu, 2019&#8217;da tamamlanacak \u0130zmir&#8217;e kadar olan ba\u011flant\u0131 yolunun Manisa ve \u00a0<a href=\"http:\/\/emlakkulisi.com\/keywords\/ankara\">\u0130zmir<\/a>\u00a0 \u00e7evresindeki arazilerde de de\u011fer art\u0131\u015f\u0131 yarataca\u011f\u0131n\u0131 s\u00f6yledi. Bursa ve Yalova&#8217;da tarla vasf\u0131ndaki arsalar\u0131n metrekare fiyat\u0131 200 TL, Gebze&#8217;de 150 TL, Bal\u0131kesir&#8217;de 45 TL ve Manisa&#8217;da 35 TL&#8217;yi buldu. Yalova&#8217;daki gayrimenkul sekt\u00f6r\u00fcn\u00fcn de ivme kazand\u0131\u011f\u0131n\u0131 belirten Yaz\u0131c\u0131, &#8220;Zaten b\u00f6lge 3 y\u0131ld\u0131r art\u0131\u015f trendinde ve b\u00f6lgedeki arsa fiyatlar\u0131 y\u00fczde 100&#8217;\u00fcn \u00fczerinde art\u0131\u015f g\u00f6sterdi. Konut fiyatlar\u0131 baz\u0131 b\u00f6lgelerde son 5 y\u0131lda y\u00fczde 100&#8217;e yak\u0131n art\u0131\u015f g\u00f6sterdi&#8221; diye konu\u015ftu.<\/p>\n<\/div>\n","protected":false},"excerpt":{"rendered":"<p>\u00c7\u0131lg\u0131n projeler arsa fiyatlar\u0131n\u0131 da \u2018\u00e7\u0131ld\u0131rtt\u0131\u2019. K\u00f6pr\u00fcler, havalimanlar\u0131, kanallar ve t\u00fcnellere kadar bir\u00e7ok mega projenin \u00e7evresindeki arsalar y\u00fczde 100 ila 250 aras\u0131nda de\u011fer kazand\u0131. Y\u00fczde 250 de\u011fer kazand\u0131 T\u00fcrkiye&#8217;nin mega projeleri b\u00f6lgede bulunan arsa ve konut fiyatlar\u0131n\u0131 adeta u\u00e7uruyor. Cumhuriyet tarihinin en b\u00fcy\u00fck yat\u0131r\u0131mlar\u0131ndan biri olan ve 76 milyon 500 bin metrekarelik in\u015faat alan\u0131n\u0131 kapsayan [&hellip;]<\/p>\n","protected":false},"author":1,"featured_media":2108,"comment_status":"open","ping_status":"open","sticky":false,"template":"","format":"standard","meta":{"ngg_post_thumbnail":0},"categories":[221,1,26],"tags":[898,11189,1927,1926,11165,11166,1928,1275,11424,106,11099],"_links":{"self":[{"href":"https:\/\/emlaktuel.com\/index.php?rest_route=\/wp\/v2\/posts\/2929"}],"collection":[{"href":"https:\/\/emlaktuel.com\/index.php?rest_route=\/wp\/v2\/posts"}],"about":[{"href":"https:\/\/emlaktuel.com\/index.php?rest_route=\/wp\/v2\/types\/post"}],"author":[{"embeddable":true,"href":"https:\/\/emlaktuel.com\/index.php?rest_route=\/wp\/v2\/users\/1"}],"replies":[{"embeddable":true,"href":"https:\/\/emlaktuel.com\/index.php?rest_route=%2Fwp%2Fv2%2Fcomments&post=2929"}],"version-history":[{"count":1,"href":"https:\/\/emlaktuel.com\/index.php?rest_route=\/wp\/v2\/posts\/2929\/revisions"}],"predecessor-version":[{"id":2933,"href":"https:\/\/emlaktuel.com\/index.php?rest_route=\/wp\/v2\/posts\/2929\/revisions\/2933"}],"wp:featuredmedia":[{"embeddable":true,"href":"https:\/\/emlaktuel.com\/index.php?rest_route=\/wp\/v2\/media\/2108"}],"wp:attachment":[{"href":"https:\/\/emlaktuel.com\/index.php?rest_route=%2Fwp%2Fv2%2Fmedia&parent=2929"}],"wp:term":[{"taxonomy":"category","embeddable":true,"href":"https:\/\/emlaktuel.com\/index.php?rest_route=%2Fwp%2Fv2%2Fcategories&post=2929"},{"taxonomy":"post_tag","embeddable":true,"href":"https:\/\/emlaktuel.com\/index.php?rest_route=%2Fwp%2Fv2%2Ftags&post=2929"}],"curies":[{"name":"wp","href":"https:\/\/api.w.org\/{rel}","templated":true}]}}