{"id":29275,"date":"2019-09-16T14:24:28","date_gmt":"2019-09-16T11:24:28","guid":{"rendered":"https:\/\/emlaktuel.com\/?p=29275"},"modified":"2019-09-16T14:24:28","modified_gmt":"2019-09-16T11:24:28","slug":"turkiye-kentsel-donusumle-yilda-500-milyon-tasarruf-saglayacak","status":"publish","type":"post","link":"https:\/\/emlaktuel.com\/?p=29275","title":{"rendered":"T\u00fcrkiye, kentsel d\u00f6n\u00fc\u015f\u00fcmle y\u0131lda 500 milyon $ tasarruf sa\u011flayacak"},"content":{"rendered":"<h4>Kentsel D\u00f6n\u00fc\u015f\u00fcm Plan\u0131\u2019n\u0131n \u00fclkemiz ekonomisine de ciddi katk\u0131 sunaca\u011f\u0131n\u0131 s\u00f6yleyen Baymak CEO\u2019su Ender \u00c7olak, \u201cPlan kapsam\u0131nda 6,7 milyon konuttan acil, \u00f6ncelikli denilen 1,5 milyon konutun d\u00f6n\u00fc\u015f\u00fcm\u00fcn\u00fcn 5 y\u0131l i\u00e7erisinde sa\u011flanaca\u011f\u0131 a\u00e7\u0131kland\u0131. Yap\u0131lacak yeni binalarda kullan\u0131lacak enerji verimlili\u011fi y\u00fcksek \u00fcr\u00fcnler sayesinde T\u00fcrkiye, y\u0131lda yakla\u015f\u0131k 500 milyon dolarl\u0131k tasarruf edebilir\u201d dedi.<\/h4>\n<p>\u00c7evre ve \u015eehircilik Bakan\u0131 Murat Kurum taraf\u0131ndan a\u00e7\u0131klanan Kentsel D\u00f6n\u00fc\u015f\u00fcm Eylem Plan\u0131, T\u00fcrkiye\u2019de 500 milyon dolarl\u0131k tasarrufun da kap\u0131s\u0131n\u0131 aralad\u0131. Kentlerin d\u00f6n\u00fc\u015f\u00fcm anayasas\u0131n\u0131 olu\u015fturacaklar\u0131n\u0131 s\u00f6yleyen Murat Kurum, d\u00f6n\u00fc\u015ft\u00fcr\u00fclmesi acil olan 6,7 milyon konuttan acil, \u00f6ncelikli denilen 1,5 milyon konutun d\u00f6n\u00fc\u015f\u00fcm\u00fcn\u00fcn de 5 y\u0131l i\u00e7erisinde ger\u00e7ekle\u015ftirece\u011fini ifade etti.<\/p>\n<p><strong>M\u0130MAR\u0130 KADAR TASARRUF DA \u00d6NEML\u0130<\/strong><\/p>\n<p>S\u00f6z konusu eylem plan\u0131n\u0131n T\u00fcrkiye\u2019nin yap\u0131 stokunu daha g\u00fcvenli hale getirece\u011fini bunun yan\u0131 s\u0131ra T\u00fcrkiye ekonomisine b\u00fcy\u00fck katk\u0131da bulunaca\u011f\u0131n\u0131 ifade eden Baymak CEO\u2019su Ender \u00c7olak, \u201cKentsel D\u00f6n\u00fc\u015f\u00fcm Plan\u0131\u2019n\u0131n \u00fclkemiz ekonomisi i\u00e7in de son derece \u00f6nemli sonu\u00e7lar do\u011furaca\u011f\u0131na inan\u0131yoruz. Plan kapsam\u0131nda 6,7 milyon konuttan acil, \u00f6ncelikli denilen 1,5 milyon konutun d\u00f6n\u00fc\u015f\u00fcm\u00fcn\u00fcn 5 y\u0131l i\u00e7erisinde sa\u011flanaca\u011f\u0131 a\u00e7\u0131kland\u0131. Bu yap\u0131lar\u0131n neredeyse tamam\u0131nda eski \u0131s\u0131tma sistemleri kullan\u0131l\u0131yor. Yap\u0131lan son d\u00fczenlemeler \u0131\u015f\u0131\u011f\u0131nda; in\u015fa edilecek yeni binalarda enerji verimlili\u011fi y\u00fcksek \u00fcr\u00fcnler kullan\u0131lacak. Bu sayede de T\u00fcrkiye, y\u0131lda yakla\u015f\u0131k 500 milyon dolarl\u0131k tasarruf edebilir. Biz de Baymak olarak mimarinin g\u00fcc\u00fc kadar; s\u00fcrd\u00fcr\u00fclebilir, tasarruflu, \u00e7evre dostu \u00f6zelliklerle binalar in\u015fa etmenin \u00fclkemizin gelece\u011fi i\u00e7in olan \u00f6nemini biliyoruz ve bu konuda ba\u015flat\u0131lan seferberli\u011fe her t\u00fcrl\u00fc katk\u0131y\u0131 sunmaya haz\u0131r\u0131z\u201d dedi.<\/p>\n<p><strong>\u0130KL\u0130MLEND\u0130RME PAZARI DE\u011e\u0130\u015e\u0130YOR<\/strong><\/p>\n<p>\u0130klimlendirme sekt\u00f6r\u00fcnde sadece T\u00fcrkiye\u2019de de\u011fil t\u00fcm d\u00fcnyada \u00e7ok k\u00f6kl\u00fc de\u011fi\u015fiklikler ya\u015fand\u0131\u011f\u0131n\u0131 ifade eden Ender \u00c7olak \u015f\u00f6yle devam etti: \u201cArt\u0131k b\u00fct\u00fcn ilgili kurumlar ve \u015firketler, ya\u015fanan bu de\u011fi\u015fime haz\u0131rl\u0131kl\u0131 olmak zorunda. Gelecek bize \u00e7ocuklar\u0131m\u0131z\u0131n ya\u015fayabilece\u011fi bir d\u00fcnya i\u00e7in temiz enerji kullan\u0131m\u0131n\u0131, yenilenebilir kaynak t\u00fcketimini i\u015faret ediyor. Yenilenebilir enerji kullan\u0131m\u0131 i\u00e7in ge\u00e7ti\u011fimiz y\u0131l d\u00fcnyada 200 milyar dolar\u0131n \u00fczerinde yat\u0131r\u0131m yap\u0131ld\u0131. Ara\u015ft\u0131rmalar 10 y\u0131l i\u00e7inde Avrupa\u2019da kombi ve kazan pazar\u0131n\u0131n y\u00fczde 30 oran\u0131nda daralaca\u011f\u0131n\u0131, kat\u0131 yak\u0131tl\u0131 kazan pazar\u0131n\u0131n da zaman i\u00e7inde yok olaca\u011f\u0131 g\u00f6steriyor. Di\u011fer yandan Uluslararas\u0131 Enerji Ajans\u0131 taraf\u0131ndan yap\u0131lan projeksiyonda, 2060 y\u0131l\u0131na kadar d\u00fcnyada kullan\u0131lan elektri\u011finin yar\u0131s\u0131ndan fazlas\u0131n\u0131n g\u00fcne\u015f enerjisiyle \u00fcretilece\u011fi ve sera gaz\u0131 emisyonlar\u0131n\u0131 \u00f6nemli \u00f6l\u00e7\u00fcde azaltaca\u011f\u0131 \u00f6ng\u00f6r\u00fcl\u00fcyor.\u201d<\/p>\n<p>&nbsp;<\/p>\n<p><strong>Yenilenebilir enerjinin<br \/>\npay\u0131 iki kat\u0131na \u00e7\u0131kacak<\/strong><\/p>\n<p>17 Avrupa \u00fclkesi ve Avrupa Birli\u011fi \u00fclkelerinin y\u00fczde 90\u2019\u0131ndan olu\u015fan bir komisyonun 2020 itibar\u0131yla in\u015fa edilecek yeni binalar\u0131n y\u00fczde 100 \u201cS\u0131f\u0131r Enerji T\u00fcketen Binalar\u201d olmas\u0131 i\u00e7in bir direktif (nZEB) haz\u0131rlad\u0131\u011f\u0131n\u0131 da s\u00f6zlerine ekleyen \u00c7olak, \u201cG20 \u00fclkelerinin 2030\u2019daki hedefi konut ve ticari binalarda kullan\u0131lan elektri\u011fin yenilenebilir enerjiden elde edilmesi ve yenilenebilir enerjinin toplam enerji t\u00fcketimindeki pay\u0131n\u0131n iki kat\u0131na \u00e7\u0131kart\u0131lmas\u0131 y\u00f6n\u00fcnde. Bu do\u011frultuda, \u0131s\u0131 pompalar\u0131 da sekt\u00f6r\u00fcn gelecekteki en \u00f6nemli unsurlar\u0131 olacak. Bu kapsamda \u0131s\u0131 pompas\u0131 pazar\u0131n\u0131n 10 y\u0131l i\u00e7inde 4 kat b\u00fcy\u00fcmesini bekliyoruz. Avrupa\u2019da \u0131s\u0131 pompas\u0131 pazar\u0131n\u0131n 2017-2020 d\u00f6nemi aras\u0131nda y\u00fczde 42 b\u00fcy\u00fcyerek 2020 y\u0131l\u0131nda 555.000 adet seviyesine ula\u015fmas\u0131 bekleniyor. T\u00fcrkiye\u2019de \u0131s\u0131 pompas\u0131 pazar\u0131nda, son iki y\u0131lda tek haneli b\u00fcy\u00fcme ya\u015fan\u0131rken, biz y\u00fczde 50\u2019ye yak\u0131n b\u00fcy\u00fcd\u00fck\u201d dedi.<\/p>\n<p>&nbsp;<\/p>\n<p><strong>Ak\u0131ll\u0131 evler de \u2018verimlilik<br \/>\nseferberli\u011fi\u2019ne destek verecek<\/strong><\/p>\n<p>Ak\u0131ll\u0131 ev teknolojilerinin de bu verimlilik seferberli\u011fine ciddi katk\u0131 sunaca\u011f\u0131n\u0131n alt\u0131n\u0131 \u00e7izen Ender \u00c7olak \u015f\u00f6yle devam etti: \u201cAk\u0131ll\u0131 ev teknolojileri sayesinde binalar ak\u0131ll\u0131 telefonlar gibi s\u00fcrekli g\u00fcncellenen ve kullan\u0131m k\u0131lavuzu olan sistemler haline geldi. Art\u0131k sadece daireleri de\u011fil; \u00e7ok katl\u0131 binalar\u0131n merkezi sistemlerini dahi cep telefonlar\u0131ndan ve tabletlerden y\u00f6netmek m\u00fcmk\u00fcn. Bu alanda yeni teknolojiler de \u00e7ok k\u0131sa vadede hayat\u0131m\u0131zda yayg\u0131nla\u015facak. Bu sayede binalar\u0131n enerji kayna\u011f\u0131 da \u00e7ok daha kolay ve verimli bi\u00e7imde y\u00f6netilebilecek.\u201d<\/p>\n<p>&nbsp;<\/p>\n<p><strong>Ulusal Enerji Verimlili\u011fi<br \/>\nEylem Plan\u0131\u2019na da girdi<\/strong><\/p>\n<p>Enerji ve Tabii Kaynaklar Bakanl\u0131\u011f\u0131 taraf\u0131ndan yay\u0131nlanan Ulusal Enerji Verimlili\u011fi Eylem Plan\u0131\u2019nda da konuyla ilgili \u00f6nemli hedefler bulundu\u011funun alt\u0131n\u0131 \u00e7izen Ender \u00c7olak, \u201cMevcut binalar\u0131n rehabilitasyonu ve enerji verimlili\u011finin geli\u015ftirilmesi kapsam\u0131nda, bina sekt\u00f6r\u00fcnde \u0131s\u0131 yal\u0131t\u0131m\u0131 ile y\u00fcksek verimli pencere, ayd\u0131nlatma, beyaz e\u015fya, \u0131s\u0131 pompas\u0131, kazan ve asans\u00f6r motoru kullan\u0131m\u0131 gibi alanlarda enerji verimlili\u011finin art\u0131r\u0131lmas\u0131 i\u00e7in son kullan\u0131c\u0131lar\u0131n bilin\u00e7lendirilmesi, do\u011frudan ya da dolayl\u0131 olarak desteklenmesi ve y\u00fck\u00fcml\u00fcl\u00fckler getirilmesi ama\u00e7lan\u0131yor. 2023 y\u0131l\u0131na kadar tamamlanmas\u0131 planlanan bu aksiyon plan\u0131 da T\u00fcrkiye\u2019nin cari a\u00e7\u0131kla m\u00fccadelesine \u00f6nemli katk\u0131da bulunacakt\u0131r\u201d dedi.<\/p>\n","protected":false},"excerpt":{"rendered":"<p>Kentsel D\u00f6n\u00fc\u015f\u00fcm Plan\u0131\u2019n\u0131n \u00fclkemiz ekonomisine de ciddi katk\u0131 sunaca\u011f\u0131n\u0131 s\u00f6yleyen Baymak CEO\u2019su Ender \u00c7olak, \u201cPlan kapsam\u0131nda 6,7 milyon konuttan acil, \u00f6ncelikli denilen 1,5 milyon konutun d\u00f6n\u00fc\u015f\u00fcm\u00fcn\u00fcn 5 y\u0131l i\u00e7erisinde sa\u011flanaca\u011f\u0131 a\u00e7\u0131kland\u0131. Yap\u0131lacak yeni binalarda kullan\u0131lacak enerji verimlili\u011fi y\u00fcksek \u00fcr\u00fcnler sayesinde T\u00fcrkiye, y\u0131lda yakla\u015f\u0131k 500 milyon dolarl\u0131k tasarruf edebilir\u201d dedi. \u00c7evre ve \u015eehircilik Bakan\u0131 Murat Kurum [&hellip;]<\/p>\n","protected":false},"author":1,"featured_media":22775,"comment_status":"open","ping_status":"open","sticky":false,"template":"","format":"standard","meta":{"ngg_post_thumbnail":0},"categories":[5388],"tags":[6167,88],"_links":{"self":[{"href":"https:\/\/emlaktuel.com\/index.php?rest_route=\/wp\/v2\/posts\/29275"}],"collection":[{"href":"https:\/\/emlaktuel.com\/index.php?rest_route=\/wp\/v2\/posts"}],"about":[{"href":"https:\/\/emlaktuel.com\/index.php?rest_route=\/wp\/v2\/types\/post"}],"author":[{"embeddable":true,"href":"https:\/\/emlaktuel.com\/index.php?rest_route=\/wp\/v2\/users\/1"}],"replies":[{"embeddable":true,"href":"https:\/\/emlaktuel.com\/index.php?rest_route=%2Fwp%2Fv2%2Fcomments&post=29275"}],"version-history":[{"count":1,"href":"https:\/\/emlaktuel.com\/index.php?rest_route=\/wp\/v2\/posts\/29275\/revisions"}],"predecessor-version":[{"id":29276,"href":"https:\/\/emlaktuel.com\/index.php?rest_route=\/wp\/v2\/posts\/29275\/revisions\/29276"}],"wp:featuredmedia":[{"embeddable":true,"href":"https:\/\/emlaktuel.com\/index.php?rest_route=\/wp\/v2\/media\/22775"}],"wp:attachment":[{"href":"https:\/\/emlaktuel.com\/index.php?rest_route=%2Fwp%2Fv2%2Fmedia&parent=29275"}],"wp:term":[{"taxonomy":"category","embeddable":true,"href":"https:\/\/emlaktuel.com\/index.php?rest_route=%2Fwp%2Fv2%2Fcategories&post=29275"},{"taxonomy":"post_tag","embeddable":true,"href":"https:\/\/emlaktuel.com\/index.php?rest_route=%2Fwp%2Fv2%2Ftags&post=29275"}],"curies":[{"name":"wp","href":"https:\/\/api.w.org\/{rel}","templated":true}]}}