{"id":2923,"date":"2016-07-11T09:23:34","date_gmt":"2016-07-11T06:23:34","guid":{"rendered":"http:\/\/emlaktuel.com\/?p=2923"},"modified":"2018-07-05T14:16:49","modified_gmt":"2018-07-05T11:16:49","slug":"dogrudan-yatirimda-lider-gayrimenkul-sektoru","status":"publish","type":"post","link":"https:\/\/emlaktuel.com\/?p=2923","title":{"rendered":"Do\u011frudan yat\u0131r\u0131mda lider gayrimenkul sekt\u00f6r\u00fc!"},"content":{"rendered":"<h1 class=\"news-detail-title selectionShareable\"><\/h1>\n<p class=\"topP\">Ge\u00e7ti\u011fimiz g\u00fcnlerde Birle\u015fmi\u015f Milletler Ticaret ve Kalk\u0131nma \u00d6rg\u00fct\u00fc\u2019n\u00fcn (UNCTAD) a\u00e7\u0131klad\u0131\u011f\u0131 raporda uluslararas\u0131 do\u011frudan yat\u0131r\u0131m\u0131n en fazla ilgi g\u00f6rd\u00fc\u011f\u00fc sekt\u00f6r olarak da T\u00fcrkiye\u2019nin lokomotif sekt\u00f6r\u00fc olan gayrimenkul sekt\u00f6r\u00fcn\u00fcn bulundu\u011fu a\u00e7\u0131kland\u0131.<\/p>\n<div class=\"clear\"><\/div>\n<div>\n<div>Ge\u00e7ti\u011fimiz g\u00fcnlerde Birle\u015fmi\u015f Milletler Ticaret ve Kalk\u0131nma \u00d6rg\u00fct\u00fc\u2019n\u00fcn (UNCTAD) a\u00e7\u0131klad\u0131\u011f\u0131 raporda uluslararas\u0131 do\u011frudan yat\u0131r\u0131m\u0131n en fazla ilgi g\u00f6rd\u00fc\u011f\u00fc sekt\u00f6r olarak da T\u00fcrkiye\u2019nin lokomotif sekt\u00f6r\u00fc olan gayrimenkul sekt\u00f6r\u00fcn\u00fcn bulundu\u011fu a\u00e7\u0131kland\u0131. T\u00fcrkiye ge\u00e7en y\u0131l 22 bin yabanc\u0131 yat\u0131r\u0131mc\u0131n\u0131n gayrimenkul sekt\u00f6r\u00fcne yat\u0131r\u0131m yapt\u0131\u011f\u0131 ve yakla\u015f\u0131k 4.5-5 milyar dolar para giri\u015fini sa\u011flad\u0131. D\u00fcnya \u00e7ap\u0131nda \u00fclkelerin ve b\u00f6lgelerin durumu g\u00f6z \u00f6n\u00fcne al\u0131narak a\u00e7\u0131klanan bu rapor gayrimenkul sekt\u00f6r\u00fcn\u00fcn T\u00fcrkiye i\u00e7in ne kadar \u00f6nemli bir sekt\u00f6r oldu\u011funu bir kez daha g\u00f6zler \u00f6n\u00fcne serdi.<\/div>\n<h2>B\u00fcrokrasi siyaset\u00e7ilere yakla\u015fs\u0131n<\/h2>\n<p><img loading=\"lazy\" class=\"alignnone  wp-image-2924\" src=\"http:\/\/emlaktuel.com\/wp-content\/uploads\/2016\/07\/MTEyMjEzMz-dogrudan-yatirimin-lideri-gayrimenkul-sektoru-300x225.jpg\" alt=\"ali a\u011fao\u011flu\" width=\"599\" height=\"451\" \/><\/p>\n<div><\/div>\n<div><\/div>\n<div>A\u011fao\u011flu \u015eirketler Grubu Y\u00f6netim Kurulu Ba\u015fkan\u0131 Ali A\u011fao\u011flu da, 2012 y\u0131l\u0131nda \u00e7\u0131kan m\u00fctekabliyet yasas\u0131n\u0131n hayata ge\u00e7mesiyle yabanc\u0131 yat\u0131r\u0131mc\u0131n\u0131n konuta ilgisinin artt\u0131\u011f\u0131, yeni h\u00fcketin program\u0131na da oturma hakk\u0131 ve vatanda\u015fl\u0131k gibi \u00f6nerilerin bu raporun \u015feklini daha da de\u011fi\u015ftirece\u011fini s\u00f6yledi. A\u011fao\u011flu \u201c Biz T\u00fcrkiye olarak daha fazlas\u0131n\u0131 hakediyoruz. 2012 y\u0131l\u0131ndan bu yana \u00fclkeye sekt\u00f6r temsilcileri olarak milyarca dolar d\u00f6viz girmesini sa\u011flad\u0131k. B\u00fcrokraasinin bu konuda siyasilere ayak uydurmas\u0131 durumunda yat\u0131r\u0131m ligindeki basamaklar\u0131 daha h\u0131zl\u0131 \u00e7\u0131kar\u0131z\u201d dedi.<\/div>\n<div><\/div>\n<h2>M\u00fctekabiliyet yasas\u0131 d\u00f6n\u00fcm noktas\u0131<\/h2>\n<div><img loading=\"lazy\" class=\"alignnone  wp-image-2925\" src=\"http:\/\/emlaktuel.com\/wp-content\/uploads\/2016\/07\/NTcxMjg5OD-dogrudan-yatirimin-lideri-gayrimenkul-sektoru-300x192.jpg\" alt=\"NTcxMjg5OD-dogrudan-yatirimin-lideri-gayrimenkul-sektoru\" width=\"555\" height=\"355\" \/><\/div>\n<div><\/div>\n<div><\/div>\n<div>Konutder Y\u00f6netim Kurulu Ba\u015fkan\u0131 \u00d6mer Faruk \u00c7elik ise 2012 y\u0131l\u0131nda \u00e7\u0131kan yabanc\u0131ya konut sat\u0131\u015f\u0131n\u0131 g\u00fcndeme getiren m\u00fctekabiliyet yasas\u0131 sonras\u0131 5 milyar dolarl\u0131k bir yabanc\u0131 sat\u0131\u015f\u0131na ul\u015fa\u0131ld\u0131\u011f\u0131n\u0131 belirterek \u201cBunun bu y\u0131l 10 milyar dolar \u00f6ng\u00f6r\u00fcyoruz. Gerekli reformlar yap\u0131l\u0131rsa uluslarars\u0131 yat\u0131r\u0131c\u0131lar\u0131n konut sekt\u00f6r\u00fcne daha artarak devam edecektir\u201d dedi. Bu yasa ile d\u00f6viz girdisinde \u00f6nemli bir katk\u0131 oldu\u011funu da belirten \u00c7elik \u201c Yabanc\u0131ya konut sat\u0131\u015f\u0131 d\u00f6viz kazand\u0131r\u0131c\u0131 hizmet kategorisine al\u0131n\u0131rsa yat\u0131r\u0131mlar\u0131 2\u2019ye katlayabiliriz\u201d diye konu\u015ftu.<\/div>\n<\/div>\n<div><img loading=\"lazy\" class=\"alignnone  wp-image-2926\" src=\"http:\/\/emlaktuel.com\/wp-content\/uploads\/2016\/07\/ODcxMDY1ND-dogrudan-yatirimin-lideri-gayrimenkul-sektoru-300x192.jpg\" alt=\"kuzu\" width=\"569\" height=\"364\" \/><\/div>\n<div>\n<div>T\u00fcrkiye\u2019de bir\u00e7ok premium projeye imza atan ve yabanc\u0131 yat\u0131r\u0131mc\u0131lar\u0131n da ilgi duydu\u011fu projeler imza atan Kuzu Grup\u2019un Y\u00f6netim Kurulu \u00dcyesi \u00d6zen Kuzu \u201cUNCTAD raporunda T\u00fcrkiye\u2019nin dinamizmine, b\u00f6lgesel bir merkez konumunu sa\u011flamla\u015ft\u0131rmas\u0131na vurgu yap\u0131l\u0131yor. 2014\u2019te 12 milyar dolar olan uluslararas\u0131 do\u011frudan yat\u0131r\u0131m 2015\u2019te 17 milyar dolara \u00e7\u0131km\u0131\u015f. Bunun y\u00fczde 30\u2019su ve en b\u00fcy\u00fck oran\u0131n\u0131 da son y\u0131llarda b\u00fcy\u00fck geli\u015fim g\u00f6steren gayrimenkul sekt\u00f6r\u00fc olu\u015fturuyor. Bu sekt\u00f6r a\u00e7\u0131s\u0131ndan s\u00fcrpriz de\u011fil. Y\u0131llar\u0131n getirdi\u011fi kalite, geli\u015fim ve bilgimizin sonucudur. Bu oran\u0131 y\u00fckseltmek biz sekt\u00f6r\u00fcn b\u00fcy\u00fck oyuncular\u0131n\u0131n da g\u00f6revidir\u201d dedi. Raporda T\u00fcrkiye\u2019nin Asya\u2019da 5. en fazla uluslararas\u0131 do\u011frudan yat\u0131r\u0131m alan \u00fclke, Bat\u0131 Asya da (Ortado\u011fu b\u00f6lgesinde ) T\u00fcrkiye\u2019nin en fazla uluslararas\u0131 do\u011frudan yat\u0131r\u0131m alan bir \u00fclke oldu\u011funun alt\u0131n\u0131 \u00e7izen Kuzu \u201cBu T\u00fcrkiye\u2019nin b\u00f6lgesel bir merkez oldu\u011funu g\u00f6steriyor. T\u00fcrkiye bu b\u00f6lgeye gelen yat\u0131r\u0131mlar\u0131n y\u00fczde 20\u2019sine ekonomik istikrar\u0131 \u00a0ile talip olmu\u015ftur\u201d diye konu\u015ftu.<\/div>\n<div><\/div>\n<\/div>\n","protected":false},"excerpt":{"rendered":"<p>Ge\u00e7ti\u011fimiz g\u00fcnlerde Birle\u015fmi\u015f Milletler Ticaret ve Kalk\u0131nma \u00d6rg\u00fct\u00fc\u2019n\u00fcn (UNCTAD) a\u00e7\u0131klad\u0131\u011f\u0131 raporda uluslararas\u0131 do\u011frudan yat\u0131r\u0131m\u0131n en fazla ilgi g\u00f6rd\u00fc\u011f\u00fc sekt\u00f6r olarak da T\u00fcrkiye\u2019nin lokomotif sekt\u00f6r\u00fc olan gayrimenkul sekt\u00f6r\u00fcn\u00fcn bulundu\u011fu a\u00e7\u0131kland\u0131. Ge\u00e7ti\u011fimiz g\u00fcnlerde Birle\u015fmi\u015f Milletler Ticaret ve Kalk\u0131nma \u00d6rg\u00fct\u00fc\u2019n\u00fcn (UNCTAD) a\u00e7\u0131klad\u0131\u011f\u0131 raporda uluslararas\u0131 do\u011frudan yat\u0131r\u0131m\u0131n en fazla ilgi g\u00f6rd\u00fc\u011f\u00fc sekt\u00f6r olarak da T\u00fcrkiye\u2019nin lokomotif sekt\u00f6r\u00fc olan gayrimenkul [&hellip;]<\/p>\n","protected":false},"author":1,"featured_media":2927,"comment_status":"open","ping_status":"open","sticky":false,"template":"","format":"standard","meta":{"ngg_post_thumbnail":0},"categories":[221,1,26,27],"tags":[970,1514,1922,583,1924,1925,107,1923,11335,262,11322,556,96],"_links":{"self":[{"href":"https:\/\/emlaktuel.com\/index.php?rest_route=\/wp\/v2\/posts\/2923"}],"collection":[{"href":"https:\/\/emlaktuel.com\/index.php?rest_route=\/wp\/v2\/posts"}],"about":[{"href":"https:\/\/emlaktuel.com\/index.php?rest_route=\/wp\/v2\/types\/post"}],"author":[{"embeddable":true,"href":"https:\/\/emlaktuel.com\/index.php?rest_route=\/wp\/v2\/users\/1"}],"replies":[{"embeddable":true,"href":"https:\/\/emlaktuel.com\/index.php?rest_route=%2Fwp%2Fv2%2Fcomments&post=2923"}],"version-history":[{"count":1,"href":"https:\/\/emlaktuel.com\/index.php?rest_route=\/wp\/v2\/posts\/2923\/revisions"}],"predecessor-version":[{"id":2928,"href":"https:\/\/emlaktuel.com\/index.php?rest_route=\/wp\/v2\/posts\/2923\/revisions\/2928"}],"wp:featuredmedia":[{"embeddable":true,"href":"https:\/\/emlaktuel.com\/index.php?rest_route=\/wp\/v2\/media\/2927"}],"wp:attachment":[{"href":"https:\/\/emlaktuel.com\/index.php?rest_route=%2Fwp%2Fv2%2Fmedia&parent=2923"}],"wp:term":[{"taxonomy":"category","embeddable":true,"href":"https:\/\/emlaktuel.com\/index.php?rest_route=%2Fwp%2Fv2%2Fcategories&post=2923"},{"taxonomy":"post_tag","embeddable":true,"href":"https:\/\/emlaktuel.com\/index.php?rest_route=%2Fwp%2Fv2%2Ftags&post=2923"}],"curies":[{"name":"wp","href":"https:\/\/api.w.org\/{rel}","templated":true}]}}