{"id":29180,"date":"2019-08-27T16:52:33","date_gmt":"2019-08-27T13:52:33","guid":{"rendered":"https:\/\/emlaktuel.com\/?p=29180"},"modified":"2019-08-27T16:52:33","modified_gmt":"2019-08-27T13:52:33","slug":"tema-istanbul-bahcede-yasam-basladi","status":"publish","type":"post","link":"https:\/\/emlaktuel.com\/?p=29180","title":{"rendered":"Tema \u0130stanbul Bah\u00e7e&#8217;de ya\u015fam ba\u015flad\u0131"},"content":{"rendered":"<p>Mesa, Arta\u015f, Kantur\u2013Akda\u015f Ortak Giri\u015fimi ile Halkal\u0131 Atakent\u2019te hayata ge\u00e7en T\u00fcrkiye\u2019nin ilk master planl\u0131 \u00f6zel sekt\u00f6r gayrimenkul projesi olan Tema \u0130stanbul\u2019un ikinci etab\u0131 Tema \u0130stanbul Bah\u00e7e\u2019de konut teslimlerine ba\u015fland\u0131.<\/p>\n<p>Atakent\u2019in en g\u00f6zde projesi olarak konumlanan Tema \u0130stanbul\u2019un butik ya\u015fam temal\u0131 \u201cBah\u00e7e\u201d Etab\u0131; estetik mimarisi, geni\u015f balkonlu daireleri, yemye\u015fil bah\u00e7e manzaralar\u0131 ile konut al\u0131c\u0131lar\u0131na konforlu bir ya\u015fam vadediyor. Farkl\u0131 peyzaj konseptleri ile \u00e7e\u015fitlendirilmi\u015f bah\u00e7e alanlar\u0131 olu\u015fturulan projede her daire keyifli bir manzaraya sahip olarak tasarland\u0131. Estetik bah\u00e7elerin maksimum verimlilikte kullan\u0131labilmesi i\u00e7in olu\u015fturulan geni\u015f balkonlar, \u0130stanbul\u2019da talep edilen ev konforunu misliyle kar\u015f\u0131l\u0131yor.<\/p>\n<p><img loading=\"lazy\" class=\"aligncenter size-full wp-image-29181\" src=\"https:\/\/emlaktuel.com\/wp-content\/uploads\/2019\/08\/Tema_istanbul_bahcede_yasam_basladi.jpg\" alt=\"\" width=\"450\" height=\"300\" \/><\/p>\n<p>&nbsp;<\/p>\n<p>Ayr\u0131cal\u0131kl\u0131 sosyal donat\u0131lar\u0131 ve modern ya\u015fam alanlar\u0131yla, \u0130stanbul\u2019un en \u00e7ok tercih edilen mahallelerinden Atakent\u2019i yepyeni bir konut konseptiyle bulu\u015fturan Tema \u0130stanbul Bah\u00e7e\u2019de daire sat\u0131\u015flar\u0131 ise 562.000 TL\u2019den ba\u015flayan fiyat ve 18 ay vade se\u00e7ene\u011fiyle devam ediyor.<\/p>\n<p>&nbsp;<\/p>\n<h2><strong>Tema \u0130stanbul Bah\u00e7e ai\u015fe odakl\u0131 bir proje<\/strong><\/h2>\n<p>&nbsp;<\/p>\n<p>79 metrekare ile 216 metrekare aras\u0131nda de\u011fi\u015fen b\u00fcy\u00fckl\u00fcklere sahip \u201cBah\u00e7e\u201d Etab\u0131nda 1+1\u2019den 4+1\u2019e 363 daire yer al\u0131yor. Aile \u00f6ncelikli konut projesi \u00f6zelli\u011fiyle markal\u0131 konut sekt\u00f6r\u00fcnde \u00f6zel bir yer edinen Tema \u0130stanbul, \u201cBah\u00e7e\u201d Etab\u0131yla oturumcu ve yat\u0131r\u0131mc\u0131lardan yo\u011fun ilgi g\u00f6r\u00fcyor.<\/p>\n<p>Her katta az daire konsepti ile butik ya\u015fam tarz\u0131n\u0131 b\u00f6lgeye getiren Tema \u0130stanbul \u201cBah\u00e7e\u201d projesi; sakinlerine karma\u015fadan uzak, dingin ve sosyal ortak alanlar\u0131 ile kom\u015fuluk de\u011ferlerini \u00f6ne \u00e7\u0131karan komple bir ya\u015fam tarz\u0131 sunuyor. Projenin par\u00e7as\u0131 olarak olu\u015fturulan \u201cBah\u00e7e\u015fehir Koleji Atakent Tema Kamp\u00fcs\u00fc\u201d anaokulundan liseye kadar t\u00fcm e\u011fitim ihtiya\u00e7lar\u0131n\u0131 kar\u015f\u0131layacak \u015fekilde tasarlanm\u0131\u015f olmas\u0131 sebebiyle ailelerin projeye ilgisini artt\u0131r\u0131yor.<\/p>\n<h2><strong>Metro \u0130le hemen &#8216;Bah\u00e7e&#8217;desiniz<\/strong><\/h2>\n<p>B\u00f6lgeye butik bir ya\u015fam sunmas\u0131 i\u00e7in tasarlanan Tema \u0130stanbul Bah\u00e7e, h\u0131zla yap\u0131m\u0131 devam eden metro dura\u011f\u0131 ile hayat\u0131 kolayla\u015ft\u0131r\u0131yor. Marmaray \u2013 \u0130stanbul Havaliman\u0131 metro hatt\u0131n\u0131n \u201cTema\u201d dura\u011f\u0131, Tema \u0130stanbul Bah\u00e7e yat\u0131r\u0131mc\u0131lar\u0131n\u0131n ve ev sahiplerinin ula\u015f\u0131m alternatiflerine \u00f6nemli bir \u00e7e\u015fitlilik kat\u0131yor. \u0130stanbul Havaliman\u0131\u2019na olan ula\u015f\u0131m kolayl\u0131\u011f\u0131 ve alternatifleri sayesinde havayolu \u00e7al\u0131\u015fanlar\u0131n\u0131n bir numaral\u0131 tercihi konumundaki Tema \u0130stanbul Bah\u00e7e; Ortak Giri\u015fim\u2019in proje kapsam\u0131nda planlad\u0131\u011f\u0131 yeni etap projeleri ile de yat\u0131r\u0131m de\u011feri en y\u00fcksek projelerden biri olarak \u00f6ne \u00e7\u0131k\u0131yor. Site i\u00e7erisinde ya\u015fayacak sakinlerine huzuru ve \u015fehrin enerjisini bir arada sunacak olan Bah\u00e7e Etab\u0131; \u0130stanbul Havaliman\u0131\u2019n\u0131n yan\u0131 s\u0131ra TEM Otoyolu\u2019na, E-5 Karayolu\u2019na, e\u011fitim ve sa\u011fl\u0131k kurulu\u015flar\u0131na yak\u0131nl\u0131\u011f\u0131yla yat\u0131r\u0131mc\u0131lar\u0131na b\u00fcy\u00fck avantaj sa\u011fl\u0131yor.<\/p>\n<p>&nbsp;<\/p>\n","protected":false},"excerpt":{"rendered":"<p>Mesa, Arta\u015f, Kantur\u2013Akda\u015f Ortak Giri\u015fimi ile Halkal\u0131 Atakent\u2019te hayata ge\u00e7en T\u00fcrkiye\u2019nin ilk master planl\u0131 \u00f6zel sekt\u00f6r gayrimenkul projesi olan Tema \u0130stanbul\u2019un ikinci etab\u0131 Tema \u0130stanbul Bah\u00e7e\u2019de konut teslimlerine ba\u015fland\u0131. Atakent\u2019in en g\u00f6zde projesi olarak konumlanan Tema \u0130stanbul\u2019un butik ya\u015fam temal\u0131 \u201cBah\u00e7e\u201d Etab\u0131; estetik mimarisi, geni\u015f balkonlu daireleri, yemye\u015fil bah\u00e7e manzaralar\u0131 ile konut al\u0131c\u0131lar\u0131na konforlu bir [&hellip;]<\/p>\n","protected":false},"author":1,"featured_media":29182,"comment_status":"open","ping_status":"open","sticky":false,"template":"","format":"standard","meta":{"ngg_post_thumbnail":0},"categories":[5388],"tags":[10286,13692,10287],"_links":{"self":[{"href":"https:\/\/emlaktuel.com\/index.php?rest_route=\/wp\/v2\/posts\/29180"}],"collection":[{"href":"https:\/\/emlaktuel.com\/index.php?rest_route=\/wp\/v2\/posts"}],"about":[{"href":"https:\/\/emlaktuel.com\/index.php?rest_route=\/wp\/v2\/types\/post"}],"author":[{"embeddable":true,"href":"https:\/\/emlaktuel.com\/index.php?rest_route=\/wp\/v2\/users\/1"}],"replies":[{"embeddable":true,"href":"https:\/\/emlaktuel.com\/index.php?rest_route=%2Fwp%2Fv2%2Fcomments&post=29180"}],"version-history":[{"count":1,"href":"https:\/\/emlaktuel.com\/index.php?rest_route=\/wp\/v2\/posts\/29180\/revisions"}],"predecessor-version":[{"id":29183,"href":"https:\/\/emlaktuel.com\/index.php?rest_route=\/wp\/v2\/posts\/29180\/revisions\/29183"}],"wp:featuredmedia":[{"embeddable":true,"href":"https:\/\/emlaktuel.com\/index.php?rest_route=\/wp\/v2\/media\/29182"}],"wp:attachment":[{"href":"https:\/\/emlaktuel.com\/index.php?rest_route=%2Fwp%2Fv2%2Fmedia&parent=29180"}],"wp:term":[{"taxonomy":"category","embeddable":true,"href":"https:\/\/emlaktuel.com\/index.php?rest_route=%2Fwp%2Fv2%2Fcategories&post=29180"},{"taxonomy":"post_tag","embeddable":true,"href":"https:\/\/emlaktuel.com\/index.php?rest_route=%2Fwp%2Fv2%2Ftags&post=29180"}],"curies":[{"name":"wp","href":"https:\/\/api.w.org\/{rel}","templated":true}]}}