{"id":29165,"date":"2019-08-26T14:39:30","date_gmt":"2019-08-26T11:39:30","guid":{"rendered":"https:\/\/emlaktuel.com\/?p=29165"},"modified":"2019-08-26T14:39:30","modified_gmt":"2019-08-26T11:39:30","slug":"galataport-istanbul-icin-geri-sayim-basladi","status":"publish","type":"post","link":"https:\/\/emlaktuel.com\/?p=29165","title":{"rendered":"Galataport \u0130stanbul i\u00e7in geri say\u0131m ba\u015flad\u0131"},"content":{"rendered":"<p><strong><i>Karak\u00f6y sahil \u015feridine 200 y\u0131l sonra eri\u015fim imk\u00e2n\u0131 verecek, turizmden k\u00fclt\u00fcr-sanata kadar hayat\u0131n her alan\u0131na dokunacak bir d\u00fcnya projesi olan Galataport \u0130stanbul, 2020\u2019nin ikinci \u00e7eyre\u011finde a\u00e7\u0131lmaya haz\u0131rlan\u0131yor.<\/i><\/strong><\/p>\n<p><strong><i>Do\u011fu\u015f Grubu Y\u00f6netim Kurulu Ba\u015fkan\u0131 ve CEO\u2019su Ferit F. \u015eahenk ev sahipli\u011finde ve Bilgili Holding Y\u00f6netim Kurulu Ba\u015fkan\u0131 Serdar Bilgili\u2019nin kat\u0131l\u0131m\u0131yla ger\u00e7ekle\u015ftirilen Galataport \u0130stanbul tan\u0131t\u0131m toplant\u0131s\u0131n\u0131n a\u00e7\u0131l\u0131\u015f konu\u015fmas\u0131n\u0131 Do\u011fu\u015f Grubu Y\u00f6netim Kurulu Ba\u015fkan Vekili H\u00fcsn\u00fc Akhan yapt\u0131. Akhan konu\u015fmas\u0131nda, \u201c2014 y\u0131l\u0131nda \u00e7\u0131kt\u0131\u011f\u0131m\u0131z bu yolculukta art\u0131k geri say\u0131ma ba\u015flad\u0131k. Projemizin 2020\u2019nin ikinci \u00e7eyre\u011finde a\u00e7\u0131lacak olmas\u0131n\u0131n heyecan\u0131n\u0131 ya\u015f\u0131yoruz\u201d diye konu\u015ftu.<\/i><\/strong><\/p>\n<p><strong><i>Tan\u0131t\u0131m toplant\u0131s\u0131nda konu\u015fan Do\u011fu\u015f Grubu Y\u00f6netim Kurulu Ba\u015fkan\u0131 ve CEO\u2019su Ferit F. \u015eahenk de \u201cGalataport \u0130stanbul T\u00fcrkiye ve \u0130stanbul i\u00e7in bir p\u0131rlanta, Do\u011fu\u015f Grubu i\u00e7in ise bir ustal\u0131k d\u00f6nemi eseridir. Y\u0131lda 7 milyonu yabanc\u0131 turist 25 milyon ziyaret\u00e7iyi a\u011f\u0131rlayacak olan Galataport \u0130stanbul, sahas\u0131nda bar\u0131nd\u0131rd\u0131\u011f\u0131 2 m\u00fcze ve ortalar\u0131nda yer alan 14 bin m2\u2019lik rekreasyon alan\u0131 ile beraber k\u00fclt\u00fcr-sanat hayat\u0131 i\u00e7in de yeni bir merkez haline gelecek\u201d dedi.<\/i><\/strong><\/p>\n<p><strong><i>Projenin ortaklar\u0131ndan Bilgili Holding Y\u00f6netim Kurulu Ba\u015fkan\u0131 Serdar Bilgili ise \u201cGalataport \u0130stanbul; her y\u00f6n\u00fcyle \u015fehre de\u011fer katacak, bununla da kalmay\u0131p \u201c\u0130stanbul\u2019u ya\u015famay\u0131\u201d sa\u011flayacak yeni bir destinasyon olacak\u201d diye konu\u015ftu.<\/i><\/strong><\/p>\n<p>Do\u011fu\u015f<strong><i>\u00a0<\/i><\/strong>Grubu ile Bilgili Holding\u2019in ortakla\u015fa hayata ge\u00e7irdi\u011fi Galataport \u0130stanbul projesi i\u00e7in geri say\u0131m ba\u015flad\u0131. Turizmden k\u00fclt\u00fcr sanata, gastronomiden al\u0131\u015fveri\u015fe kadar hayat\u0131n her alan\u0131na dokunacak olan simge proje, 2020\u2019nin ikinci \u00e7eyre\u011finde a\u00e7\u0131l\u0131yor. Galataport \u0130stanbul, d\u00fcnyan\u0131n en b\u00fcy\u00fck sahil \u015feridi projelerinden biri olarak yepyeni bir destinasyon haline gelecek.<\/p>\n<p>Do\u011fu\u015f Grubu Y\u00f6netim Kurulu Ba\u015fkan\u0131 Vekili\u00a0<strong>H\u00fcsn\u00fc Akhan<\/strong>\u2019\u0131n a\u00e7\u0131l\u0131\u015f konu\u015fmas\u0131n\u0131 yapt\u0131\u011f\u0131, projenin detaylar\u0131n\u0131n ilk kez payla\u015f\u0131ld\u0131\u011f\u0131 toplant\u0131, Do\u011fu\u015f Grubu Y\u00f6netim Kurulu Ba\u015fkan\u0131 ve CEO\u2019su\u00a0<strong>Ferit F. \u015eahenk\u2019in<\/strong>\u00a0ev sahipli\u011finde ve Bilgili Holding Y\u00f6netim Kurulu Ba\u015fkan\u0131\u00a0<strong>Serdar Bilgili\u2019nin<\/strong>\u00a0kat\u0131l\u0131m\u0131yla ger\u00e7ekle\u015fti.<\/p>\n<p>Tan\u0131t\u0131m toplant\u0131s\u0131nda konu\u015fan Do\u011fu\u015f Grubu Y\u00f6netim Kurulu Ba\u015fkan\u0131 ve CEO\u2019su\u00a0<strong>Ferit F. \u015eahenk,\u00a0<\/strong>Galataport \u0130stanbul\u2019u\u00a0<strong>\u201cT\u00fcrkiye ve \u0130stanbul i\u00e7in bir p\u0131rlanta, Do\u011fu\u015f Grubu i\u00e7in ise bir ustal\u0131k d\u00f6nemi eseri\u201d\u00a0<\/strong>olarak niteleyerek \u015f\u00f6yle devam etti:<\/p>\n<p><strong>\u201cEminim bug\u00fcne kadar \u0130stanbul\u2019a bu noktadan hi\u00e7 bakmam\u0131\u015ft\u0131n\u0131z. \u015eehrimizin en b\u00fcy\u00fcleyici noktalar\u0131ndan biri uzun y\u0131llardan bu yana bizlere kapal\u0131yd\u0131. \u0130\u015fte Galataport ile birlikte g\u00fczel \u0130stanbul\u2019umuza bamba\u015fka bir a\u00e7\u0131dan daha kavu\u015fmu\u015f oluyoruz. 2013 y\u0131l\u0131nda o zaman ki ad\u0131yla Sal\u0131pazar\u0131 Kruvaziyer Liman ihalesine girerken de ana amac\u0131m\u0131z tarihi yar\u0131madan\u0131n bir uzant\u0131s\u0131 olan, Bo\u011faz\u2019\u0131n bu e\u015fsiz sahil \u015feridini \u0130stanbullulara ve \u015fehrin t\u00fcm ziyaret\u00e7ilerine kazand\u0131rmakt\u0131. Tam 200 y\u0131ld\u0131r halka kapal\u0131 olan 1.2 km\u2019lik sahil \u015feridi halka a\u00e7\u0131l\u0131yor. \u0130hale bedeli dahil toplam 1.7 milyar dolarl\u0131k bir yat\u0131r\u0131mla ger\u00e7ekle\u015ftirdi\u011fimiz Galataport, 2020\u2019de kap\u0131lar\u0131n\u0131 a\u00e7\u0131yor.<\/p>\n<p><\/strong><\/p>\n<p><strong>D\u00fcnyada ilk defa yolcular\u0131n yerin alt\u0131nda kar\u015f\u0131lanaca\u011f\u0131, g\u00fcmr\u00fckl\u00fc ve g\u00fcmr\u00fcks\u00fcz alanlar\u0131n de\u011fi\u015fken \u015fekilde ayr\u0131labildi\u011fi, \u015fehrin en tarihi ve k\u00fclt\u00fcrel a\u00e7\u0131dan zengin k\u0131sm\u0131nda m\u00fcrettebat dahil y\u0131lda 1.5 milyon ziyaret\u00e7iyi a\u011f\u0131rlayacak bir kruvaziyer liman\u0131 in\u015fa ettik. Bir \u2018ana liman\u2019 olarak konumlanan Galataport \u0130stanbul; Akdeniz \u00e7ana\u011f\u0131ndan Karadeniz\u2019e kadar geni\u015f bir co\u011frafyada da kruvaziyer turizmine hareketlilik getirecek. Y\u0131lda 7 milyonu yabanc\u0131 turist olmak \u00fczere 25 milyon ki\u015fiyi a\u011f\u0131rlayacak. Sonu\u00e7 olarak \u0130stanbul\u2019un yeni ve modern y\u00fcz\u00fc, ge\u00e7mi\u015fle ba\u011f\u0131n\u0131 koparmadan d\u00fcnyada e\u015fi benzeri olmayan bir g\u00f6rsellik \u00fczerinde bir araya geliyor.\u201d<\/strong><\/p>\n<p>Bilgili Holding Y\u00f6netim Kurulu Ba\u015fkan\u0131\u00a0<strong>Serdar Bilgili\u00a0<\/strong>ise Do\u011fu\u015f Grubu ile birlikte bu projede olmaktan mutluluk duyduklar\u0131n\u0131 belirterek,\u00a0<strong>\u201cGalataport \u0130stanbul, ziyaret\u00e7ilerine pek \u00e7ok alanda farkl\u0131 deneyimler sunarak \u015fehrin sosyal ya\u015fam\u0131n\u0131 de\u011fi\u015ftirecek bir yat\u0131r\u0131m. Projemiz a\u00e7\u0131ld\u0131\u011f\u0131nda 200 y\u0131ld\u0131r eri\u015fime kapal\u0131 olan sahil \u015feridi, buraya gelen yerli ve yabanc\u0131 turistlere adeta bir zamanda yolculuk deneyimi ya\u015fatacak. \u0130\u015fte bu y\u00fczden Galataport \u0130stanbul bir liman projesi olman\u0131n \u00f6tesinde anlamlar ta\u015f\u0131yor\u201d\u00a0<\/strong>dedi.<\/p>\n<p>Do\u011fu\u015f Grubu Y\u00f6netim Kurulu Ba\u015fkan\u0131 Vekili\u00a0<strong>H\u00fcsn\u00fc Akhan\u00a0<\/strong>da<strong>\u00a0\u201c1.2 km sahil \u015feridinde yer alan Galataport, bir zamanlar \u0130stanbul\u2019un ticaret merkezi olan Karak\u00f6y\u2019e eski ruhunu tekrar kazand\u0131racak. Bu projeye Do\u011fu\u015f ve Bilgili ortakl\u0131\u011f\u0131yla imza atmak bizler i\u00e7in bir gurur vesilesidir. Galataport \u0130stanbul, k\u00fclt\u00fcr-sanattan gastronomiye, turizmden al\u0131\u015fveri\u015fe kadar pek \u00e7ok farkl\u0131 fonksiyona sahip olacak\u201d<\/strong>\u00a0dedi.<\/p>\n<h2><strong>1.7 milyar dolarl\u0131k yat\u0131r\u0131m<\/strong><\/h2>\n<p>\u0130hale bedeli dahil toplam 1.7 milyar dolarl\u0131k yat\u0131r\u0131mla hayata ge\u00e7irilen proje; Bo\u011faz kenar\u0131nda 1.2 km\u2019lik sahil \u015feridini kaps\u0131yor. Galataport \u0130stanbul ile birlikte \u015fehir, b\u00f6lgenin do\u011fal dokusuna uyumlu, k\u00fclt\u00fcr-sanat kurumlar\u0131n\u0131n, d\u00fcnya standartlar\u0131nda bir kruvaziyer terminalinin, se\u00e7kin bir otel zincirinin, farkl\u0131 segmentlere hitap eden markalar\u0131n, kafelerin, restoranlar\u0131n ve ofis alanlar\u0131n\u0131n yer alaca\u011f\u0131, yerli ve yabanc\u0131 turistlerle \u0130stanbullular\u0131n bir arada olaca\u011f\u0131 \u00f6nemli bir ya\u015fam alan\u0131na kavu\u015facak. Yeni terminal binas\u0131 ise zemin alt\u0131nda yenilik\u00e7i bir teknoloji ve e\u015fsiz bir tasar\u0131mla planland\u0131.<\/p>\n<h2><strong>Y\u0131lda 25 milyon ziyaret\u00e7i \u00e7ekecek<\/strong><\/h2>\n<p>Yenilenen tarihi liman, \u0130stanbul\u2019un d\u00fcnyaya denizden a\u00e7\u0131lan kap\u0131s\u0131 olacak. Liman, 3 geminin ba\u011flanmas\u0131yla g\u00fcnde 15.000 yolcuya ve m\u00fcrettebata hizmet verebilecek kapasiteye g\u00f6re planland\u0131. Proje tamamland\u0131ktan sonra da y\u0131lda m\u00fcrettebat dahil yakla\u015f\u0131k1,5 milyon kruvaziyer yolcusunun \u0130stanbul\u2019u ziyaret edece\u011fi \u00f6ng\u00f6r\u00fcl\u00fcyor. Galataport \u0130stanbul, 7 milyonu yabanc\u0131 olmak \u00fczere y\u0131lda toplam 25 milyon ziyaret\u00e7iyi a\u011f\u0131rlayacak. Bu ziyaret\u00e7ilerin T\u00fcrkiye\u2019nin turizm gelirine tahmini katk\u0131s\u0131n\u0131n ise 1 milyar ABD Dolar\u0131 civar\u0131nda olaca\u011f\u0131 hesaplan\u0131yor.<\/p>\n<p>Projede yakla\u015f\u0131k 250 adet perakende ve yeme-i\u00e7me noktas\u0131 planlan\u0131yor. Ma\u011faza ve yeme-i\u00e7me birimleri i\u00e7in ayr\u0131lan kiralanabilir alan toplam\u0131 yakla\u015f\u0131k 52.000 metrekare, kiralanabilir ofis alan\u0131 ise yakla\u015f\u0131k 43.000 metrekareden olu\u015fuyor.<\/p>\n<p>Proje kapsam\u0131nda peyzaj d\u00fczenlemesi hayata ge\u00e7irilen tarihi Tophane Meydan\u0131 da yeniden \u0130stanbul\u2019un en \u00f6nemli meydanlar\u0131ndan birine d\u00f6n\u00fc\u015ft\u00fcr\u00fcl\u00fcyor. Galataport \u0130stanbul, sahas\u0131nda bar\u0131nd\u0131rd\u0131\u011f\u0131 2 m\u00fcze ve ortalar\u0131nda yer alan 14 bin m2\u2019lik rekreasyon alan\u0131 ile beraber k\u00fclt\u00fcr-sanat hayat\u0131 i\u00e7in de yeni bir merkez haline gelecek. Bu alan \u0130stanbul\u2019un ilk m\u00fcze meydan\u0131 olmakla birlikte, sene boyunca \u00f6zel bir etkinlik planlamas\u0131yla s\u00fcrekli ya\u015fayan bir alan olacak.<\/p>\n<h3><strong>D\u00fcnya turizm devinden 177 odal\u0131 otel<\/strong><\/h3>\n<p>1928\u2019de kurulan ve d\u00fcnyada sadece 10 se\u00e7kin lokasyonda yer alan Hong Kong men\u015feili Peninsula Grubu, ad\u0131yla \u00f6rt\u00fc\u015fen bir \u015fekilde \u0130stanbul\u2019da tarihi yar\u0131madan\u0131n tam kar\u015f\u0131s\u0131nda yeni otelini a\u00e7\u0131yor. Peninsula Grubu sadece i\u015fletmeci olarak de\u011fil ayn\u0131 zamanda %50 oran\u0131nda yat\u0131r\u0131mc\u0131 olarak girdi\u011fi Peninsula \u0130stanbul projesiyle Galataport \u0130stanbul\u2019a ve \u00fclke turizmine b\u00fcy\u00fck katk\u0131 sa\u011flayacak.<\/p>\n<h2><strong>5000 ki\u015fiye istihdam imk\u00e2n\u0131<\/strong><\/h2>\n<p>Galataport \u0130stanbul, i\u00e7eri\u011finde bar\u0131nd\u0131rd\u0131\u011f\u0131 pek \u00e7ok farkl\u0131 faaliyet alan\u0131 ve yat\u0131r\u0131m ile sadece T\u00fcrkiye ekonomisine de\u011fil \u00fclke turizmine de \u00f6nemli katk\u0131lar\u0131 olacak bir proje. Galataport, en yo\u011fun d\u00f6neminde, in\u015faat y\u00fcklenicileri ile birlikte 5000 ki\u015fiye istihdam sa\u011fl\u0131yor. Projenin hayata ge\u00e7mesinin ard\u0131ndan ise planlama kapsam\u0131nda bulunan kruvaziyer terminalinin, yerel ve d\u00fcnya lezzetleri sunan kafelerin ve restoranlar\u0131n, ulusal ve uluslararas\u0131 bir\u00e7ok markaya ev sahipli\u011fi yapacak ma\u011fazalar\u0131n, otelin, ofislerin ve y\u00fcksek kapasitedeki otopark\u0131n a\u00e7\u0131lmas\u0131ndan sonra ise yakla\u015f\u0131k 4500 ki\u015fiye istihdam sa\u011flanmas\u0131 hedefleniyor.<\/p>\n","protected":false},"excerpt":{"rendered":"<p>Karak\u00f6y sahil \u015feridine 200 y\u0131l sonra eri\u015fim imk\u00e2n\u0131 verecek, turizmden k\u00fclt\u00fcr-sanata kadar hayat\u0131n her alan\u0131na dokunacak bir d\u00fcnya projesi olan Galataport \u0130stanbul, 2020\u2019nin ikinci \u00e7eyre\u011finde a\u00e7\u0131lmaya haz\u0131rlan\u0131yor. Do\u011fu\u015f Grubu Y\u00f6netim Kurulu Ba\u015fkan\u0131 ve CEO\u2019su Ferit F. \u015eahenk ev sahipli\u011finde ve Bilgili Holding Y\u00f6netim Kurulu Ba\u015fkan\u0131 Serdar Bilgili\u2019nin kat\u0131l\u0131m\u0131yla ger\u00e7ekle\u015ftirilen Galataport \u0130stanbul tan\u0131t\u0131m toplant\u0131s\u0131n\u0131n a\u00e7\u0131l\u0131\u015f konu\u015fmas\u0131n\u0131 [&hellip;]<\/p>\n","protected":false},"author":1,"featured_media":29166,"comment_status":"open","ping_status":"open","sticky":false,"template":"","format":"standard","meta":{"ngg_post_thumbnail":0},"categories":[5388],"tags":[13302,11714,868,13688,869],"_links":{"self":[{"href":"https:\/\/emlaktuel.com\/index.php?rest_route=\/wp\/v2\/posts\/29165"}],"collection":[{"href":"https:\/\/emlaktuel.com\/index.php?rest_route=\/wp\/v2\/posts"}],"about":[{"href":"https:\/\/emlaktuel.com\/index.php?rest_route=\/wp\/v2\/types\/post"}],"author":[{"embeddable":true,"href":"https:\/\/emlaktuel.com\/index.php?rest_route=\/wp\/v2\/users\/1"}],"replies":[{"embeddable":true,"href":"https:\/\/emlaktuel.com\/index.php?rest_route=%2Fwp%2Fv2%2Fcomments&post=29165"}],"version-history":[{"count":1,"href":"https:\/\/emlaktuel.com\/index.php?rest_route=\/wp\/v2\/posts\/29165\/revisions"}],"predecessor-version":[{"id":29167,"href":"https:\/\/emlaktuel.com\/index.php?rest_route=\/wp\/v2\/posts\/29165\/revisions\/29167"}],"wp:featuredmedia":[{"embeddable":true,"href":"https:\/\/emlaktuel.com\/index.php?rest_route=\/wp\/v2\/media\/29166"}],"wp:attachment":[{"href":"https:\/\/emlaktuel.com\/index.php?rest_route=%2Fwp%2Fv2%2Fmedia&parent=29165"}],"wp:term":[{"taxonomy":"category","embeddable":true,"href":"https:\/\/emlaktuel.com\/index.php?rest_route=%2Fwp%2Fv2%2Fcategories&post=29165"},{"taxonomy":"post_tag","embeddable":true,"href":"https:\/\/emlaktuel.com\/index.php?rest_route=%2Fwp%2Fv2%2Ftags&post=29165"}],"curies":[{"name":"wp","href":"https:\/\/api.w.org\/{rel}","templated":true}]}}