{"id":29136,"date":"2019-08-22T14:57:35","date_gmt":"2019-08-22T11:57:35","guid":{"rendered":"https:\/\/emlaktuel.com\/?p=29136"},"modified":"2019-08-22T14:57:35","modified_gmt":"2019-08-22T11:57:35","slug":"insaat-malzemeleri-sanayi-bilesik-endeksinde-4-ay-sonra-toparlanma-basladi","status":"publish","type":"post","link":"https:\/\/emlaktuel.com\/?p=29136","title":{"rendered":"\u0130n\u015faat Malzemeleri Sanayi Bile\u015fik Endeksi\u2019nde\u00a04 ay sonra toparlanma ba\u015flad\u0131"},"content":{"rendered":"<p><strong>T\u00fcrkiye \u0130MSAD \u0130n\u015faat Malzemeleri Sanayi Bile\u015fik Endeksi, 4 ayl\u0131k aradan sonra Temmuz 2019\u2019da yeniden art\u0131\u015f g\u00f6sterdi.\u00a0<\/strong><strong>Faaliyetlerde ya\u015fanan dengeli toparlanman\u0131n Bile\u015fik Endeks\u2019i destekledi\u011fi Temmuz ay\u0131nda, g\u00fcven ve beklentilerdeki zay\u0131flama da durdu. Hem dip seviyeden d\u00f6nen hem de Mart ay\u0131ndan sonra ilk kez art\u0131\u015f g\u00f6steren Bile\u015fik Endeks, Temmuz ay\u0131nda 0,16 puan y\u00fckseldi.<\/strong><\/p>\n<p><strong><br \/>\nT\u00fcrkiye \u0130n\u015faat Malzemesi Sanayicileri Derne\u011fi (T\u00fcrkiye \u0130MSAD)<\/strong>\u00a0taraf\u0131ndan her ay d\u00fczenli olarak yay\u0131nlanan\u00a0<strong>\u0130n\u015faat Malzemeleri Sanayi Bile\u015fik Endeksi<\/strong>\u2019nin\u00a0<strong>Temmuz\u00a0<\/strong><strong>2019<\/strong>\u00a0sonu\u00e7lar\u0131 a\u00e7\u0131kland\u0131.\u00a0<strong>Bile\u015fik Endeks<\/strong>\u2019te \u015fu bilgiler yer ald\u0131:<\/p>\n<p>\u0130n\u015faat malzemeleri sanayisinde faaliyetler Temmuz ay\u0131nda toparland\u0131. Yurti\u00e7i sat\u0131\u015flar 4 ay sonra art\u0131\u015f g\u00f6sterdi, ihracat art\u0131\u015f\u0131 h\u0131zland\u0131. Yurti\u00e7i sat\u0131\u015flar ve ihracat uzun s\u00fcre sonra birlikte artt\u0131. B\u00f6ylece faaliyetlerde genele yay\u0131lan dengeli bir toparlanma ya\u015fand\u0131. \u00dcretimde de 4 ay\u0131n ard\u0131ndan ilk kez art\u0131\u015f ya\u015fand\u0131. Yurti\u00e7i sat\u0131\u015flar, ihracat, \u00fcretim ve cirolar uzun s\u00fcre sonra birlikte art\u0131\u015f g\u00f6sterdi. Cirolar Temmuz ay\u0131nda i\u00e7 ve d\u0131\u015f sat\u0131\u015flardaki art\u0131\u015fa ba\u011fl\u0131 olarak \u00f6nemli \u00f6l\u00e7\u00fcde y\u00fckseldi. \u0130n\u015faat malzemeleri sanayisinde faaliyetler uzun s\u00fcreli dalgalanma ve zay\u0131flaman\u0131n ard\u0131ndan dengeli \u015fekilde toparland\u0131. Toparlanma \u00f6n\u00fcm\u00fczdeki aylar i\u00e7in faaliyetlere ili\u015fkin beklentileri de destekledi.<\/p>\n<h2><strong><br \/>\nG\u00fcven Endeksi\u2019nde uzun s\u00fcre sonra art\u0131\u015f ya\u015fand\u0131<\/strong><\/h2>\n<p>G\u00fcven Endeksi\u2019nde Temmuz ay\u0131nda ya\u015fanan dura\u011fanla\u015fman\u0131n sonraki d\u00f6nemlere ili\u015fkin toparlanma i\u015faretleri olarak g\u00f6r\u00fclmesi gerekti\u011fi belirtilen raporda G\u00fcven Endeksi i\u00e7inde yer alan T\u00fcrkiye ekonomisine ili\u015fkin g\u00fcven uzun s\u00fcre sonra ilk kez artt\u0131. \u0130n\u015faat sekt\u00f6r\u00fc ve in\u015faat malzemeleri sanayisine olan g\u00fcvendeki gerileme ise durdu. G\u00fcven seviyesi Temmuz ay\u0131nda bir \u00f6nceki aya g\u00f6re sadece 0,1 puan d\u00fc\u015ft\u00fc. G\u00fcven seviyesinde gerileme neredeyse durdu. Faaliyetlerdeki toparlanma g\u00fcveni destekledi. T\u00fcrkiye ekonomisine ili\u015fkin g\u00fcven dip seviyesinden geri d\u00f6nd\u00fc. Yurti\u00e7i pazarlarda g\u00fcven Temmuz ay\u0131nda h\u0131zl\u0131 gerilemesine son verdi. \u0130hracat pazarlar\u0131nda ise g\u00fcven Temmuz ay\u0131nda \u00f6nemli \u00f6l\u00e7\u00fcde art\u0131\u015f g\u00f6sterdi. G\u00fcven Endeksi daha \u00f6nce olumsuz etkiler yaratan d\u0131\u015f politik ve jeopolitik risklerin de \u00f6telenmesi ile bu kez olumlu etkilendi. Ekonomideki belirsizlikler de azald\u0131. Faaliyetlerdeki toparlanma da g\u00fcvene katk\u0131 sa\u011flad\u0131.<\/p>\n<h2><strong><br \/>\nBeklentilerde de uzun s\u00fcre sonra bir iyimserlik ortaya \u00e7\u0131kt\u0131<\/strong><\/h2>\n<p>\u0130n\u015faat Malzemeleri Sanayi Beklenti Endeksi Temmuz ay\u0131nda olduk\u00e7a s\u0131n\u0131rl\u0131 bir gerileme g\u00f6sterdi. Beklentilerde de zay\u0131flama olduk\u00e7a yava\u015flad\u0131. \u00d6zellikle T\u00fcrkiye ekonomisine ili\u015fkin beklentiler \u00e7ok uzun s\u00fcre sonra Temmuz ay\u0131nda iyile\u015fme g\u00f6sterdi. Faaliyetlerdeki toparlanma da beklentileri destekledi. Beklenti Endeksi Temmuz ay\u0131nda bir \u00f6nceki aya g\u00f6re 0,2 puan d\u00fc\u015ft\u00fc. \u0130n\u015faat malzemeleri sanayisine ili\u015fkin beklentiler Temmuz ay\u0131nda dura\u011fanla\u015ft\u0131. \u00d6n\u00fcm\u00fczdeki \u00fc\u00e7 aya ili\u015fkin al\u0131nan yurti\u00e7i sipari\u015flerde s\u0131n\u0131rl\u0131 bir d\u00fc\u015f\u00fc\u015f ya\u015fand\u0131. \u00d6n\u00fcm\u00fczdeki \u00fc\u00e7 aya ili\u015fkin al\u0131nan ihracat sipari\u015fleri ise Temmuz ay\u0131nda h\u0131zlanan bir art\u0131\u015f g\u00f6sterdi. \u00d6n\u00fcm\u00fczdeki \u00fc\u00e7 ay\u0131n \u00fcretim beklentisi de artt\u0131. Sekt\u00f6r \u00f6zellikle ihracat sipari\u015flerine dayal\u0131 \u00fcretimde iyimserli\u011fini s\u00fcrd\u00fcr\u00fcyor. Beklentileri olumsuz etkileyen siyasi ve d\u0131\u015f politik riskler g\u00f6receli olarak azald\u0131. Y\u0131l\u0131n geri kalan\u0131nda beklentilere daha \u00e7ok ekonomide ve in\u015faat sekt\u00f6r\u00fcnde at\u0131lacak ad\u0131mlar\u0131n y\u00f6n verece\u011fi, mevcut beklentilerin bu konuda ihtiyatl\u0131 bir iyimserli\u011fi yans\u0131tt\u0131\u011f\u0131 g\u00f6r\u00fcld\u00fc.<\/p>\n<p>G\u00fcven ve beklentileri olumsuz etkileyen siyasi, d\u0131\u015f politik ve jeopolitik risklerin azalmas\u0131 ve faaliyetlerde ya\u015fanan toparlanma \u0130n\u015faat Malzemeleri Sanayi Bile\u015fik Endeksi\u2019ndeki art\u0131\u015f\u0131 destekledi. Bundan sonraki iyile\u015fmenin daha \u00e7ok ekonomide ve in\u015faat-konut sekt\u00f6r\u00fcnde at\u0131lacak ad\u0131mlara ba\u011fl\u0131 olaca\u011f\u0131 de\u011ferlendirildi.<\/p>\n","protected":false},"excerpt":{"rendered":"<p>T\u00fcrkiye \u0130MSAD \u0130n\u015faat Malzemeleri Sanayi Bile\u015fik Endeksi, 4 ayl\u0131k aradan sonra Temmuz 2019\u2019da yeniden art\u0131\u015f g\u00f6sterdi.\u00a0Faaliyetlerde ya\u015fanan dengeli toparlanman\u0131n Bile\u015fik Endeks\u2019i destekledi\u011fi Temmuz ay\u0131nda, g\u00fcven ve beklentilerdeki zay\u0131flama da durdu. Hem dip seviyeden d\u00f6nen hem de Mart ay\u0131ndan sonra ilk kez art\u0131\u015f g\u00f6steren Bile\u015fik Endeks, Temmuz ay\u0131nda 0,16 puan y\u00fckseldi. T\u00fcrkiye \u0130n\u015faat Malzemesi Sanayicileri Derne\u011fi [&hellip;]<\/p>\n","protected":false},"author":1,"featured_media":27430,"comment_status":"open","ping_status":"open","sticky":false,"template":"","format":"standard","meta":{"ngg_post_thumbnail":0},"categories":[5388],"tags":[67,8715],"_links":{"self":[{"href":"https:\/\/emlaktuel.com\/index.php?rest_route=\/wp\/v2\/posts\/29136"}],"collection":[{"href":"https:\/\/emlaktuel.com\/index.php?rest_route=\/wp\/v2\/posts"}],"about":[{"href":"https:\/\/emlaktuel.com\/index.php?rest_route=\/wp\/v2\/types\/post"}],"author":[{"embeddable":true,"href":"https:\/\/emlaktuel.com\/index.php?rest_route=\/wp\/v2\/users\/1"}],"replies":[{"embeddable":true,"href":"https:\/\/emlaktuel.com\/index.php?rest_route=%2Fwp%2Fv2%2Fcomments&post=29136"}],"version-history":[{"count":1,"href":"https:\/\/emlaktuel.com\/index.php?rest_route=\/wp\/v2\/posts\/29136\/revisions"}],"predecessor-version":[{"id":29137,"href":"https:\/\/emlaktuel.com\/index.php?rest_route=\/wp\/v2\/posts\/29136\/revisions\/29137"}],"wp:featuredmedia":[{"embeddable":true,"href":"https:\/\/emlaktuel.com\/index.php?rest_route=\/wp\/v2\/media\/27430"}],"wp:attachment":[{"href":"https:\/\/emlaktuel.com\/index.php?rest_route=%2Fwp%2Fv2%2Fmedia&parent=29136"}],"wp:term":[{"taxonomy":"category","embeddable":true,"href":"https:\/\/emlaktuel.com\/index.php?rest_route=%2Fwp%2Fv2%2Fcategories&post=29136"},{"taxonomy":"post_tag","embeddable":true,"href":"https:\/\/emlaktuel.com\/index.php?rest_route=%2Fwp%2Fv2%2Ftags&post=29136"}],"curies":[{"name":"wp","href":"https:\/\/api.w.org\/{rel}","templated":true}]}}