{"id":29090,"date":"2019-08-08T11:14:17","date_gmt":"2019-08-08T08:14:17","guid":{"rendered":"https:\/\/emlaktuel.com\/?p=29090"},"modified":"2019-08-08T11:14:17","modified_gmt":"2019-08-08T08:14:17","slug":"fuzulev-calisanlari-icin-akademi-kurdu","status":"publish","type":"post","link":"https:\/\/emlaktuel.com\/?p=29090","title":{"rendered":"FuzulEv, \u00e7al\u0131\u015fanlar\u0131 i\u00e7in akademi kurdu!"},"content":{"rendered":"<h3>Kuruldu\u011fu g\u00fcnden bu yana sekt\u00f6rde \u00f6nc\u00fc \u00e7al\u0131\u015fmalar\u0131yla ad\u0131ndan s\u0131kl\u0131kla s\u00f6z ettiren FuzulEv, \u00e7al\u0131\u015fanlar\u0131n\u0131n teknik, davran\u0131\u015fsal ve mesleki geli\u015fimlerine katk\u0131 sa\u011flamak \u00fczere Fuzul Akademi\u2019yi kurdu.<\/h3>\n<p>T\u00fcrkiye\u2019de ev sahibi olmayan kimse kalmas\u0131n mottosuyla \u00e7al\u0131\u015fmalar\u0131n\u0131 s\u00fcrd\u00fcren FuzulEv, m\u00fc\u015fteri memnuniyetini en \u00fcst d\u00fczeye \u00e7\u0131karmak i\u00e7in \u2018\u2019Fuzul Akademi\u2019\u2019yi hayata ge\u00e7irdi. FuzulEv kurdu\u011fu akademide verece\u011fi e\u011fitimle 700 \u00e7al\u0131\u015fan\u0131n\u0131n, m\u00fc\u015fterileri i\u00e7in en \u00fcst seviyede hizmet sunmas\u0131n\u0131 ama\u00e7l\u0131yor.<\/p>\n<p>Zaman ve mekan sorununu\u00a0www.fuzulakademi.com\u00a0web sitesi ile a\u015fan FuzulEv, T\u00fcrkiye\u2019nin d\u00f6rt bir yan\u0131nda bulunan \u00e7al\u0131\u015fanlar\u0131na kolayl\u0131kla eri\u015fim imkan\u0131 sunuyor. FuzulEv \u00e7al\u0131\u015fanlar\u0131n\u0131 elektronik e\u011fitimle bulu\u015fturaca\u011f\u0131 bu platform ile mesleki bilgi ve ki\u015fisel geli\u015fim e\u011fitimleri verecek. Ayn\u0131 zamanda inovasyon fikir platformu sayesinde \u00e7al\u0131\u015fanlar\u0131 fikir ve \u00f6nerileri de\u011ferlendirilip uygulamaya al\u0131nabilecek. Alan\u0131nda uzman akademisyenlerden, markala\u015fm\u0131\u015f e\u011fitmenlerden temin edilecek makaleler de web sitede yer alacak.<\/p>\n<p>FuzulEv olarak temel odaklar\u0131n\u0131n s\u00fcrekli geli\u015fim oldu\u011funu vurgulayan FuzulEv Y\u00f6netim Kurulu Ba\u015fkan\u0131 Ey\u00fcp Akbal,\u2019\u2019 E\u011fitimin ve geli\u015fimin olmad\u0131\u011f\u0131 bir yerde yapt\u0131\u011f\u0131n\u0131z i\u015flerde kal\u0131c\u0131 olman\u0131z m\u00fcmk\u00fcn de\u011fil. FuzulEv olarak kuruldu\u011fumuz g\u00fcnden bu yana kendimizi yenileyece\u011fimiz ve geli\u015ftirece\u011fimiz i\u015flere imzam\u0131z\u0131 att\u0131k. M\u00fc\u015fterilerimizden ald\u0131\u011f\u0131m\u0131z olumlu geri d\u00f6n\u00fc\u015fler ba\u015far\u0131m\u0131z\u0131n ispat\u0131d\u0131r. Yeni hayata ge\u00e7irdi\u011fimiz Fuzul Akademi ile \u00e7al\u0131\u015fanlar\u0131m\u0131z\u0131n kendilerini bir \u00fcst d\u00fczeye ta\u015f\u0131mas\u0131 i\u00e7in hem mesleki e\u011fitim hem de geli\u015fim e\u011fitimleri almas\u0131n\u0131 sa\u011flayaca\u011f\u0131z. \u00d6n\u00fcm\u00fczdeki d\u00f6nemde T\u00fcrkiye\u2019nin d\u00f6rt bir yan\u0131nda s\u00fcrekli b\u00fcy\u00fcyen \u015fube a\u011f\u0131m\u0131zda \u00e7al\u0131\u015facak nitelikli elemanlar\u0131m\u0131zla m\u00fc\u015fterilerimize en iyi hizmeti vermeye devam edece\u011fiz\u2019\u2019 dedi.<\/p>\n<p>E\u011fitimlerin \u00e7al\u0131\u015fanlar \u00fczerinde hem motivasyon kayna\u011f\u0131 olmas\u0131 hem de ekip ruhuna katk\u0131 sa\u011flamas\u0131n\u0131 hedeflediklerini ifade eden Fuzul Akademi E\u011fitim Y\u00f6neticisi Fatih Mehmet \u00dcnl\u00fc: \u2018\u2019 Dinamik yap\u0131m\u0131z ve yarat\u0131c\u0131 ekibimizle birlikte \u015firketimizi en iyi noktaya ta\u015f\u0131mak i\u00e7in \u00e7al\u0131\u015faca\u011f\u0131z. \u00d6n\u00fcm\u00fczdeki d\u00f6nemin FuzulEv i\u00e7in e\u011fitimde ve geli\u015fimde bir s\u0131\u00e7rama d\u00f6nemi olaca\u011f\u0131na inan\u0131yorum. Bu motivasyonla tempomuzu daha da y\u00fckselterek \u00e7al\u0131\u015fmalar\u0131m\u0131z\u0131 s\u00fcrd\u00fcrece\u011fiz.\u2019\u2019 dedi.<\/p>\n","protected":false},"excerpt":{"rendered":"<p>Kuruldu\u011fu g\u00fcnden bu yana sekt\u00f6rde \u00f6nc\u00fc \u00e7al\u0131\u015fmalar\u0131yla ad\u0131ndan s\u0131kl\u0131kla s\u00f6z ettiren FuzulEv, \u00e7al\u0131\u015fanlar\u0131n\u0131n teknik, davran\u0131\u015fsal ve mesleki geli\u015fimlerine katk\u0131 sa\u011flamak \u00fczere Fuzul Akademi\u2019yi kurdu. T\u00fcrkiye\u2019de ev sahibi olmayan kimse kalmas\u0131n mottosuyla \u00e7al\u0131\u015fmalar\u0131n\u0131 s\u00fcrd\u00fcren FuzulEv, m\u00fc\u015fteri memnuniyetini en \u00fcst d\u00fczeye \u00e7\u0131karmak i\u00e7in \u2018\u2019Fuzul Akademi\u2019\u2019yi hayata ge\u00e7irdi. FuzulEv kurdu\u011fu akademide verece\u011fi e\u011fitimle 700 \u00e7al\u0131\u015fan\u0131n\u0131n, m\u00fc\u015fterileri i\u00e7in en [&hellip;]<\/p>\n","protected":false},"author":1,"featured_media":29091,"comment_status":"open","ping_status":"open","sticky":false,"template":"","format":"standard","meta":{"ngg_post_thumbnail":0},"categories":[5388],"tags":[13666,13680,13679,13476],"_links":{"self":[{"href":"https:\/\/emlaktuel.com\/index.php?rest_route=\/wp\/v2\/posts\/29090"}],"collection":[{"href":"https:\/\/emlaktuel.com\/index.php?rest_route=\/wp\/v2\/posts"}],"about":[{"href":"https:\/\/emlaktuel.com\/index.php?rest_route=\/wp\/v2\/types\/post"}],"author":[{"embeddable":true,"href":"https:\/\/emlaktuel.com\/index.php?rest_route=\/wp\/v2\/users\/1"}],"replies":[{"embeddable":true,"href":"https:\/\/emlaktuel.com\/index.php?rest_route=%2Fwp%2Fv2%2Fcomments&post=29090"}],"version-history":[{"count":1,"href":"https:\/\/emlaktuel.com\/index.php?rest_route=\/wp\/v2\/posts\/29090\/revisions"}],"predecessor-version":[{"id":29092,"href":"https:\/\/emlaktuel.com\/index.php?rest_route=\/wp\/v2\/posts\/29090\/revisions\/29092"}],"wp:featuredmedia":[{"embeddable":true,"href":"https:\/\/emlaktuel.com\/index.php?rest_route=\/wp\/v2\/media\/29091"}],"wp:attachment":[{"href":"https:\/\/emlaktuel.com\/index.php?rest_route=%2Fwp%2Fv2%2Fmedia&parent=29090"}],"wp:term":[{"taxonomy":"category","embeddable":true,"href":"https:\/\/emlaktuel.com\/index.php?rest_route=%2Fwp%2Fv2%2Fcategories&post=29090"},{"taxonomy":"post_tag","embeddable":true,"href":"https:\/\/emlaktuel.com\/index.php?rest_route=%2Fwp%2Fv2%2Ftags&post=29090"}],"curies":[{"name":"wp","href":"https:\/\/api.w.org\/{rel}","templated":true}]}}